{"id":488,"date":"2019-09-23T11:29:29","date_gmt":"2019-09-23T11:29:29","guid":{"rendered":"http:\/\/www.ull.es\/centros\/jardin-botanico-wildpret\/?p=488"},"modified":"2020-06-18T10:30:00","modified_gmt":"2020-06-18T10:30:00","slug":"bromelia","status":"publish","type":"post","link":"https:\/\/www.ull.es\/centros\/jardin-campus-salud\/2019\/09\/23\/bromelia\/","title":{"rendered":"Bromelia"},"content":{"rendered":"<p>[vc_row el_id=\u00bbficha\u00bb][vc_column width=\u00bb1\/2&#8243;][vc_column_text css=\u00bb.vc_custom_1592476198820{padding-top: 5% !important;}\u00bb]<\/p>\n<table>\n<tbody>\n<tr>\n<td style=\"border-top: none !important\">\n<h4>FAMILIA<\/h4>\n<\/td>\n<td style=\"padding-top: 27px;border-top: none !important\"><b>Bromeliaceae<\/b><\/td>\n<\/tr>\n<tr>\n<td>\n<h4>G\u00c9NERO<\/h4>\n<\/td>\n<td style=\"padding-top: 27px\"><b><i>Aechmea<\/i><\/b><\/td>\n<\/tr>\n<tr>\n<td>\n<h4>ESPECIE<\/h4>\n<\/td>\n<td style=\"padding-top: 27px\"><b><i>blanchetiana<\/i><\/b><\/td>\n<\/tr>\n<tr>\n<td>\n<h4>AUTOR<\/h4>\n<\/td>\n<td style=\"padding-top: 27px\"><b>(Baker) L.B. Sm.<\/b><\/td>\n<\/tr>\n<tr>\n<td>\n<h4>ORIGEN<\/h4>\n<\/td>\n<td style=\"padding-top: 27px\"><b>Brasil<\/b><\/td>\n<\/tr>\n<tr>\n<td>\n<h4>ALTITUD<\/h4>\n<\/td>\n<td style=\"padding-top: 27px\"><b>328 metros<\/b><\/td>\n<\/tr>\n<tr>\n<td>\n<h4>ZONA<\/h4>\n<\/td>\n<td style=\"padding-top: 27px\"><b>Jard\u00edn Dr. Ram\u00f3n y Cajal <\/b><\/td>\n<\/tr>\n<\/tbody>\n<\/table>\n<p>[\/vc_column_text][\/vc_column][vc_column width=\u00bb1\/2&#8243;][vc_single_image image=\u00bb400&#8243; img_size=\u00bb400&#215;300&#8243; alignment=\u00bbcenter\u00bb style=\u00bbvc_box_border\u00bb onclick=\u00bblink_image\u00bb][vc_single_image image=\u00bb401&#8243; img_size=\u00bb400&#215;300&#8243; alignment=\u00bbcenter\u00bb style=\u00bbvc_box_border\u00bb onclick=\u00bblink_image\u00bb][\/vc_column][\/vc_row][vc_row][vc_column][vc_empty_space height=\u00bb12px\u00bb][\/vc_column][\/vc_row][vc_row][vc_column][vc_gmaps link=\u00bb#E-8_JTNDaWZyYW1lJTIwd2lkdGglM0QlMjI0MjUlMjIlMjBoZWlnaHQlM0QlMjIzNTAlMjIlMjBmcmFtZWJvcmRlciUzRCUyMjAlMjIlMjBzY3JvbGxpbmclM0QlMjJubyUyMiUyMG1hcmdpbmhlaWdodCUzRCUyMjAlMjIlMjBtYXJnaW53aWR0aCUzRCUyMjAlMjIlMjBzcmMlM0QlMjJodHRwcyUzQSUyRiUyRnd3dy5vcGVuc3RyZWV0bWFwLm9yZyUyRmV4cG9ydCUyRmVtYmVkLmh0bWwlM0ZiYm94JTNELTE2LjI5MzQ4MzY3NDUyNjIxOCUyNTJDMjguNDU0ODQ3MzM0Nzg4MTglMjUyQy0xNi4yODkwMDcwNjc2ODAzNjIlMjUyQzI4LjQ1NzE4ODk4MDY0NTQ3NiUyNmFtcCUzQmxheWVyJTNEbWFwbmlrJTI2YW1wJTNCbWFya2VyJTNEMjguNDU2MDE5MzQzMjc2NiUyNTJDLTE2LjI5MTI0NDAyOTk5ODc4JTIyJTIwc3R5bGUlM0QlMjJib3JkZXIlM0ElMjAxcHglMjBzb2xpZCUyMGJsYWNrJTIyJTNFJTNDJTJGaWZyYW1lJTNFJTNDYnIlMkYlM0UlM0NzbWFsbCUzRSUzQ2ElMjBocmVmJTNEJTIyaHR0cHMlM0ElMkYlMkZ3d3cub3BlbnN0cmVldG1hcC5vcmclMkYlM0ZtbGF0JTNEMjguNDU2MDIlMjZhbXAlM0JtbG9uJTNELTE2LjI5MTI0JTIzbWFwJTNEMTklMkYyOC40NTYwMiUyRi0xNi4yOTEyNSUyMiUzRVZlciUyMG1hcGElMjBtJUMzJUExcyUyMGdyYW5kZSUzQyUyRmElM0UlM0MlMkZzbWFsbCUzRQ==\u00bb][\/vc_column][\/vc_row]<\/p>\n","protected":false},"excerpt":{"rendered":"<p>[vc_row el_id=\u00bbficha\u00bb][vc_column width=\u00bb1\/2&#8243;][vc_column_text css=\u00bb.vc_custom_1592476198820{padding-top: 5% !important;}\u00bb] FAMILIA Bromeliaceae G\u00c9NERO Aechmea ESPECIE blanchetiana AUTOR (Baker) L.B. Sm. ORIGEN Brasil ALTITUD 328 metros ZONA Jard\u00edn Dr. Ram\u00f3n y Cajal [\/vc_column_text][\/vc_column][vc_column width=\u00bb1\/2&#8243;][vc_single_image image=\u00bb400&#8243; img_size=\u00bb400&#215;300&#8243; alignment=\u00bbcenter\u00bb style=\u00bbvc_box_border\u00bb onclick=\u00bblink_image\u00bb][vc_single_image image=\u00bb401&#8243; img_size=\u00bb400&#215;300&#8243; alignment=\u00bbcenter\u00bb style=\u00bbvc_box_border\u00bb onclick=\u00bblink_image\u00bb][\/vc_column][\/vc_row][vc_row][vc_column][vc_empty_space height=\u00bb12px\u00bb][\/vc_column][\/vc_row][vc_row][vc_column][vc_gmaps link=\u00bb#E-8_JTNDaWZyYW1lJTIwd2lkdGglM0QlMjI0MjUlMjIlMjBoZWlnaHQlM0QlMjIzNTAlMjIlMjBmcmFtZWJvcmRlciUzRCUyMjAlMjIlMjBzY3JvbGxpbmclM0QlMjJubyUyMiUyMG1hcmdpbmhlaWdodCUzRCUyMjAlMjIlMjBtYXJnaW53aWR0aCUzRCUyMjAlMjIlMjBzcmMlM0QlMjJodHRwcyUzQSUyRiUyRnd3dy5vcGVuc3RyZWV0bWFwLm9yZyUyRmV4cG9ydCUyRmVtYmVkLmh0bWwlM0ZiYm94JTNELTE2LjI5MzQ4MzY3NDUyNjIxOCUyNTJDMjguNDU0ODQ3MzM0Nzg4MTglMjUyQy0xNi4yODkwMDcwNjc2ODAzNjIlMjUyQzI4LjQ1NzE4ODk4MDY0NTQ3NiUyNmFtcCUzQmxheWVyJTNEbWFwbmlrJTI2YW1wJTNCbWFya2VyJTNEMjguNDU2MDE5MzQzMjc2NiUyNTJDLTE2LjI5MTI0NDAyOTk5ODc4JTIyJTIwc3R5bGUlM0QlMjJib3JkZXIlM0ElMjAxcHglMjBzb2xpZCUyMGJsYWNrJTIyJTNFJTNDJTJGaWZyYW1lJTNFJTNDYnIlMkYlM0UlM0NzbWFsbCUzRSUzQ2ElMjBocmVmJTNEJTIyaHR0cHMlM0ElMkYlMkZ3d3cub3BlbnN0cmVldG1hcC5vcmclMkYlM0ZtbGF0JTNEMjguNDU2MDIlMjZhbXAlM0JtbG9uJTNELTE2LjI5MTI0JTIzbWFwJTNEMTklMkYyOC40NTYwMiUyRi0xNi4yOTEyNSUyMiUzRVZlciUyMG1hcGElMjBtJUMzJUExcyUyMGdyYW5kZSUzQyUyRmElM0UlM0MlMkZzbWFsbCUzRQ==\u00bb][\/vc_column][\/vc_row]<\/p>\n","protected":false},"author":37,"featured_media":400,"comment_status":"closed","ping_status":"closed","sticky":false,"template":"","format":"standard","meta":[],"categories":[30,31,89],"tags":[],"acf":[],"_links":{"self":[{"href":"https:\/\/www.ull.es\/centros\/jardin-campus-salud\/wp-json\/wp\/v2\/posts\/488"}],"collection":[{"href":"https:\/\/www.ull.es\/centros\/jardin-campus-salud\/wp-json\/wp\/v2\/posts"}],"about":[{"href":"https:\/\/www.ull.es\/centros\/jardin-campus-salud\/wp-json\/wp\/v2\/types\/post"}],"author":[{"embeddable":true,"href":"https:\/\/www.ull.es\/centros\/jardin-campus-salud\/wp-json\/wp\/v2\/users\/37"}],"replies":[{"embeddable":true,"href":"https:\/\/www.ull.es\/centros\/jardin-campus-salud\/wp-json\/wp\/v2\/comments?post=488"}],"version-history":[{"count":23,"href":"https:\/\/www.ull.es\/centros\/jardin-campus-salud\/wp-json\/wp\/v2\/posts\/488\/revisions"}],"predecessor-version":[{"id":964,"href":"https:\/\/www.ull.es\/centros\/jardin-campus-salud\/wp-json\/wp\/v2\/posts\/488\/revisions\/964"}],"wp:featuredmedia":[{"embeddable":true,"href":"https:\/\/www.ull.es\/centros\/jardin-campus-salud\/wp-json\/wp\/v2\/media\/400"}],"wp:attachment":[{"href":"https:\/\/www.ull.es\/centros\/jardin-campus-salud\/wp-json\/wp\/v2\/media?parent=488"}],"wp:term":[{"taxonomy":"category","embeddable":true,"href":"https:\/\/www.ull.es\/centros\/jardin-campus-salud\/wp-json\/wp\/v2\/categories?post=488"},{"taxonomy":"post_tag","embeddable":true,"href":"https:\/\/www.ull.es\/centros\/jardin-campus-salud\/wp-json\/wp\/v2\/tags?post=488"}],"curies":[{"name":"wp","href":"https:\/\/api.w.org\/{rel}","templated":true}]}}