{"id":523,"date":"2019-09-23T12:27:15","date_gmt":"2019-09-23T12:27:15","guid":{"rendered":"http:\/\/www.ull.es\/centros\/jardin-botanico-wildpret\/?p=523"},"modified":"2020-06-18T10:24:57","modified_gmt":"2020-06-18T10:24:57","slug":"palma-cabbage-planta-de-la-buena-suerte-planta-ti","status":"publish","type":"post","link":"https:\/\/www.ull.es\/centros\/jardin-campus-salud\/2019\/09\/23\/palma-cabbage-planta-de-la-buena-suerte-planta-ti\/","title":{"rendered":"Palma cabbage, Planta de la buena suerte, Planta Ti"},"content":{"rendered":"<p>[vc_row el_id=\u00bbficha\u00bb][vc_column width=\u00bb1\/2&#8243;][vc_column_text css=\u00bb.vc_custom_1592475896069{padding-top: 5% !important;}\u00bb]<\/p>\n<table>\n<tbody>\n<tr>\n<td style=\"border-top: none !important\">\n<h4>FAMILIA<\/h4>\n<\/td>\n<td style=\"padding-top: 27px;border-top: none !important\"><b>Asparagaceae<\/b><\/td>\n<\/tr>\n<tr>\n<td>\n<h4>G\u00c9NERO<\/h4>\n<\/td>\n<td style=\"padding-top: 27px\"><b><i>Cordyline<\/i><\/b><\/td>\n<\/tr>\n<tr>\n<td>\n<h4>ESPECIE<\/h4>\n<\/td>\n<td style=\"padding-top: 27px\"><b><i>fruticosa<\/i><\/b><\/td>\n<\/tr>\n<tr>\n<td>\n<h4>SUBESPECIE<\/h4>\n<\/td>\n<td style=\"padding-top: 27px\"><b><i>rubra<\/i><\/b><\/td>\n<\/tr>\n<tr>\n<td>\n<h4>AUTOR<\/h4>\n<\/td>\n<td style=\"padding-top: 27px\"><strong>(L.) A.Chev.<\/strong><\/td>\n<\/tr>\n<tr>\n<td>\n<h4>ORIGEN<\/h4>\n<\/td>\n<td style=\"padding-top: 27px\"><b>Asia tropical,<br \/>\nPap\u00faa Nueva Guinea<\/b><\/td>\n<\/tr>\n<tr>\n<td>\n<h4>ALTITUD<\/h4>\n<\/td>\n<td style=\"padding-top: 27px\"><b>328 metros<\/b><\/td>\n<\/tr>\n<tr>\n<td>\n<h4>ZONA<\/h4>\n<\/td>\n<td style=\"padding-top: 27px\"><b>Jard\u00edn Dr. Ram\u00f3n y Cajal<\/b><\/td>\n<\/tr>\n<\/tbody>\n<\/table>\n<p>[\/vc_column_text][\/vc_column][vc_column width=\u00bb1\/2&#8243;][vc_single_image image=\u00bb412&#8243; img_size=\u00bb500&#215;400&#8243; alignment=\u00bbcenter\u00bb style=\u00bbvc_box_border\u00bb onclick=\u00bblink_image\u00bb][vc_single_image image=\u00bb413&#8243; img_size=\u00bb500&#215;400&#8243; alignment=\u00bbcenter\u00bb style=\u00bbvc_box_border\u00bb onclick=\u00bblink_image\u00bb][\/vc_column][\/vc_row][vc_row][vc_column][vc_empty_space height=\u00bb12px\u00bb][\/vc_column][\/vc_row][vc_row][vc_column][vc_gmaps link=\u00bb#E-8_JTNDaWZyYW1lJTIwd2lkdGglM0QlMjI0MjUlMjIlMjBoZWlnaHQlM0QlMjIzNTAlMjIlMjBmcmFtZWJvcmRlciUzRCUyMjAlMjIlMjBzY3JvbGxpbmclM0QlMjJubyUyMiUyMG1hcmdpbmhlaWdodCUzRCUyMjAlMjIlMjBtYXJnaW53aWR0aCUzRCUyMjAlMjIlMjBzcmMlM0QlMjJodHRwcyUzQSUyRiUyRnd3dy5vcGVuc3RyZWV0bWFwLm9yZyUyRmV4cG9ydCUyRmVtYmVkLmh0bWwlM0ZiYm94JTNELTE2LjI5MzQxMTI1NDg4MjgxNiUyNTJDMjguNDU0ODI4NDY5MzU0MTQlMjUyQy0xNi4yODg5MzQ2NDgwMzY5NiUyNTJDMjguNDU3MTcwMTE1NjI5Mjg1JTI2YW1wJTNCbGF5ZXIlM0RtYXBuaWslMjZhbXAlM0JtYXJrZXIlM0QyOC40NTU5OTgxMTk4OTgzNzUlMjUyQy0xNi4yOTExNzQyOTI1NjQzOTIlMjIlMjBzdHlsZSUzRCUyMmJvcmRlciUzQSUyMDFweCUyMHNvbGlkJTIwYmxhY2slMjIlM0UlM0MlMkZpZnJhbWUlM0UlM0NiciUyRiUzRSUzQ3NtYWxsJTNFJTNDYSUyMGhyZWYlM0QlMjJodHRwcyUzQSUyRiUyRnd3dy5vcGVuc3RyZWV0bWFwLm9yZyUyRiUzRm1sYXQlM0QyOC40NTYwMCUyNmFtcCUzQm1sb24lM0QtMTYuMjkxMTclMjNtYXAlM0QxOSUyRjI4LjQ1NjAwJTJGLTE2LjI5MTE3JTIyJTNFVmVyJTIwbWFwYSUyMG0lQzMlQTFzJTIwZ3JhbmRlJTNDJTJGYSUzRSUzQyUyRnNtYWxsJTNF\u00bb][\/vc_column][\/vc_row]<\/p>\n","protected":false},"excerpt":{"rendered":"<p>[vc_row el_id=\u00bbficha\u00bb][vc_column width=\u00bb1\/2&#8243;][vc_column_text css=\u00bb.vc_custom_1592475896069{padding-top: 5% !important;}\u00bb] FAMILIA Asparagaceae G\u00c9NERO Cordyline ESPECIE fruticosa SUBESPECIE rubra AUTOR (L.) A.Chev. ORIGEN Asia tropical, Pap\u00faa Nueva Guinea ALTITUD 328 metros ZONA Jard\u00edn Dr. Ram\u00f3n y Cajal [\/vc_column_text][\/vc_column][vc_column width=\u00bb1\/2&#8243;][vc_single_image image=\u00bb412&#8243; img_size=\u00bb500&#215;400&#8243; alignment=\u00bbcenter\u00bb style=\u00bbvc_box_border\u00bb onclick=\u00bblink_image\u00bb][vc_single_image image=\u00bb413&#8243; img_size=\u00bb500&#215;400&#8243; alignment=\u00bbcenter\u00bb style=\u00bbvc_box_border\u00bb onclick=\u00bblink_image\u00bb][\/vc_column][\/vc_row][vc_row][vc_column][vc_empty_space height=\u00bb12px\u00bb][\/vc_column][\/vc_row][vc_row][vc_column][vc_gmaps link=\u00bb#E-8_JTNDaWZyYW1lJTIwd2lkdGglM0QlMjI0MjUlMjIlMjBoZWlnaHQlM0QlMjIzNTAlMjIlMjBmcmFtZWJvcmRlciUzRCUyMjAlMjIlMjBzY3JvbGxpbmclM0QlMjJubyUyMiUyMG1hcmdpbmhlaWdodCUzRCUyMjAlMjIlMjBtYXJnaW53aWR0aCUzRCUyMjAlMjIlMjBzcmMlM0QlMjJodHRwcyUzQSUyRiUyRnd3dy5vcGVuc3RyZWV0bWFwLm9yZyUyRmV4cG9ydCUyRmVtYmVkLmh0bWwlM0ZiYm94JTNELTE2LjI5MzQxMTI1NDg4MjgxNiUyNTJDMjguNDU0ODI4NDY5MzU0MTQlMjUyQy0xNi4yODg5MzQ2NDgwMzY5NiUyNTJDMjguNDU3MTcwMTE1NjI5Mjg1JTI2YW1wJTNCbGF5ZXIlM0RtYXBuaWslMjZhbXAlM0JtYXJrZXIlM0QyOC40NTU5OTgxMTk4OTgzNzUlMjUyQy0xNi4yOTExNzQyOTI1NjQzOTIlMjIlMjBzdHlsZSUzRCUyMmJvcmRlciUzQSUyMDFweCUyMHNvbGlkJTIwYmxhY2slMjIlM0UlM0MlMkZpZnJhbWUlM0UlM0NiciUyRiUzRSUzQ3NtYWxsJTNFJTNDYSUyMGhyZWYlM0QlMjJodHRwcyUzQSUyRiUyRnd3dy5vcGVuc3RyZWV0bWFwLm9yZyUyRiUzRm1sYXQlM0QyOC40NTYwMCUyNmFtcCUzQm1sb24lM0QtMTYuMjkxMTclMjNtYXAlM0QxOSUyRjI4LjQ1NjAwJTJGLTE2LjI5MTE3JTIyJTNFVmVyJTIwbWFwYSUyMG0lQzMlQTFzJTIwZ3JhbmRlJTNDJTJGYSUzRSUzQyUyRnNtYWxsJTNF\u00bb][\/vc_column][\/vc_row]<\/p>\n","protected":false},"author":37,"featured_media":412,"comment_status":"closed","ping_status":"closed","sticky":false,"template":"","format":"standard","meta":[],"categories":[42,43,89,44],"tags":[],"acf":[],"_links":{"self":[{"href":"https:\/\/www.ull.es\/centros\/jardin-campus-salud\/wp-json\/wp\/v2\/posts\/523"}],"collection":[{"href":"https:\/\/www.ull.es\/centros\/jardin-campus-salud\/wp-json\/wp\/v2\/posts"}],"about":[{"href":"https:\/\/www.ull.es\/centros\/jardin-campus-salud\/wp-json\/wp\/v2\/types\/post"}],"author":[{"embeddable":true,"href":"https:\/\/www.ull.es\/centros\/jardin-campus-salud\/wp-json\/wp\/v2\/users\/37"}],"replies":[{"embeddable":true,"href":"https:\/\/www.ull.es\/centros\/jardin-campus-salud\/wp-json\/wp\/v2\/comments?post=523"}],"version-history":[{"count":15,"href":"https:\/\/www.ull.es\/centros\/jardin-campus-salud\/wp-json\/wp\/v2\/posts\/523\/revisions"}],"predecessor-version":[{"id":959,"href":"https:\/\/www.ull.es\/centros\/jardin-campus-salud\/wp-json\/wp\/v2\/posts\/523\/revisions\/959"}],"wp:featuredmedia":[{"embeddable":true,"href":"https:\/\/www.ull.es\/centros\/jardin-campus-salud\/wp-json\/wp\/v2\/media\/412"}],"wp:attachment":[{"href":"https:\/\/www.ull.es\/centros\/jardin-campus-salud\/wp-json\/wp\/v2\/media?parent=523"}],"wp:term":[{"taxonomy":"category","embeddable":true,"href":"https:\/\/www.ull.es\/centros\/jardin-campus-salud\/wp-json\/wp\/v2\/categories?post=523"},{"taxonomy":"post_tag","embeddable":true,"href":"https:\/\/www.ull.es\/centros\/jardin-campus-salud\/wp-json\/wp\/v2\/tags?post=523"}],"curies":[{"name":"wp","href":"https:\/\/api.w.org\/{rel}","templated":true}]}}