{"id":547,"date":"2019-09-23T13:52:49","date_gmt":"2019-09-23T13:52:49","guid":{"rendered":"http:\/\/www.ull.es\/centros\/jardin-botanico-wildpret\/?p=547"},"modified":"2020-06-18T10:38:04","modified_gmt":"2020-06-18T10:38:04","slug":"palma-de-frutos-de-oro-palma-areca","status":"publish","type":"post","link":"https:\/\/www.ull.es\/centros\/jardin-campus-salud\/2019\/09\/23\/palma-de-frutos-de-oro-palma-areca\/","title":{"rendered":"Palma de frutos de oro, Palma areca"},"content":{"rendered":"<p>[vc_row el_id=\u00bbficha\u00bb][vc_column width=\u00bb1\/2&#8243;][vc_column_text css=\u00bb.vc_custom_1592476683310{padding-top: 5% !important;}\u00bb]<\/p>\n<table>\n<tbody>\n<tr>\n<td style=\"border-top: none !important\">\n<h4>FAMILIA<\/h4>\n<\/td>\n<td style=\"padding-top: 27px;border-top: none !important\"><b>Arecaceae<\/b><\/td>\n<\/tr>\n<tr>\n<td>\n<h4>G\u00c9NERO<\/h4>\n<\/td>\n<td style=\"padding-top: 27px\"><b><i>Dypsis<\/i><\/b><\/td>\n<\/tr>\n<tr>\n<td>\n<h4>ESPECIE<\/h4>\n<\/td>\n<td style=\"padding-top: 27px\"><b><i>lutescens<\/i><\/b><\/td>\n<\/tr>\n<tr>\n<td>\n<h4>AUTOR<\/h4>\n<\/td>\n<td style=\"padding-top: 27px\"><b>(H. Wendl.) Beentje &amp; J. Dransf.<\/b><\/td>\n<\/tr>\n<tr>\n<td>\n<h4>ORIGEN<\/h4>\n<\/td>\n<td style=\"padding-top: 27px\"><b>Madagascar<\/b><\/td>\n<\/tr>\n<tr>\n<td>\n<h4>ALTITUD<\/h4>\n<\/td>\n<td style=\"padding-top: 27px\"><b>328 metros<\/b><\/td>\n<\/tr>\n<tr>\n<td>\n<h4>ZONA<\/h4>\n<\/td>\n<td style=\"padding-top: 27px\"><b>Jard\u00edn Dr. Ram\u00f3n y Cajal<\/b><\/td>\n<\/tr>\n<\/tbody>\n<\/table>\n<p>[\/vc_column_text][\/vc_column][vc_column width=\u00bb1\/2&#8243;][vc_single_image image=\u00bb416&#8243; img_size=\u00bb500X350&#8243; alignment=\u00bbcenter\u00bb style=\u00bbvc_box_border\u00bb onclick=\u00bblink_image\u00bb][vc_single_image image=\u00bb417&#8243; img_size=\u00bb500X350&#8243; alignment=\u00bbcenter\u00bb style=\u00bbvc_box_border\u00bb onclick=\u00bblink_image\u00bb][\/vc_column][\/vc_row][vc_row][vc_column][vc_empty_space height=\u00bb12px\u00bb][\/vc_column][\/vc_row][vc_row][vc_column][vc_gmaps link=\u00bb#E-8_JTNDaWZyYW1lJTIwd2lkdGglM0QlMjI0MjUlMjIlMjBoZWlnaHQlM0QlMjIzNTAlMjIlMjBmcmFtZWJvcmRlciUzRCUyMjAlMjIlMjBzY3JvbGxpbmclM0QlMjJubyUyMiUyMG1hcmdpbmhlaWdodCUzRCUyMjAlMjIlMjBtYXJnaW53aWR0aCUzRCUyMjAlMjIlMjBzcmMlM0QlMjJodHRwcyUzQSUyRiUyRnd3dy5vcGVuc3RyZWV0bWFwLm9yZyUyRmV4cG9ydCUyRmVtYmVkLmh0bWwlM0ZiYm94JTNELTE2LjI5MzQ1MTQ4ODAxODA0JTI1MkMyOC40NTQ4NTY3Njc1MDM5MjclMjUyQy0xNi4yODg5NzQ4ODExNzIxODQlMjUyQzI4LjQ1NzE5ODQxMzE1MjI3MyUyNmFtcCUzQmxheWVyJTNEbWFwbmlrJTI2YW1wJTNCbWFya2VyJTNEMjguNDU2MDI4Nzc1ODg3Nzk1JTI1MkMtMTYuMjkxMjE0NTI1Njk5NjE1JTIyJTIwc3R5bGUlM0QlMjJib3JkZXIlM0ElMjAxcHglMjBzb2xpZCUyMGJsYWNrJTIyJTNFJTNDJTJGaWZyYW1lJTNFJTNDYnIlMkYlM0UlM0NzbWFsbCUzRSUzQ2ElMjBocmVmJTNEJTIyaHR0cHMlM0ElMkYlMkZ3d3cub3BlbnN0cmVldG1hcC5vcmclMkYlM0ZtbGF0JTNEMjguNDU2MDMlMjZhbXAlM0JtbG9uJTNELTE2LjI5MTIxJTIzbWFwJTNEMTklMkYyOC40NTYwMyUyRi0xNi4yOTEyMSUyMiUzRVZlciUyMG1hcGElMjBtJUMzJUExcyUyMGdyYW5kZSUzQyUyRmElM0UlM0MlMkZzbWFsbCUzRQ==\u00bb][\/vc_column][\/vc_row]<\/p>\n","protected":false},"excerpt":{"rendered":"<p>[vc_row el_id=\u00bbficha\u00bb][vc_column width=\u00bb1\/2&#8243;][vc_column_text css=\u00bb.vc_custom_1592476683310{padding-top: 5% !important;}\u00bb] FAMILIA Arecaceae G\u00c9NERO Dypsis ESPECIE lutescens AUTOR (H. Wendl.) Beentje &amp; J. Dransf. ORIGEN Madagascar ALTITUD 328 metros ZONA Jard\u00edn Dr. Ram\u00f3n y Cajal [\/vc_column_text][\/vc_column][vc_column width=\u00bb1\/2&#8243;][vc_single_image image=\u00bb416&#8243; img_size=\u00bb500X350&#8243; alignment=\u00bbcenter\u00bb style=\u00bbvc_box_border\u00bb onclick=\u00bblink_image\u00bb][vc_single_image image=\u00bb417&#8243; img_size=\u00bb500X350&#8243; alignment=\u00bbcenter\u00bb style=\u00bbvc_box_border\u00bb onclick=\u00bblink_image\u00bb][\/vc_column][\/vc_row][vc_row][vc_column][vc_empty_space height=\u00bb12px\u00bb][\/vc_column][\/vc_row][vc_row][vc_column][vc_gmaps link=\u00bb#E-8_JTNDaWZyYW1lJTIwd2lkdGglM0QlMjI0MjUlMjIlMjBoZWlnaHQlM0QlMjIzNTAlMjIlMjBmcmFtZWJvcmRlciUzRCUyMjAlMjIlMjBzY3JvbGxpbmclM0QlMjJubyUyMiUyMG1hcmdpbmhlaWdodCUzRCUyMjAlMjIlMjBtYXJnaW53aWR0aCUzRCUyMjAlMjIlMjBzcmMlM0QlMjJodHRwcyUzQSUyRiUyRnd3dy5vcGVuc3RyZWV0bWFwLm9yZyUyRmV4cG9ydCUyRmVtYmVkLmh0bWwlM0ZiYm94JTNELTE2LjI5MzQ1MTQ4ODAxODA0JTI1MkMyOC40NTQ4NTY3Njc1MDM5MjclMjUyQy0xNi4yODg5NzQ4ODExNzIxODQlMjUyQzI4LjQ1NzE5ODQxMzE1MjI3MyUyNmFtcCUzQmxheWVyJTNEbWFwbmlrJTI2YW1wJTNCbWFya2VyJTNEMjguNDU2MDI4Nzc1ODg3Nzk1JTI1MkMtMTYuMjkxMjE0NTI1Njk5NjE1JTIyJTIwc3R5bGUlM0QlMjJib3JkZXIlM0ElMjAxcHglMjBzb2xpZCUyMGJsYWNrJTIyJTNFJTNDJTJGaWZyYW1lJTNFJTNDYnIlMkYlM0UlM0NzbWFsbCUzRSUzQ2ElMjBocmVmJTNEJTIyaHR0cHMlM0ElMkYlMkZ3d3cub3BlbnN0cmVldG1hcC5vcmclMkYlM0ZtbGF0JTNEMjguNDU2MDMlMjZhbXAlM0JtbG9uJTNELTE2LjI5MTIxJTIzbWFwJTNEMTklMkYyOC40NTYwMyUyRi0xNi4yOTEyMSUyMiUzRVZlciUyMG1hcGElMjBtJUMzJUExcyUyMGdyYW5kZSUzQyUyRmElM0UlM0MlMkZzbWFsbCUzRQ==\u00bb][\/vc_column][\/vc_row]<\/p>\n","protected":false},"author":37,"featured_media":416,"comment_status":"closed","ping_status":"closed","sticky":false,"template":"","format":"standard","meta":[],"categories":[48,49,91],"tags":[],"acf":[],"_links":{"self":[{"href":"https:\/\/www.ull.es\/centros\/jardin-campus-salud\/wp-json\/wp\/v2\/posts\/547"}],"collection":[{"href":"https:\/\/www.ull.es\/centros\/jardin-campus-salud\/wp-json\/wp\/v2\/posts"}],"about":[{"href":"https:\/\/www.ull.es\/centros\/jardin-campus-salud\/wp-json\/wp\/v2\/types\/post"}],"author":[{"embeddable":true,"href":"https:\/\/www.ull.es\/centros\/jardin-campus-salud\/wp-json\/wp\/v2\/users\/37"}],"replies":[{"embeddable":true,"href":"https:\/\/www.ull.es\/centros\/jardin-campus-salud\/wp-json\/wp\/v2\/comments?post=547"}],"version-history":[{"count":5,"href":"https:\/\/www.ull.es\/centros\/jardin-campus-salud\/wp-json\/wp\/v2\/posts\/547\/revisions"}],"predecessor-version":[{"id":971,"href":"https:\/\/www.ull.es\/centros\/jardin-campus-salud\/wp-json\/wp\/v2\/posts\/547\/revisions\/971"}],"wp:featuredmedia":[{"embeddable":true,"href":"https:\/\/www.ull.es\/centros\/jardin-campus-salud\/wp-json\/wp\/v2\/media\/416"}],"wp:attachment":[{"href":"https:\/\/www.ull.es\/centros\/jardin-campus-salud\/wp-json\/wp\/v2\/media?parent=547"}],"wp:term":[{"taxonomy":"category","embeddable":true,"href":"https:\/\/www.ull.es\/centros\/jardin-campus-salud\/wp-json\/wp\/v2\/categories?post=547"},{"taxonomy":"post_tag","embeddable":true,"href":"https:\/\/www.ull.es\/centros\/jardin-campus-salud\/wp-json\/wp\/v2\/tags?post=547"}],"curies":[{"name":"wp","href":"https:\/\/api.w.org\/{rel}","templated":true}]}}