{"id":553,"date":"2019-09-23T14:05:21","date_gmt":"2019-09-23T14:05:21","guid":{"rendered":"http:\/\/www.ull.es\/centros\/jardin-botanico-wildpret\/?p=553"},"modified":"2020-06-18T10:51:26","modified_gmt":"2020-06-18T10:51:26","slug":"mar-funebre","status":"publish","type":"post","link":"https:\/\/www.ull.es\/centros\/jardin-campus-salud\/2019\/09\/23\/mar-funebre\/","title":{"rendered":"Mar f\u00fanebre"},"content":{"rendered":"<p>[vc_row el_id=\u00bbficha\u00bb][vc_column width=\u00bb1\/2&#8243;][vc_column_text css=\u00bb.vc_custom_1592477484981{padding-top: 5% !important;}\u00bb]<\/p>\n<table>\n<tbody>\n<tr>\n<td style=\"border-top: none !important\">\n<h4>FAMILIA<\/h4>\n<\/td>\n<td style=\"padding-top: 27px;border-top: none !important\"><b>Hernandiaceae<\/b><\/td>\n<\/tr>\n<tr>\n<td>\n<h4>G\u00c9NERO<\/h4>\n<\/td>\n<td style=\"padding-top: 27px\"><b><i>Hernandia<\/i><\/b><\/td>\n<\/tr>\n<tr>\n<td>\n<h4>ESPECIE<\/h4>\n<\/td>\n<td style=\"padding-top: 27px\"><b><i>nimphaeifolia<\/i><\/b><\/td>\n<\/tr>\n<tr>\n<td>\n<h4>AUTOR<\/h4>\n<\/td>\n<td style=\"padding-top: 27px\"><b>(Presl.) Kubitzki<\/b><\/td>\n<\/tr>\n<tr>\n<td>\n<h4>ORIGEN<\/h4>\n<\/td>\n<td style=\"padding-top: 27px\"><b>Australia e Islas del Pac\u00edfico<\/b><\/td>\n<\/tr>\n<tr>\n<td>\n<h4>ALTITUD<\/h4>\n<\/td>\n<td style=\"padding-top: 27px\"><b>339 metros<\/b><\/td>\n<\/tr>\n<tr>\n<td>\n<h4>ZONA<\/h4>\n<\/td>\n<td style=\"padding-top: 27px\"><b>Jard\u00edn Dr. Ram\u00f3n y Cajal<\/b><\/td>\n<\/tr>\n<\/tbody>\n<\/table>\n<p>[\/vc_column_text][\/vc_column][vc_column width=\u00bb1\/2&#8243;][vc_single_image image=\u00bb420&#8243; img_size=\u00bb500&#215;350&#8243; alignment=\u00bbcenter\u00bb style=\u00bbvc_box_border\u00bb onclick=\u00bblink_image\u00bb][vc_single_image image=\u00bb421&#8243; img_size=\u00bb500&#215;350&#8243; alignment=\u00bbcenter\u00bb style=\u00bbvc_box_border\u00bb onclick=\u00bblink_image\u00bb][\/vc_column][\/vc_row][vc_row][vc_column][vc_empty_space height=\u00bb12px\u00bb][\/vc_column][\/vc_row][vc_row][vc_column][vc_gmaps link=\u00bb#E-8_JTNDaWZyYW1lJTIwd2lkdGglM0QlMjI0MjUlMjIlMjBoZWlnaHQlM0QlMjIzNTAlMjIlMjBmcmFtZWJvcmRlciUzRCUyMjAlMjIlMjBzY3JvbGxpbmclM0QlMjJubyUyMiUyMG1hcmdpbmhlaWdodCUzRCUyMjAlMjIlMjBtYXJnaW53aWR0aCUzRCUyMjAlMjIlMjBzcmMlM0QlMjJodHRwcyUzQSUyRiUyRnd3dy5vcGVuc3RyZWV0bWFwLm9yZyUyRmV4cG9ydCUyRmVtYmVkLmh0bWwlM0ZiYm94JTNELTE2LjI5MzM4OTc5NzIxMDY5NyUyNTJDMjguNDU0ODE0MzIwMjc2Mzk4JTI1MkMtMTYuMjg4OTEzMTkwMzY0ODQlMjUyQzI4LjQ1NzE1NTk2Njg2NDk0MiUyNmFtcCUzQmxheWVyJTNEbWFwbmlrJTI2YW1wJTNCbWFya2VyJTNEMjguNDU1OTgzOTcwOTc3MTclMjUyQy0xNi4yOTExNTI4MzQ4OTIyNzMlMjIlMjBzdHlsZSUzRCUyMmJvcmRlciUzQSUyMDFweCUyMHNvbGlkJTIwYmxhY2slMjIlM0UlM0MlMkZpZnJhbWUlM0UlM0NiciUyRiUzRSUzQ3NtYWxsJTNFJTNDYSUyMGhyZWYlM0QlMjJodHRwcyUzQSUyRiUyRnd3dy5vcGVuc3RyZWV0bWFwLm9yZyUyRiUzRm1sYXQlM0QyOC40NTU5OCUyNmFtcCUzQm1sb24lM0QtMTYuMjkxMTUlMjNtYXAlM0QxOSUyRjI4LjQ1NTk5JTJGLTE2LjI5MTE1JTIyJTNFVmVyJTIwbWFwYSUyMG0lQzMlQTFzJTIwZ3JhbmRlJTNDJTJGYSUzRSUzQyUyRnNtYWxsJTNF\u00bb][\/vc_column][\/vc_row]<\/p>\n","protected":false},"excerpt":{"rendered":"<p>[vc_row el_id=\u00bbficha\u00bb][vc_column width=\u00bb1\/2&#8243;][vc_column_text css=\u00bb.vc_custom_1592477484981{padding-top: 5% !important;}\u00bb] FAMILIA Hernandiaceae G\u00c9NERO Hernandia ESPECIE nimphaeifolia AUTOR (Presl.) Kubitzki ORIGEN Australia e Islas del Pac\u00edfico ALTITUD 339 metros ZONA Jard\u00edn Dr. Ram\u00f3n y Cajal [\/vc_column_text][\/vc_column][vc_column width=\u00bb1\/2&#8243;][vc_single_image image=\u00bb420&#8243; img_size=\u00bb500&#215;350&#8243; alignment=\u00bbcenter\u00bb style=\u00bbvc_box_border\u00bb onclick=\u00bblink_image\u00bb][vc_single_image image=\u00bb421&#8243; img_size=\u00bb500&#215;350&#8243; alignment=\u00bbcenter\u00bb style=\u00bbvc_box_border\u00bb onclick=\u00bblink_image\u00bb][\/vc_column][\/vc_row][vc_row][vc_column][vc_empty_space height=\u00bb12px\u00bb][\/vc_column][\/vc_row][vc_row][vc_column][vc_gmaps link=\u00bb#E-8_JTNDaWZyYW1lJTIwd2lkdGglM0QlMjI0MjUlMjIlMjBoZWlnaHQlM0QlMjIzNTAlMjIlMjBmcmFtZWJvcmRlciUzRCUyMjAlMjIlMjBzY3JvbGxpbmclM0QlMjJubyUyMiUyMG1hcmdpbmhlaWdodCUzRCUyMjAlMjIlMjBtYXJnaW53aWR0aCUzRCUyMjAlMjIlMjBzcmMlM0QlMjJodHRwcyUzQSUyRiUyRnd3dy5vcGVuc3RyZWV0bWFwLm9yZyUyRmV4cG9ydCUyRmVtYmVkLmh0bWwlM0ZiYm94JTNELTE2LjI5MzM4OTc5NzIxMDY5NyUyNTJDMjguNDU0ODE0MzIwMjc2Mzk4JTI1MkMtMTYuMjg4OTEzMTkwMzY0ODQlMjUyQzI4LjQ1NzE1NTk2Njg2NDk0MiUyNmFtcCUzQmxheWVyJTNEbWFwbmlrJTI2YW1wJTNCbWFya2VyJTNEMjguNDU1OTgzOTcwOTc3MTclMjUyQy0xNi4yOTExNTI4MzQ4OTIyNzMlMjIlMjBzdHlsZSUzRCUyMmJvcmRlciUzQSUyMDFweCUyMHNvbGlkJTIwYmxhY2slMjIlM0UlM0MlMkZpZnJhbWUlM0UlM0NiciUyRiUzRSUzQ3NtYWxsJTNFJTNDYSUyMGhyZWYlM0QlMjJodHRwcyUzQSUyRiUyRnd3dy5vcGVuc3RyZWV0bWFwLm9yZyUyRiUzRm1sYXQlM0QyOC40NTU5OCUyNmFtcCUzQm1sb24lM0QtMTYuMjkxMTUlMjNtYXAlM0QxOSUyRjI4LjQ1NTk5JTJGLTE2LjI5MTE1JTIyJTNFVmVyJTIwbWFwYSUyMG0lQzMlQTFzJTIwZ3JhbmRlJTNDJTJGYSUzRSUzQyUyRnNtYWxsJTNF\u00bb][\/vc_column][\/vc_row]<\/p>\n","protected":false},"author":37,"featured_media":420,"comment_status":"closed","ping_status":"closed","sticky":false,"template":"","format":"standard","meta":[],"categories":[13,53,54],"tags":[],"acf":[],"_links":{"self":[{"href":"https:\/\/www.ull.es\/centros\/jardin-campus-salud\/wp-json\/wp\/v2\/posts\/553"}],"collection":[{"href":"https:\/\/www.ull.es\/centros\/jardin-campus-salud\/wp-json\/wp\/v2\/posts"}],"about":[{"href":"https:\/\/www.ull.es\/centros\/jardin-campus-salud\/wp-json\/wp\/v2\/types\/post"}],"author":[{"embeddable":true,"href":"https:\/\/www.ull.es\/centros\/jardin-campus-salud\/wp-json\/wp\/v2\/users\/37"}],"replies":[{"embeddable":true,"href":"https:\/\/www.ull.es\/centros\/jardin-campus-salud\/wp-json\/wp\/v2\/comments?post=553"}],"version-history":[{"count":7,"href":"https:\/\/www.ull.es\/centros\/jardin-campus-salud\/wp-json\/wp\/v2\/posts\/553\/revisions"}],"predecessor-version":[{"id":986,"href":"https:\/\/www.ull.es\/centros\/jardin-campus-salud\/wp-json\/wp\/v2\/posts\/553\/revisions\/986"}],"wp:featuredmedia":[{"embeddable":true,"href":"https:\/\/www.ull.es\/centros\/jardin-campus-salud\/wp-json\/wp\/v2\/media\/420"}],"wp:attachment":[{"href":"https:\/\/www.ull.es\/centros\/jardin-campus-salud\/wp-json\/wp\/v2\/media?parent=553"}],"wp:term":[{"taxonomy":"category","embeddable":true,"href":"https:\/\/www.ull.es\/centros\/jardin-campus-salud\/wp-json\/wp\/v2\/categories?post=553"},{"taxonomy":"post_tag","embeddable":true,"href":"https:\/\/www.ull.es\/centros\/jardin-campus-salud\/wp-json\/wp\/v2\/tags?post=553"}],"curies":[{"name":"wp","href":"https:\/\/api.w.org\/{rel}","templated":true}]}}