{"id":565,"date":"2019-09-23T14:28:31","date_gmt":"2019-09-23T14:28:31","guid":{"rendered":"http:\/\/www.ull.es\/centros\/jardin-botanico-wildpret\/?p=565"},"modified":"2020-06-18T10:41:57","modified_gmt":"2020-06-18T10:41:57","slug":"palmera-de-abanico-china","status":"publish","type":"post","link":"https:\/\/www.ull.es\/centros\/jardin-campus-salud\/2019\/09\/23\/palmera-de-abanico-china\/","title":{"rendered":"Palmera de abanico china"},"content":{"rendered":"<p>[vc_row el_id=\u00bbficha\u00bb][vc_column width=\u00bb1\/2&#8243;][vc_column_text css=\u00bb.vc_custom_1592476916018{padding-top: 5% !important;}\u00bb]<\/p>\n<table>\n<tbody>\n<tr>\n<td style=\"border-top: none !important\">\n<h4>FAMILIA<\/h4>\n<\/td>\n<td style=\"padding-top: 27px;border-top: none !important\"><b>Arecaceae<\/b><\/td>\n<\/tr>\n<tr>\n<td>\n<h4>G\u00c9NERO<\/h4>\n<\/td>\n<td style=\"padding-top: 27px\"><b><i>Livistona<\/i><\/b><\/td>\n<\/tr>\n<tr>\n<td>\n<h4>ESPECIE<\/h4>\n<\/td>\n<td style=\"padding-top: 27px\"><b><i>chinensis<\/i><\/b><\/td>\n<\/tr>\n<tr>\n<td>\n<h4>AUTOR<\/h4>\n<\/td>\n<td style=\"padding-top: 27px\"><b>(Jacq.) R. Br. ex Mart.<\/b><\/td>\n<\/tr>\n<tr>\n<td>\n<h4>ORIGEN<\/h4>\n<\/td>\n<td style=\"padding-top: 27px\"><b>China<\/b><\/td>\n<\/tr>\n<tr>\n<td>\n<h4>ALTITUD<\/h4>\n<\/td>\n<td style=\"padding-top: 27px\"><b>332 metros<\/b><\/td>\n<\/tr>\n<tr>\n<td>\n<h4>ZONA<\/h4>\n<\/td>\n<td style=\"padding-top: 27px\"><b>Jard\u00edn Dr. Ram\u00f3n y Cajal<\/b><\/td>\n<\/tr>\n<\/tbody>\n<\/table>\n<p>[\/vc_column_text][\/vc_column][vc_column width=\u00bb1\/2&#8243;][vc_single_image image=\u00bb430&#8243; img_size=\u00bb500X350&#8243; alignment=\u00bbcenter\u00bb style=\u00bbvc_box_border\u00bb onclick=\u00bblink_image\u00bb][vc_single_image image=\u00bb431&#8243; img_size=\u00bb500X350&#8243; alignment=\u00bbcenter\u00bb style=\u00bbvc_box_border\u00bb onclick=\u00bblink_image\u00bb][\/vc_column][\/vc_row][vc_row][vc_column][vc_empty_space height=\u00bb12px\u00bb][\/vc_column][\/vc_row][vc_row][vc_column][vc_gmaps link=\u00bb#E-8_JTNDaWZyYW1lJTIwd2lkdGglM0QlMjI0MjUlMjIlMjBoZWlnaHQlM0QlMjIzNTAlMjIlMjBmcmFtZWJvcmRlciUzRCUyMjAlMjIlMjBzY3JvbGxpbmclM0QlMjJubyUyMiUyMG1hcmdpbmhlaWdodCUzRCUyMjAlMjIlMjBtYXJnaW53aWR0aCUzRCUyMjAlMjIlMjBzcmMlM0QlMjJodHRwcyUzQSUyRiUyRnd3dy5vcGVuc3RyZWV0bWFwLm9yZyUyRmV4cG9ydCUyRmVtYmVkLmh0bWwlM0ZiYm94JTNELTE2LjI5MzI4NTE5MTA1OTExNiUyNTJDMjguNDU0Nzc0MjMxMjEyNTQzJTI1MkMtMTYuMjg4ODA4NTg0MjEzMjYlMjUyQzI4LjQ1NzExNTg3ODY4OTAyJTI2YW1wJTNCbGF5ZXIlM0RtYXBuaWslMjZhbXAlM0JtYXJrZXIlM0QyOC40NTU5NDYyNDA1MTEzOTUlMjUyQy0xNi4yOTEwNDU1NDY1MzE2NzclMjIlMjBzdHlsZSUzRCUyMmJvcmRlciUzQSUyMDFweCUyMHNvbGlkJTIwYmxhY2slMjIlM0UlM0MlMkZpZnJhbWUlM0UlM0NiciUyRiUzRSUzQ3NtYWxsJTNFJTNDYSUyMGhyZWYlM0QlMjJodHRwcyUzQSUyRiUyRnd3dy5vcGVuc3RyZWV0bWFwLm9yZyUyRiUzRm1sYXQlM0QyOC40NTU5NSUyNmFtcCUzQm1sb24lM0QtMTYuMjkxMDUlMjNtYXAlM0QxOSUyRjI4LjQ1NTk1JTJGLTE2LjI5MTA1JTIyJTNFVmVyJTIwbWFwYSUyMG0lQzMlQTFzJTIwZ3JhbmRlJTNDJTJGYSUzRSUzQyUyRnNtYWxsJTNF\u00bb][\/vc_column][\/vc_row]<\/p>\n","protected":false},"excerpt":{"rendered":"<p>[vc_row el_id=\u00bbficha\u00bb][vc_column width=\u00bb1\/2&#8243;][vc_column_text css=\u00bb.vc_custom_1592476916018{padding-top: 5% !important;}\u00bb] FAMILIA Arecaceae G\u00c9NERO Livistona ESPECIE chinensis AUTOR (Jacq.) R. Br. ex Mart. ORIGEN China ALTITUD 332 metros ZONA Jard\u00edn Dr. Ram\u00f3n y Cajal [\/vc_column_text][\/vc_column][vc_column width=\u00bb1\/2&#8243;][vc_single_image image=\u00bb430&#8243; img_size=\u00bb500X350&#8243; alignment=\u00bbcenter\u00bb style=\u00bbvc_box_border\u00bb onclick=\u00bblink_image\u00bb][vc_single_image image=\u00bb431&#8243; img_size=\u00bb500X350&#8243; alignment=\u00bbcenter\u00bb style=\u00bbvc_box_border\u00bb onclick=\u00bblink_image\u00bb][\/vc_column][\/vc_row][vc_row][vc_column][vc_empty_space height=\u00bb12px\u00bb][\/vc_column][\/vc_row][vc_row][vc_column][vc_gmaps link=\u00bb#E-8_JTNDaWZyYW1lJTIwd2lkdGglM0QlMjI0MjUlMjIlMjBoZWlnaHQlM0QlMjIzNTAlMjIlMjBmcmFtZWJvcmRlciUzRCUyMjAlMjIlMjBzY3JvbGxpbmclM0QlMjJubyUyMiUyMG1hcmdpbmhlaWdodCUzRCUyMjAlMjIlMjBtYXJnaW53aWR0aCUzRCUyMjAlMjIlMjBzcmMlM0QlMjJodHRwcyUzQSUyRiUyRnd3dy5vcGVuc3RyZWV0bWFwLm9yZyUyRmV4cG9ydCUyRmVtYmVkLmh0bWwlM0ZiYm94JTNELTE2LjI5MzI4NTE5MTA1OTExNiUyNTJDMjguNDU0Nzc0MjMxMjEyNTQzJTI1MkMtMTYuMjg4ODA4NTg0MjEzMjYlMjUyQzI4LjQ1NzExNTg3ODY4OTAyJTI2YW1wJTNCbGF5ZXIlM0RtYXBuaWslMjZhbXAlM0JtYXJrZXIlM0QyOC40NTU5NDYyNDA1MTEzOTUlMjUyQy0xNi4yOTEwNDU1NDY1MzE2NzclMjIlMjBzdHlsZSUzRCUyMmJvcmRlciUzQSUyMDFweCUyMHNvbGlkJTIwYmxhY2slMjIlM0UlM0MlMkZpZnJhbWUlM0UlM0NiciUyRiUzRSUzQ3NtYWxsJTNFJTNDYSUyMGhyZWYlM0QlMjJodHRwcyUzQSUyRiUyRnd3dy5vcGVuc3RyZWV0bWFwLm9yZyUyRiUzRm1sYXQlM0QyOC40NTU5NSUyNmFtcCUzQm1sb24lM0QtMTYuMjkxMDUlMjNtYXAlM0QxOSUyRjI4LjQ1NTk1JTJGLTE2LjI5MTA1JTIyJTNFVmVyJTIwbWFwYSUyMG0lQzMlQTFzJTIwZ3JhbmRlJTNDJTJGYSUzRSUzQyUyRnNtYWxsJTNF\u00bb][\/vc_column][\/vc_row]<\/p>\n","protected":false},"author":37,"featured_media":430,"comment_status":"closed","ping_status":"closed","sticky":false,"template":"","format":"standard","meta":[],"categories":[63,62,91],"tags":[],"acf":[],"_links":{"self":[{"href":"https:\/\/www.ull.es\/centros\/jardin-campus-salud\/wp-json\/wp\/v2\/posts\/565"}],"collection":[{"href":"https:\/\/www.ull.es\/centros\/jardin-campus-salud\/wp-json\/wp\/v2\/posts"}],"about":[{"href":"https:\/\/www.ull.es\/centros\/jardin-campus-salud\/wp-json\/wp\/v2\/types\/post"}],"author":[{"embeddable":true,"href":"https:\/\/www.ull.es\/centros\/jardin-campus-salud\/wp-json\/wp\/v2\/users\/37"}],"replies":[{"embeddable":true,"href":"https:\/\/www.ull.es\/centros\/jardin-campus-salud\/wp-json\/wp\/v2\/comments?post=565"}],"version-history":[{"count":7,"href":"https:\/\/www.ull.es\/centros\/jardin-campus-salud\/wp-json\/wp\/v2\/posts\/565\/revisions"}],"predecessor-version":[{"id":975,"href":"https:\/\/www.ull.es\/centros\/jardin-campus-salud\/wp-json\/wp\/v2\/posts\/565\/revisions\/975"}],"wp:featuredmedia":[{"embeddable":true,"href":"https:\/\/www.ull.es\/centros\/jardin-campus-salud\/wp-json\/wp\/v2\/media\/430"}],"wp:attachment":[{"href":"https:\/\/www.ull.es\/centros\/jardin-campus-salud\/wp-json\/wp\/v2\/media?parent=565"}],"wp:term":[{"taxonomy":"category","embeddable":true,"href":"https:\/\/www.ull.es\/centros\/jardin-campus-salud\/wp-json\/wp\/v2\/categories?post=565"},{"taxonomy":"post_tag","embeddable":true,"href":"https:\/\/www.ull.es\/centros\/jardin-campus-salud\/wp-json\/wp\/v2\/tags?post=565"}],"curies":[{"name":"wp","href":"https:\/\/api.w.org\/{rel}","templated":true}]}}