{"id":571,"date":"2019-09-23T14:40:05","date_gmt":"2019-09-23T14:40:05","guid":{"rendered":"http:\/\/www.ull.es\/centros\/jardin-botanico-wildpret\/?p=571"},"modified":"2020-06-18T10:56:03","modified_gmt":"2020-06-18T10:56:03","slug":"adelfa","status":"publish","type":"post","link":"https:\/\/www.ull.es\/centros\/jardin-campus-salud\/2019\/09\/23\/adelfa\/","title":{"rendered":"Adelfa"},"content":{"rendered":"<p>[vc_row el_id=\u00bbficha\u00bb][vc_column width=\u00bb1\/2&#8243;][vc_column_text css=\u00bb.vc_custom_1592477761352{padding-top: 5% !important;}\u00bb]<\/p>\n<table>\n<tbody>\n<tr>\n<td style=\"border-top: none !important\">\n<h4>FAMILIA<\/h4>\n<\/td>\n<td style=\"padding-top: 27px;border-top: none !important\"><b>Apocynaceae<\/b><\/td>\n<\/tr>\n<tr>\n<td>\n<h4>G\u00c9NERO<\/h4>\n<\/td>\n<td style=\"padding-top: 27px\"><b><i>Nerium<\/i><\/b><\/td>\n<\/tr>\n<tr>\n<td>\n<h4>ESPECIE<\/h4>\n<\/td>\n<td style=\"padding-top: 27px\"><b><i>oleander<\/i><\/b><\/td>\n<\/tr>\n<tr>\n<td>\n<h4>AUTOR<\/h4>\n<\/td>\n<td style=\"padding-top: 27px\"><b>L.<\/b><\/td>\n<\/tr>\n<tr>\n<td>\n<h4>ORIGEN<\/h4>\n<\/td>\n<td style=\"padding-top: 27px\"><b>Cuenca del Mediterr\u00e1neo a China<\/b><\/td>\n<\/tr>\n<tr>\n<td>\n<h4>ALTITUD<\/h4>\n<\/td>\n<td style=\"padding-top: 27px\"><b>336 metros<\/b><\/td>\n<\/tr>\n<tr>\n<td>\n<h4>ZONA<\/h4>\n<\/td>\n<td style=\"padding-top: 27px\"><b>Jard\u00edn Dr. Ram\u00f3n y Cajal<\/b><\/td>\n<\/tr>\n<\/tbody>\n<\/table>\n<p>[\/vc_column_text][\/vc_column][vc_column width=\u00bb1\/2&#8243;][vc_single_image image=\u00bb436&#8243; img_size=\u00bb500&#215;350&#8243; alignment=\u00bbcenter\u00bb style=\u00bbvc_box_border\u00bb onclick=\u00bblink_image\u00bb][vc_single_image image=\u00bb437&#8243; img_size=\u00bb500X350&#8243; alignment=\u00bbcenter\u00bb style=\u00bbvc_box_border\u00bb onclick=\u00bblink_image\u00bb][\/vc_column][\/vc_row][vc_row][vc_column][vc_empty_space height=\u00bb12px\u00bb][\/vc_column][\/vc_row][vc_row][vc_column][vc_gmaps link=\u00bb#E-8_JTNDaWZyYW1lJTIwd2lkdGglM0QlMjI0MjUlMjIlMjBoZWlnaHQlM0QlMjIzNTAlMjIlMjBmcmFtZWJvcmRlciUzRCUyMjAlMjIlMjBzY3JvbGxpbmclM0QlMjJubyUyMiUyMG1hcmdpbmhlaWdodCUzRCUyMjAlMjIlMjBtYXJnaW53aWR0aCUzRCUyMjAlMjIlMjBzcmMlM0QlMjJodHRwcyUzQSUyRiUyRnd3dy5vcGVuc3RyZWV0bWFwLm9yZyUyRmV4cG9ydCUyRmVtYmVkLmh0bWwlM0ZiYm94JTNELTE2LjI5MzUyNjU4OTg3MDQ1NiUyNTJDMjguNDU0NjUzOTYzOTI5NzMlMjUyQy0xNi4yODkwNDk5ODMwMjQ2JTI1MkMyOC40NTY5OTU2MTQwNzAwODUlMjZhbXAlM0JsYXllciUzRG1hcG5payUyNmFtcCUzQm1hcmtlciUzRDI4LjQ1NTgyNTk3NDU2MTg0NCUyNTJDLTE2LjI5MTI4Njk0NTM0MzAxOCUyMiUyMHN0eWxlJTNEJTIyYm9yZGVyJTNBJTIwMXB4JTIwc29saWQlMjBibGFjayUyMiUzRSUzQyUyRmlmcmFtZSUzRSUzQ2JyJTJGJTNFJTNDc21hbGwlM0UlM0NhJTIwaHJlZiUzRCUyMmh0dHBzJTNBJTJGJTJGd3d3Lm9wZW5zdHJlZXRtYXAub3JnJTJGJTNGbWxhdCUzRDI4LjQ1NTgzJTI2YW1wJTNCbWxvbiUzRC0xNi4yOTEyOSUyM21hcCUzRDE5JTJGMjguNDU1ODIlMkYtMTYuMjkxMjklMjIlM0VWZXIlMjBtYXBhJTIwbSVDMyVBMXMlMjBncmFuZGUlM0MlMkZhJTNFJTNDJTJGc21hbGwlM0U=\u00bb][\/vc_column][\/vc_row]<\/p>\n","protected":false},"excerpt":{"rendered":"<p>[vc_row el_id=\u00bbficha\u00bb][vc_column width=\u00bb1\/2&#8243;][vc_column_text css=\u00bb.vc_custom_1592477761352{padding-top: 5% !important;}\u00bb] FAMILIA Apocynaceae G\u00c9NERO Nerium ESPECIE oleander AUTOR L. ORIGEN Cuenca del Mediterr\u00e1neo a China ALTITUD 336 metros ZONA Jard\u00edn Dr. Ram\u00f3n y Cajal [\/vc_column_text][\/vc_column][vc_column width=\u00bb1\/2&#8243;][vc_single_image image=\u00bb436&#8243; img_size=\u00bb500&#215;350&#8243; alignment=\u00bbcenter\u00bb style=\u00bbvc_box_border\u00bb onclick=\u00bblink_image\u00bb][vc_single_image image=\u00bb437&#8243; img_size=\u00bb500X350&#8243; alignment=\u00bbcenter\u00bb style=\u00bbvc_box_border\u00bb onclick=\u00bblink_image\u00bb][\/vc_column][\/vc_row][vc_row][vc_column][vc_empty_space height=\u00bb12px\u00bb][\/vc_column][\/vc_row][vc_row][vc_column][vc_gmaps link=\u00bb#E-8_JTNDaWZyYW1lJTIwd2lkdGglM0QlMjI0MjUlMjIlMjBoZWlnaHQlM0QlMjIzNTAlMjIlMjBmcmFtZWJvcmRlciUzRCUyMjAlMjIlMjBzY3JvbGxpbmclM0QlMjJubyUyMiUyMG1hcmdpbmhlaWdodCUzRCUyMjAlMjIlMjBtYXJnaW53aWR0aCUzRCUyMjAlMjIlMjBzcmMlM0QlMjJodHRwcyUzQSUyRiUyRnd3dy5vcGVuc3RyZWV0bWFwLm9yZyUyRmV4cG9ydCUyRmVtYmVkLmh0bWwlM0ZiYm94JTNELTE2LjI5MzUyNjU4OTg3MDQ1NiUyNTJDMjguNDU0NjUzOTYzOTI5NzMlMjUyQy0xNi4yODkwNDk5ODMwMjQ2JTI1MkMyOC40NTY5OTU2MTQwNzAwODUlMjZhbXAlM0JsYXllciUzRG1hcG5payUyNmFtcCUzQm1hcmtlciUzRDI4LjQ1NTgyNTk3NDU2MTg0NCUyNTJDLTE2LjI5MTI4Njk0NTM0MzAxOCUyMiUyMHN0eWxlJTNEJTIyYm9yZGVyJTNBJTIwMXB4JTIwc29saWQlMjBibGFjayUyMiUzRSUzQyUyRmlmcmFtZSUzRSUzQ2JyJTJGJTNFJTNDc21hbGwlM0UlM0NhJTIwaHJlZiUzRCUyMmh0dHBzJTNBJTJGJTJGd3d3Lm9wZW5zdHJlZXRtYXAub3JnJTJGJTNGbWxhdCUzRDI4LjQ1NTgzJTI2YW1wJTNCbWxvbiUzRC0xNi4yOTEyOSUyM21hcCUzRDE5JTJGMjguNDU1ODIlMkYtMTYuMjkxMjklMjIlM0VWZXIlMjBtYXBhJTIwbSVDMyVBMXMlMjBncmFuZGUlM0MlMkZhJTNFJTNDJTJGc21hbGwlM0U=\u00bb][\/vc_column][\/vc_row]<\/p>\n","protected":false},"author":37,"featured_media":436,"comment_status":"closed","ping_status":"closed","sticky":false,"template":"","format":"standard","meta":[],"categories":[14,68,69],"tags":[],"acf":[],"_links":{"self":[{"href":"https:\/\/www.ull.es\/centros\/jardin-campus-salud\/wp-json\/wp\/v2\/posts\/571"}],"collection":[{"href":"https:\/\/www.ull.es\/centros\/jardin-campus-salud\/wp-json\/wp\/v2\/posts"}],"about":[{"href":"https:\/\/www.ull.es\/centros\/jardin-campus-salud\/wp-json\/wp\/v2\/types\/post"}],"author":[{"embeddable":true,"href":"https:\/\/www.ull.es\/centros\/jardin-campus-salud\/wp-json\/wp\/v2\/users\/37"}],"replies":[{"embeddable":true,"href":"https:\/\/www.ull.es\/centros\/jardin-campus-salud\/wp-json\/wp\/v2\/comments?post=571"}],"version-history":[{"count":7,"href":"https:\/\/www.ull.es\/centros\/jardin-campus-salud\/wp-json\/wp\/v2\/posts\/571\/revisions"}],"predecessor-version":[{"id":988,"href":"https:\/\/www.ull.es\/centros\/jardin-campus-salud\/wp-json\/wp\/v2\/posts\/571\/revisions\/988"}],"wp:featuredmedia":[{"embeddable":true,"href":"https:\/\/www.ull.es\/centros\/jardin-campus-salud\/wp-json\/wp\/v2\/media\/436"}],"wp:attachment":[{"href":"https:\/\/www.ull.es\/centros\/jardin-campus-salud\/wp-json\/wp\/v2\/media?parent=571"}],"wp:term":[{"taxonomy":"category","embeddable":true,"href":"https:\/\/www.ull.es\/centros\/jardin-campus-salud\/wp-json\/wp\/v2\/categories?post=571"},{"taxonomy":"post_tag","embeddable":true,"href":"https:\/\/www.ull.es\/centros\/jardin-campus-salud\/wp-json\/wp\/v2\/tags?post=571"}],"curies":[{"name":"wp","href":"https:\/\/api.w.org\/{rel}","templated":true}]}}