{"id":578,"date":"2019-09-23T14:53:25","date_gmt":"2019-09-23T14:53:25","guid":{"rendered":"http:\/\/www.ull.es\/centros\/jardin-botanico-wildpret\/?p=578"},"modified":"2020-06-18T12:03:22","modified_gmt":"2020-06-18T12:03:22","slug":"filodendro-paraguayo","status":"publish","type":"post","link":"https:\/\/www.ull.es\/centros\/jardin-campus-salud\/2019\/09\/23\/filodendro-paraguayo\/","title":{"rendered":"Filodendro paraguayo, G\u00faemb\u00e9"},"content":{"rendered":"<p>[vc_row el_id=\u00bbficha\u00bb][vc_column width=\u00bb1\/2&#8243;][vc_column_text css=\u00bb.vc_custom_1592481801122{padding-top: 5% !important;}\u00bb]<\/p>\n<table>\n<tbody>\n<tr>\n<td style=\"border-top: none !important\">\n<h4>FAMILIA<\/h4>\n<\/td>\n<td style=\"padding-top: 27px;border-top: none !important\"><b>Araceae<\/b><\/td>\n<\/tr>\n<tr>\n<td>\n<h4>G\u00c9NERO<\/h4>\n<\/td>\n<td style=\"padding-top: 27px\"><b><i>Philodendron<\/i><\/b><\/td>\n<\/tr>\n<tr>\n<td>\n<h4>ESPECIE<\/h4>\n<\/td>\n<td style=\"padding-top: 27px\"><b><i>bipinnatifidum<\/i><\/b><\/td>\n<\/tr>\n<tr>\n<td>\n<h4>AUTOR<\/h4>\n<\/td>\n<td style=\"padding-top: 27px\"><b>K. Koch<\/b><\/td>\n<\/tr>\n<tr>\n<td>\n<h4>ORIGEN<\/h4>\n<\/td>\n<td style=\"padding-top: 27px\"><b>Brasil<\/b><\/td>\n<\/tr>\n<tr>\n<td>\n<h4>ALTITUD<\/h4>\n<\/td>\n<td style=\"padding-top: 27px\"><b>334 metros<\/b><\/td>\n<\/tr>\n<tr>\n<td>\n<h4>ZONA<\/h4>\n<\/td>\n<td style=\"padding-top: 27px\"><b>Jard\u00edn Dr. Ram\u00f3n y Cajal<\/b><\/td>\n<\/tr>\n<\/tbody>\n<\/table>\n<p>[\/vc_column_text][\/vc_column][vc_column width=\u00bb1\/2&#8243;][vc_single_image image=\u00bb442&#8243; img_size=\u00bb500X350&#8243; alignment=\u00bbcenter\u00bb style=\u00bbvc_box_border\u00bb onclick=\u00bblink_image\u00bb][vc_single_image image=\u00bb443&#8243; img_size=\u00bb500X350&#8243; alignment=\u00bbcenter\u00bb style=\u00bbvc_box_border\u00bb onclick=\u00bblink_image\u00bb][\/vc_column][\/vc_row][vc_row][vc_column][vc_empty_space height=\u00bb12px\u00bb][\/vc_column][\/vc_row][vc_row][vc_column][vc_gmaps link=\u00bb#E-8_JTNDaWZyYW1lJTIwd2lkdGglM0QlMjI0MjUlMjIlMjBoZWlnaHQlM0QlMjIzNTAlMjIlMjBmcmFtZWJvcmRlciUzRCUyMjAlMjIlMjBzY3JvbGxpbmclM0QlMjJubyUyMiUyMG1hcmdpbmhlaWdodCUzRCUyMjAlMjIlMjBtYXJnaW53aWR0aCUzRCUyMjAlMjIlMjBzcmMlM0QlMjJodHRwcyUzQSUyRiUyRnd3dy5vcGVuc3RyZWV0bWFwLm9yZyUyRmV4cG9ydCUyRmVtYmVkLmh0bWwlM0ZiYm94JTNELTE2LjI5MzQ2NDg5OTA2MzExNCUyNTJDMjguNDU0Njg0NjIwMzA4OTMlMjUyQy0xNi4yODg5ODgyOTIyMTcyNTglMjUyQzI4LjQ1NzAyNjI2OTc3MDI1MyUyNmFtcCUzQmxheWVyJTNEbWFwbmlrJTI2YW1wJTNCbWFya2VyJTNEMjguNDU1ODU0MjcyNDQ0NjQlMjUyQy0xNi4yOTEyMjc5MzY3NDQ2OSUyMiUyMHN0eWxlJTNEJTIyYm9yZGVyJTNBJTIwMXB4JTIwc29saWQlMjBibGFjayUyMiUzRSUzQyUyRmlmcmFtZSUzRSUzQ2JyJTJGJTNFJTNDc21hbGwlM0UlM0NhJTIwaHJlZiUzRCUyMmh0dHBzJTNBJTJGJTJGd3d3Lm9wZW5zdHJlZXRtYXAub3JnJTJGJTNGbWxhdCUzRDI4LjQ1NTg1JTI2YW1wJTNCbWxvbiUzRC0xNi4yOTEyMyUyM21hcCUzRDE5JTJGMjguNDU1ODYlMkYtMTYuMjkxMjMlMjIlM0VWZXIlMjBtYXBhJTIwbSVDMyVBMXMlMjBncmFuZGUlM0MlMkZhJTNFJTNDJTJGc21hbGwlM0U=\u00bb][\/vc_column][\/vc_row]<\/p>\n","protected":false},"excerpt":{"rendered":"<p>[vc_row el_id=\u00bbficha\u00bb][vc_column width=\u00bb1\/2&#8243;][vc_column_text css=\u00bb.vc_custom_1592481801122{padding-top: 5% !important;}\u00bb] FAMILIA Araceae G\u00c9NERO Philodendron ESPECIE bipinnatifidum AUTOR K. Koch ORIGEN Brasil ALTITUD 334 metros ZONA Jard\u00edn Dr. Ram\u00f3n y Cajal [\/vc_column_text][\/vc_column][vc_column width=\u00bb1\/2&#8243;][vc_single_image image=\u00bb442&#8243; img_size=\u00bb500X350&#8243; alignment=\u00bbcenter\u00bb style=\u00bbvc_box_border\u00bb onclick=\u00bblink_image\u00bb][vc_single_image image=\u00bb443&#8243; img_size=\u00bb500X350&#8243; alignment=\u00bbcenter\u00bb style=\u00bbvc_box_border\u00bb onclick=\u00bblink_image\u00bb][\/vc_column][\/vc_row][vc_row][vc_column][vc_empty_space height=\u00bb12px\u00bb][\/vc_column][\/vc_row][vc_row][vc_column][vc_gmaps link=\u00bb#E-8_JTNDaWZyYW1lJTIwd2lkdGglM0QlMjI0MjUlMjIlMjBoZWlnaHQlM0QlMjIzNTAlMjIlMjBmcmFtZWJvcmRlciUzRCUyMjAlMjIlMjBzY3JvbGxpbmclM0QlMjJubyUyMiUyMG1hcmdpbmhlaWdodCUzRCUyMjAlMjIlMjBtYXJnaW53aWR0aCUzRCUyMjAlMjIlMjBzcmMlM0QlMjJodHRwcyUzQSUyRiUyRnd3dy5vcGVuc3RyZWV0bWFwLm9yZyUyRmV4cG9ydCUyRmVtYmVkLmh0bWwlM0ZiYm94JTNELTE2LjI5MzQ2NDg5OTA2MzExNCUyNTJDMjguNDU0Njg0NjIwMzA4OTMlMjUyQy0xNi4yODg5ODgyOTIyMTcyNTglMjUyQzI4LjQ1NzAyNjI2OTc3MDI1MyUyNmFtcCUzQmxheWVyJTNEbWFwbmlrJTI2YW1wJTNCbWFya2VyJTNEMjguNDU1ODU0MjcyNDQ0NjQlMjUyQy0xNi4yOTEyMjc5MzY3NDQ2OSUyMiUyMHN0eWxlJTNEJTIyYm9yZGVyJTNBJTIwMXB4JTIwc29saWQlMjBibGFjayUyMiUzRSUzQyUyRmlmcmFtZSUzRSUzQ2JyJTJGJTNFJTNDc21hbGwlM0UlM0NhJTIwaHJlZiUzRCUyMmh0dHBzJTNBJTJGJTJGd3d3Lm9wZW5zdHJlZXRtYXAub3JnJTJGJTNGbWxhdCUzRDI4LjQ1NTg1JTI2YW1wJTNCbWxvbiUzRC0xNi4yOTEyMyUyM21hcCUzRDE5JTJGMjguNDU1ODYlMkYtMTYuMjkxMjMlMjIlM0VWZXIlMjBtYXBhJTIwbSVDMyVBMXMlMjBncmFuZGUlM0MlMkZhJTNFJTNDJTJGc21hbGwlM0U=\u00bb][\/vc_column][\/vc_row]<\/p>\n","protected":false},"author":37,"featured_media":442,"comment_status":"closed","ping_status":"closed","sticky":false,"template":"","format":"standard","meta":[],"categories":[89],"tags":[],"acf":[],"_links":{"self":[{"href":"https:\/\/www.ull.es\/centros\/jardin-campus-salud\/wp-json\/wp\/v2\/posts\/578"}],"collection":[{"href":"https:\/\/www.ull.es\/centros\/jardin-campus-salud\/wp-json\/wp\/v2\/posts"}],"about":[{"href":"https:\/\/www.ull.es\/centros\/jardin-campus-salud\/wp-json\/wp\/v2\/types\/post"}],"author":[{"embeddable":true,"href":"https:\/\/www.ull.es\/centros\/jardin-campus-salud\/wp-json\/wp\/v2\/users\/37"}],"replies":[{"embeddable":true,"href":"https:\/\/www.ull.es\/centros\/jardin-campus-salud\/wp-json\/wp\/v2\/comments?post=578"}],"version-history":[{"count":9,"href":"https:\/\/www.ull.es\/centros\/jardin-campus-salud\/wp-json\/wp\/v2\/posts\/578\/revisions"}],"predecessor-version":[{"id":1005,"href":"https:\/\/www.ull.es\/centros\/jardin-campus-salud\/wp-json\/wp\/v2\/posts\/578\/revisions\/1005"}],"wp:featuredmedia":[{"embeddable":true,"href":"https:\/\/www.ull.es\/centros\/jardin-campus-salud\/wp-json\/wp\/v2\/media\/442"}],"wp:attachment":[{"href":"https:\/\/www.ull.es\/centros\/jardin-campus-salud\/wp-json\/wp\/v2\/media?parent=578"}],"wp:term":[{"taxonomy":"category","embeddable":true,"href":"https:\/\/www.ull.es\/centros\/jardin-campus-salud\/wp-json\/wp\/v2\/categories?post=578"},{"taxonomy":"post_tag","embeddable":true,"href":"https:\/\/www.ull.es\/centros\/jardin-campus-salud\/wp-json\/wp\/v2\/tags?post=578"}],"curies":[{"name":"wp","href":"https:\/\/api.w.org\/{rel}","templated":true}]}}