{"id":580,"date":"2019-09-23T14:57:22","date_gmt":"2019-09-23T14:57:22","guid":{"rendered":"http:\/\/www.ull.es\/centros\/jardin-botanico-wildpret\/?p=580"},"modified":"2020-06-18T11:00:52","modified_gmt":"2020-06-18T11:00:52","slug":"espino-de-fuego","status":"publish","type":"post","link":"https:\/\/www.ull.es\/centros\/jardin-campus-salud\/2019\/09\/23\/espino-de-fuego\/","title":{"rendered":"Espino de fuego"},"content":{"rendered":"<p>[vc_row el_id=\u00bbficha\u00bb][vc_column width=\u00bb1\/2&#8243;][vc_column_text css=\u00bb.vc_custom_1592478051722{padding-top: 5% !important;}\u00bb]<\/p>\n<table>\n<tbody>\n<tr>\n<td style=\"border-top: none !important\">\n<h4>FAMILIA<\/h4>\n<\/td>\n<td style=\"padding-top: 27px;border-top: none !important\"><b>Rosaceae<\/b><\/td>\n<\/tr>\n<tr>\n<td>\n<h4>G\u00c9NERO<\/h4>\n<\/td>\n<td style=\"padding-top: 27px\"><b><i>Pyracantha<\/i><\/b><\/td>\n<\/tr>\n<tr>\n<td>\n<h4>ESPECIE<\/h4>\n<\/td>\n<td style=\"padding-top: 27px\"><b><i>coccinea<\/i><\/b><\/td>\n<\/tr>\n<tr>\n<td>\n<h4>AUTOR<\/h4>\n<\/td>\n<td style=\"padding-top: 27px\"><b>M. Roem.<\/b><\/td>\n<\/tr>\n<tr>\n<td>\n<h4>ORIGEN<\/h4>\n<\/td>\n<td style=\"padding-top: 27px\"><b>Sudeste de Europa-China<\/b><\/td>\n<\/tr>\n<tr>\n<td>\n<h4>ALTURA<\/h4>\n<\/td>\n<td style=\"padding-top: 27px\"><b>339 metros<\/b><\/td>\n<\/tr>\n<tr>\n<td>\n<h4>ZONA<\/h4>\n<\/td>\n<td style=\"padding-top: 27px\"><b>Jard\u00edn Dr. Ram\u00f3n y Cajal<\/b><\/td>\n<\/tr>\n<\/tbody>\n<\/table>\n<p>[\/vc_column_text][\/vc_column][vc_column width=\u00bb1\/2&#8243;][vc_single_image image=\u00bb444&#8243; img_size=\u00bb500X350&#8243; alignment=\u00bbcenter\u00bb style=\u00bbvc_box_border\u00bb onclick=\u00bblink_image\u00bb][vc_single_image image=\u00bb445&#8243; img_size=\u00bb500X350&#8243; alignment=\u00bbcenter\u00bb style=\u00bbvc_box_border\u00bb onclick=\u00bblink_image\u00bb][\/vc_column][\/vc_row][vc_row][vc_column][vc_empty_space height=\u00bb12px\u00bb][\/vc_column][\/vc_row][vc_row][vc_column][vc_gmaps link=\u00bb#E-8_JTNDaWZyYW1lJTIwd2lkdGglM0QlMjI0MjUlMjIlMjBoZWlnaHQlM0QlMjIzNTAlMjIlMjBmcmFtZWJvcmRlciUzRCUyMjAlMjIlMjBzY3JvbGxpbmclM0QlMjJubyUyMiUyMG1hcmdpbmhlaWdodCUzRCUyMjAlMjIlMjBtYXJnaW53aWR0aCUzRCUyMjAlMjIlMjBzcmMlM0QlMjJodHRwcyUzQSUyRiUyRnd3dy5vcGVuc3RyZWV0bWFwLm9yZyUyRmV4cG9ydCUyRmVtYmVkLmh0bWwlM0ZiYm94JTNELTE2LjI5MzQwMDUyNjA0Njc1NiUyNTJDMjguNDU0NzE3NjM0ODYxMjIlMjUyQy0xNi4yODg5MjM5MTkyMDA5JTI1MkMyOC40NTcwNTkyODM1OTEyNjclMjZhbXAlM0JsYXllciUzRG1hcG5payUyNmFtcCUzQm1hcmtlciUzRDI4LjQ1NTg4OTY0NDc4NzQ1NSUyNTJDLTE2LjI5MTE2MzU2MzcyODMzMyUyMiUyMHN0eWxlJTNEJTIyYm9yZGVyJTNBJTIwMXB4JTIwc29saWQlMjBibGFjayUyMiUzRSUzQyUyRmlmcmFtZSUzRSUzQ2JyJTJGJTNFJTNDc21hbGwlM0UlM0NhJTIwaHJlZiUzRCUyMmh0dHBzJTNBJTJGJTJGd3d3Lm9wZW5zdHJlZXRtYXAub3JnJTJGJTNGbWxhdCUzRDI4LjQ1NTg5JTI2YW1wJTNCbWxvbiUzRC0xNi4yOTExNiUyM21hcCUzRDE5JTJGMjguNDU1ODklMkYtMTYuMjkxMTYlMjIlM0VWZXIlMjBtYXBhJTIwbSVDMyVBMXMlMjBncmFuZGUlM0MlMkZhJTNFJTNDJTJGc21hbGwlM0U=\u00bb][\/vc_column][\/vc_row]<\/p>\n","protected":false},"excerpt":{"rendered":"<p>[vc_row el_id=\u00bbficha\u00bb][vc_column width=\u00bb1\/2&#8243;][vc_column_text css=\u00bb.vc_custom_1592478051722{padding-top: 5% !important;}\u00bb] FAMILIA Rosaceae G\u00c9NERO Pyracantha ESPECIE coccinea AUTOR M. Roem. ORIGEN Sudeste de Europa-China ALTURA 339 metros ZONA Jard\u00edn Dr. Ram\u00f3n y Cajal [\/vc_column_text][\/vc_column][vc_column width=\u00bb1\/2&#8243;][vc_single_image image=\u00bb444&#8243; img_size=\u00bb500X350&#8243; alignment=\u00bbcenter\u00bb style=\u00bbvc_box_border\u00bb onclick=\u00bblink_image\u00bb][vc_single_image image=\u00bb445&#8243; img_size=\u00bb500X350&#8243; alignment=\u00bbcenter\u00bb style=\u00bbvc_box_border\u00bb onclick=\u00bblink_image\u00bb][\/vc_column][\/vc_row][vc_row][vc_column][vc_empty_space height=\u00bb12px\u00bb][\/vc_column][\/vc_row][vc_row][vc_column][vc_gmaps link=\u00bb#E-8_JTNDaWZyYW1lJTIwd2lkdGglM0QlMjI0MjUlMjIlMjBoZWlnaHQlM0QlMjIzNTAlMjIlMjBmcmFtZWJvcmRlciUzRCUyMjAlMjIlMjBzY3JvbGxpbmclM0QlMjJubyUyMiUyMG1hcmdpbmhlaWdodCUzRCUyMjAlMjIlMjBtYXJnaW53aWR0aCUzRCUyMjAlMjIlMjBzcmMlM0QlMjJodHRwcyUzQSUyRiUyRnd3dy5vcGVuc3RyZWV0bWFwLm9yZyUyRmV4cG9ydCUyRmVtYmVkLmh0bWwlM0ZiYm94JTNELTE2LjI5MzQwMDUyNjA0Njc1NiUyNTJDMjguNDU0NzE3NjM0ODYxMjIlMjUyQy0xNi4yODg5MjM5MTkyMDA5JTI1MkMyOC40NTcwNTkyODM1OTEyNjclMjZhbXAlM0JsYXllciUzRG1hcG5payUyNmFtcCUzQm1hcmtlciUzRDI4LjQ1NTg4OTY0NDc4NzQ1NSUyNTJDLTE2LjI5MTE2MzU2MzcyODMzMyUyMiUyMHN0eWxlJTNEJTIyYm9yZGVyJTNBJTIwMXB4JTIwc29saWQlMjBibGFjayUyMiUzRSUzQyUyRmlmcmFtZSUzRSUzQ2JyJTJGJTNFJTNDc21hbGwlM0UlM0NhJTIwaHJlZiUzRCUyMmh0dHBzJTNBJTJGJTJGd3d3Lm9wZW5zdHJlZXRtYXAub3JnJTJGJTNGbWxhdCUzRDI4LjQ1NTg5JTI2YW1wJTNCbWxvbiUzRC0xNi4yOTExNiUyM21hcCUzRDE5JTJGMjguNDU1ODklMkYtMTYuMjkxMTYlMjIlM0VWZXIlMjBtYXBhJTIwbSVDMyVBMXMlMjBncmFuZGUlM0MlMkZhJTNFJTNDJTJGc21hbGwlM0U=\u00bb][\/vc_column][\/vc_row]<\/p>\n","protected":false},"author":37,"featured_media":444,"comment_status":"closed","ping_status":"closed","sticky":false,"template":"","format":"standard","meta":[],"categories":[14,77,76],"tags":[],"acf":[],"_links":{"self":[{"href":"https:\/\/www.ull.es\/centros\/jardin-campus-salud\/wp-json\/wp\/v2\/posts\/580"}],"collection":[{"href":"https:\/\/www.ull.es\/centros\/jardin-campus-salud\/wp-json\/wp\/v2\/posts"}],"about":[{"href":"https:\/\/www.ull.es\/centros\/jardin-campus-salud\/wp-json\/wp\/v2\/types\/post"}],"author":[{"embeddable":true,"href":"https:\/\/www.ull.es\/centros\/jardin-campus-salud\/wp-json\/wp\/v2\/users\/37"}],"replies":[{"embeddable":true,"href":"https:\/\/www.ull.es\/centros\/jardin-campus-salud\/wp-json\/wp\/v2\/comments?post=580"}],"version-history":[{"count":8,"href":"https:\/\/www.ull.es\/centros\/jardin-campus-salud\/wp-json\/wp\/v2\/posts\/580\/revisions"}],"predecessor-version":[{"id":993,"href":"https:\/\/www.ull.es\/centros\/jardin-campus-salud\/wp-json\/wp\/v2\/posts\/580\/revisions\/993"}],"wp:featuredmedia":[{"embeddable":true,"href":"https:\/\/www.ull.es\/centros\/jardin-campus-salud\/wp-json\/wp\/v2\/media\/444"}],"wp:attachment":[{"href":"https:\/\/www.ull.es\/centros\/jardin-campus-salud\/wp-json\/wp\/v2\/media?parent=580"}],"wp:term":[{"taxonomy":"category","embeddable":true,"href":"https:\/\/www.ull.es\/centros\/jardin-campus-salud\/wp-json\/wp\/v2\/categories?post=580"},{"taxonomy":"post_tag","embeddable":true,"href":"https:\/\/www.ull.es\/centros\/jardin-campus-salud\/wp-json\/wp\/v2\/tags?post=580"}],"curies":[{"name":"wp","href":"https:\/\/api.w.org\/{rel}","templated":true}]}}