{"id":591,"date":"2019-09-24T07:58:50","date_gmt":"2019-09-24T07:58:50","guid":{"rendered":"http:\/\/www.ull.es\/centros\/jardin-botanico-wildpret\/?p=591"},"modified":"2020-06-18T10:44:51","modified_gmt":"2020-06-18T10:44:51","slug":"veitchia","status":"publish","type":"post","link":"https:\/\/www.ull.es\/centros\/jardin-campus-salud\/2019\/09\/24\/veitchia\/","title":{"rendered":"Veitchia"},"content":{"rendered":"<p>[vc_row el_id=\u00bbficha\u00bb][vc_column width=\u00bb1\/2&#8243;][vc_column_text css=\u00bb.vc_custom_1592477089681{padding-top: 5% !important;}\u00bb]<\/p>\n<table>\n<tbody>\n<tr>\n<td style=\"border-top: none !important\">\n<h4>FAMILIA<\/h4>\n<\/td>\n<td style=\"padding-top: 27px;border-top: none !important\"><b>Arecaceae<\/b><\/td>\n<\/tr>\n<tr>\n<td>\n<h4>G\u00c9NERO<\/h4>\n<\/td>\n<td style=\"padding-top: 27px\"><b><i>Veitchia<\/i><\/b><\/td>\n<\/tr>\n<tr>\n<td>\n<h4>ESPECIE<\/h4>\n<\/td>\n<td style=\"padding-top: 27px\"><b><i>joannis<\/i><\/b><\/td>\n<\/tr>\n<tr>\n<td>\n<h4>AUTOR<\/h4>\n<\/td>\n<td style=\"padding-top: 27px\"><b>H. Wendl.<\/b><\/td>\n<\/tr>\n<tr>\n<td>\n<h4>ORIGEN<\/h4>\n<\/td>\n<td style=\"padding-top: 27px\"><b>Fiyi<\/b><\/td>\n<\/tr>\n<tr>\n<td>\n<h4>ALTITUD<\/h4>\n<\/td>\n<td style=\"padding-top: 27px\"><b>334 metros<\/b><\/td>\n<\/tr>\n<tr>\n<td>\n<h4>ZONA<\/h4>\n<\/td>\n<td style=\"padding-top: 27px\"><b>Jard\u00edn Dr. Ram\u00f3n y Cajal<\/b><\/td>\n<\/tr>\n<\/tbody>\n<\/table>\n<p>[\/vc_column_text][\/vc_column][vc_column width=\u00bb1\/2&#8243;][vc_single_image image=\u00bb453&#8243; img_size=\u00bb500X350&#8243; alignment=\u00bbcenter\u00bb style=\u00bbvc_box_border\u00bb onclick=\u00bblink_image\u00bb][vc_single_image image=\u00bb454&#8243; img_size=\u00bb500X350&#8243; alignment=\u00bbcenter\u00bb style=\u00bbvc_box_border\u00bb onclick=\u00bblink_image\u00bb][\/vc_column][\/vc_row][vc_row][vc_column][vc_empty_space height=\u00bb12px\u00bb][\/vc_column][\/vc_row][vc_row][vc_column][vc_gmaps link=\u00bb#E-8_JTNDaWZyYW1lJTIwd2lkdGglM0QlMjI0MjUlMjIlMjBoZWlnaHQlM0QlMjIzNTAlMjIlMjBmcmFtZWJvcmRlciUzRCUyMjAlMjIlMjBzY3JvbGxpbmclM0QlMjJubyUyMiUyMG1hcmdpbmhlaWdodCUzRCUyMjAlMjIlMjBtYXJnaW53aWR0aCUzRCUyMjAlMjIlMjBzcmMlM0QlMjJodHRwcyUzQSUyRiUyRnd3dy5vcGVuc3RyZWV0bWFwLm9yZyUyRmV4cG9ydCUyRmVtYmVkLmh0bWwlM0ZiYm94JTNELTE2LjI5MzM2ODMzOTUzODU3OCUyNTJDMjguNDU0ODE0MzIwMjc2Mzk4JTI1MkMtMTYuMjg4ODkxNzMyNjkyNzIyJTI1MkMyOC40NTcxNTU5NjY4NjQ5NDIlMjZhbXAlM0JsYXllciUzRG1hcG5payUyNmFtcCUzQm1hcmtlciUzRDI4LjQ1NTk4NjMyOTEzMDgzNyUyNTJDLTE2LjI5MTEyODY5NTAxMTE0JTIyJTIwc3R5bGUlM0QlMjJib3JkZXIlM0ElMjAxcHglMjBzb2xpZCUyMGJsYWNrJTIyJTNFJTNDJTJGaWZyYW1lJTNFJTNDYnIlMkYlM0UlM0NzbWFsbCUzRSUzQ2ElMjBocmVmJTNEJTIyaHR0cHMlM0ElMkYlMkZ3d3cub3BlbnN0cmVldG1hcC5vcmclMkYlM0ZtbGF0JTNEMjguNDU1OTklMjZhbXAlM0JtbG9uJTNELTE2LjI5MTEzJTIzbWFwJTNEMTklMkYyOC40NTU5OSUyRi0xNi4yOTExMyUyMiUzRVZlciUyMG1hcGElMjBtJUMzJUExcyUyMGdyYW5kZSUzQyUyRmElM0UlM0MlMkZzbWFsbCUzRQ==\u00bb][\/vc_column][\/vc_row]<\/p>\n","protected":false},"excerpt":{"rendered":"<p>[vc_row el_id=\u00bbficha\u00bb][vc_column width=\u00bb1\/2&#8243;][vc_column_text css=\u00bb.vc_custom_1592477089681{padding-top: 5% !important;}\u00bb] FAMILIA Arecaceae G\u00c9NERO Veitchia ESPECIE joannis AUTOR H. Wendl. ORIGEN Fiyi ALTITUD 334 metros ZONA Jard\u00edn Dr. Ram\u00f3n y Cajal [\/vc_column_text][\/vc_column][vc_column width=\u00bb1\/2&#8243;][vc_single_image image=\u00bb453&#8243; img_size=\u00bb500X350&#8243; alignment=\u00bbcenter\u00bb style=\u00bbvc_box_border\u00bb onclick=\u00bblink_image\u00bb][vc_single_image image=\u00bb454&#8243; img_size=\u00bb500X350&#8243; alignment=\u00bbcenter\u00bb style=\u00bbvc_box_border\u00bb onclick=\u00bblink_image\u00bb][\/vc_column][\/vc_row][vc_row][vc_column][vc_empty_space height=\u00bb12px\u00bb][\/vc_column][\/vc_row][vc_row][vc_column][vc_gmaps link=\u00bb#E-8_JTNDaWZyYW1lJTIwd2lkdGglM0QlMjI0MjUlMjIlMjBoZWlnaHQlM0QlMjIzNTAlMjIlMjBmcmFtZWJvcmRlciUzRCUyMjAlMjIlMjBzY3JvbGxpbmclM0QlMjJubyUyMiUyMG1hcmdpbmhlaWdodCUzRCUyMjAlMjIlMjBtYXJnaW53aWR0aCUzRCUyMjAlMjIlMjBzcmMlM0QlMjJodHRwcyUzQSUyRiUyRnd3dy5vcGVuc3RyZWV0bWFwLm9yZyUyRmV4cG9ydCUyRmVtYmVkLmh0bWwlM0ZiYm94JTNELTE2LjI5MzM2ODMzOTUzODU3OCUyNTJDMjguNDU0ODE0MzIwMjc2Mzk4JTI1MkMtMTYuMjg4ODkxNzMyNjkyNzIyJTI1MkMyOC40NTcxNTU5NjY4NjQ5NDIlMjZhbXAlM0JsYXllciUzRG1hcG5payUyNmFtcCUzQm1hcmtlciUzRDI4LjQ1NTk4NjMyOTEzMDgzNyUyNTJDLTE2LjI5MTEyODY5NTAxMTE0JTIyJTIwc3R5bGUlM0QlMjJib3JkZXIlM0ElMjAxcHglMjBzb2xpZCUyMGJsYWNrJTIyJTNFJTNDJTJGaWZyYW1lJTNFJTNDYnIlMkYlM0UlM0NzbWFsbCUzRSUzQ2ElMjBocmVmJTNEJTIyaHR0cHMlM0ElMkYlMkZ3d3cub3BlbnN0cmVldG1hcC5vcmclMkYlM0ZtbGF0JTNEMjguNDU1OTklMjZhbXAlM0JtbG9uJTNELTE2LjI5MTEzJTIzbWFwJTNEMTklMkYyOC40NTU5OSUyRi0xNi4yOTExMyUyMiUzRVZlciUyMG1hcGElMjBtJUMzJUExcyUyMGdyYW5kZSUzQyUyRmElM0UlM0MlMkZzbWFsbCUzRQ==\u00bb][\/vc_column][\/vc_row]<\/p>\n","protected":false},"author":37,"featured_media":453,"comment_status":"closed","ping_status":"closed","sticky":false,"template":"","format":"standard","meta":[],"categories":[86,91,85],"tags":[],"acf":[],"_links":{"self":[{"href":"https:\/\/www.ull.es\/centros\/jardin-campus-salud\/wp-json\/wp\/v2\/posts\/591"}],"collection":[{"href":"https:\/\/www.ull.es\/centros\/jardin-campus-salud\/wp-json\/wp\/v2\/posts"}],"about":[{"href":"https:\/\/www.ull.es\/centros\/jardin-campus-salud\/wp-json\/wp\/v2\/types\/post"}],"author":[{"embeddable":true,"href":"https:\/\/www.ull.es\/centros\/jardin-campus-salud\/wp-json\/wp\/v2\/users\/37"}],"replies":[{"embeddable":true,"href":"https:\/\/www.ull.es\/centros\/jardin-campus-salud\/wp-json\/wp\/v2\/comments?post=591"}],"version-history":[{"count":7,"href":"https:\/\/www.ull.es\/centros\/jardin-campus-salud\/wp-json\/wp\/v2\/posts\/591\/revisions"}],"predecessor-version":[{"id":979,"href":"https:\/\/www.ull.es\/centros\/jardin-campus-salud\/wp-json\/wp\/v2\/posts\/591\/revisions\/979"}],"wp:featuredmedia":[{"embeddable":true,"href":"https:\/\/www.ull.es\/centros\/jardin-campus-salud\/wp-json\/wp\/v2\/media\/453"}],"wp:attachment":[{"href":"https:\/\/www.ull.es\/centros\/jardin-campus-salud\/wp-json\/wp\/v2\/media?parent=591"}],"wp:term":[{"taxonomy":"category","embeddable":true,"href":"https:\/\/www.ull.es\/centros\/jardin-campus-salud\/wp-json\/wp\/v2\/categories?post=591"},{"taxonomy":"post_tag","embeddable":true,"href":"https:\/\/www.ull.es\/centros\/jardin-campus-salud\/wp-json\/wp\/v2\/tags?post=591"}],"curies":[{"name":"wp","href":"https:\/\/api.w.org\/{rel}","templated":true}]}}