{"id":593,"date":"2019-09-24T08:03:01","date_gmt":"2019-09-24T08:03:01","guid":{"rendered":"http:\/\/www.ull.es\/centros\/jardin-botanico-wildpret\/?p=593"},"modified":"2020-06-18T11:53:26","modified_gmt":"2020-06-18T11:53:26","slug":"palmera-mexicana","status":"publish","type":"post","link":"https:\/\/www.ull.es\/centros\/jardin-campus-salud\/2019\/09\/24\/palmera-mexicana\/","title":{"rendered":"Palmera de abanico mexicana"},"content":{"rendered":"<p>[vc_row el_id=\u00bbficha\u00bb][vc_column width=\u00bb1\/2&#8243;][vc_column_text css=\u00bb.vc_custom_1592476962200{padding-top: 5% !important;}\u00bb]<\/p>\n<table>\n<tbody>\n<tr>\n<td style=\"border-top: none !important\">\n<h4>FAMILIA<\/h4>\n<\/td>\n<td style=\"padding-top: 27px;border-top: none !important\"><b>Arecaceae<\/b><\/td>\n<\/tr>\n<tr>\n<td>\n<h4>G\u00c9NERO<\/h4>\n<\/td>\n<td style=\"padding-top: 27px\"><b><i>Washingtonia<\/i><\/b><\/td>\n<\/tr>\n<tr>\n<td>\n<h4>ESPECIE<\/h4>\n<\/td>\n<td style=\"padding-top: 27px\"><b><i>robusta<\/i><\/b><\/td>\n<\/tr>\n<tr>\n<td>\n<h4>AUTOR<\/h4>\n<\/td>\n<td style=\"padding-top: 27px\"><b>H. Wendl.<\/b><\/td>\n<\/tr>\n<tr>\n<td>\n<h4>ORIGEN<\/h4>\n<\/td>\n<td style=\"padding-top: 27px\"><b>California-M\u00e9xico<\/b><\/td>\n<\/tr>\n<tr>\n<td>\n<h4>ALTITUD<\/h4>\n<\/td>\n<td style=\"padding-top: 27px\"><b>339 metros<\/b><\/td>\n<\/tr>\n<tr>\n<td>\n<h4>ZONA<\/h4>\n<\/td>\n<td style=\"padding-top: 27px\"><b>Jard\u00edn Dr. Ram\u00f3n y Cajal<\/b><\/td>\n<\/tr>\n<\/tbody>\n<\/table>\n<p>[\/vc_column_text][\/vc_column][vc_column width=\u00bb1\/2&#8243;][vc_single_image image=\u00bb455&#8243; img_size=\u00bb500&#215;350&#8243; alignment=\u00bbcenter\u00bb style=\u00bbvc_box_border\u00bb onclick=\u00bblink_image\u00bb][vc_single_image image=\u00bb456&#8243; img_size=\u00bb500X350&#8243; alignment=\u00bbcenter\u00bb style=\u00bbvc_box_border\u00bb onclick=\u00bblink_image\u00bb][\/vc_column][\/vc_row][vc_row][vc_column][vc_empty_space height=\u00bb12px\u00bb][\/vc_column][\/vc_row][vc_row][vc_column][vc_gmaps link=\u00bb#E-8_JTNDaWZyYW1lJTIwd2lkdGglM0QlMjI0MjUlMjIlMjBoZWlnaHQlM0QlMjIzNTAlMjIlMjBmcmFtZWJvcmRlciUzRCUyMjAlMjIlMjBzY3JvbGxpbmclM0QlMjJubyUyMiUyMG1hcmdpbmhlaWdodCUzRCUyMjAlMjIlMjBtYXJnaW53aWR0aCUzRCUyMjAlMjIlMjBzcmMlM0QlMjJodHRwcyUzQSUyRiUyRnd3dy5vcGVuc3RyZWV0bWFwLm9yZyUyRmV4cG9ydCUyRmVtYmVkLmh0bWwlM0ZiYm94JTNELTE2LjI5MzM5Nzg0MzgzNzc0JTI1MkMyOC40NTQ4MjYxMTExNzQ2NDMlMjUyQy0xNi4yODg5MjEyMzY5OTE4ODYlMjUyQzI4LjQ1NzE2Nzc1NzUwMjAyNyUyNmFtcCUzQmxheWVyJTNEbWFwbmlrJTI2YW1wJTNCbWFya2VyJTNEMjguNDU1OTk4MTE5ODk4Mzc1JTI1MkMtMTYuMjkxMTYwODgxNTE5MzE4JTIyJTIwc3R5bGUlM0QlMjJib3JkZXIlM0ElMjAxcHglMjBzb2xpZCUyMGJsYWNrJTIyJTNFJTNDJTJGaWZyYW1lJTNFJTNDYnIlMkYlM0UlM0NzbWFsbCUzRSUzQ2ElMjBocmVmJTNEJTIyaHR0cHMlM0ElMkYlMkZ3d3cub3BlbnN0cmVldG1hcC5vcmclMkYlM0ZtbGF0JTNEMjguNDU2MDAlMjZhbXAlM0JtbG9uJTNELTE2LjI5MTE2JTIzbWFwJTNEMTklMkYyOC40NTYwMCUyRi0xNi4yOTExNiUyMiUzRVZlciUyMG1hcGElMjBtJUMzJUExcyUyMGdyYW5kZSUzQyUyRmElM0UlM0MlMkZzbWFsbCUzRQ==\u00bb][\/vc_column][\/vc_row]<\/p>\n","protected":false},"excerpt":{"rendered":"<p>[vc_row el_id=\u00bbficha\u00bb][vc_column width=\u00bb1\/2&#8243;][vc_column_text css=\u00bb.vc_custom_1592476962200{padding-top: 5% !important;}\u00bb] FAMILIA Arecaceae G\u00c9NERO Washingtonia ESPECIE robusta AUTOR H. Wendl. ORIGEN California-M\u00e9xico ALTITUD 339 metros ZONA Jard\u00edn Dr. Ram\u00f3n y Cajal [\/vc_column_text][\/vc_column][vc_column width=\u00bb1\/2&#8243;][vc_single_image image=\u00bb455&#8243; img_size=\u00bb500&#215;350&#8243; alignment=\u00bbcenter\u00bb style=\u00bbvc_box_border\u00bb onclick=\u00bblink_image\u00bb][vc_single_image image=\u00bb456&#8243; img_size=\u00bb500X350&#8243; alignment=\u00bbcenter\u00bb style=\u00bbvc_box_border\u00bb onclick=\u00bblink_image\u00bb][\/vc_column][\/vc_row][vc_row][vc_column][vc_empty_space height=\u00bb12px\u00bb][\/vc_column][\/vc_row][vc_row][vc_column][vc_gmaps link=\u00bb#E-8_JTNDaWZyYW1lJTIwd2lkdGglM0QlMjI0MjUlMjIlMjBoZWlnaHQlM0QlMjIzNTAlMjIlMjBmcmFtZWJvcmRlciUzRCUyMjAlMjIlMjBzY3JvbGxpbmclM0QlMjJubyUyMiUyMG1hcmdpbmhlaWdodCUzRCUyMjAlMjIlMjBtYXJnaW53aWR0aCUzRCUyMjAlMjIlMjBzcmMlM0QlMjJodHRwcyUzQSUyRiUyRnd3dy5vcGVuc3RyZWV0bWFwLm9yZyUyRmV4cG9ydCUyRmVtYmVkLmh0bWwlM0ZiYm94JTNELTE2LjI5MzM5Nzg0MzgzNzc0JTI1MkMyOC40NTQ4MjYxMTExNzQ2NDMlMjUyQy0xNi4yODg5MjEyMzY5OTE4ODYlMjUyQzI4LjQ1NzE2Nzc1NzUwMjAyNyUyNmFtcCUzQmxheWVyJTNEbWFwbmlrJTI2YW1wJTNCbWFya2VyJTNEMjguNDU1OTk4MTE5ODk4Mzc1JTI1MkMtMTYuMjkxMTYwODgxNTE5MzE4JTIyJTIwc3R5bGUlM0QlMjJib3JkZXIlM0ElMjAxcHglMjBzb2xpZCUyMGJsYWNrJTIyJTNFJTNDJTJGaWZyYW1lJTNFJTNDYnIlMkYlM0UlM0NzbWFsbCUzRSUzQ2ElMjBocmVmJTNEJTIyaHR0cHMlM0ElMkYlMkZ3d3cub3BlbnN0cmVldG1hcC5vcmclMkYlM0ZtbGF0JTNEMjguNDU2MDAlMjZhbXAlM0JtbG9uJTNELTE2LjI5MTE2JTIzbWFwJTNEMTklMkYyOC40NTYwMCUyRi0xNi4yOTExNiUyMiUzRVZlciUyMG1hcGElMjBtJUMzJUExcyUyMGdyYW5kZSUzQyUyRmElM0UlM0MlMkZzbWFsbCUzRQ==\u00bb][\/vc_column][\/vc_row]<\/p>\n","protected":false},"author":37,"featured_media":595,"comment_status":"closed","ping_status":"closed","sticky":false,"template":"","format":"standard","meta":[],"categories":[91,88,87],"tags":[],"acf":[],"_links":{"self":[{"href":"https:\/\/www.ull.es\/centros\/jardin-campus-salud\/wp-json\/wp\/v2\/posts\/593"}],"collection":[{"href":"https:\/\/www.ull.es\/centros\/jardin-campus-salud\/wp-json\/wp\/v2\/posts"}],"about":[{"href":"https:\/\/www.ull.es\/centros\/jardin-campus-salud\/wp-json\/wp\/v2\/types\/post"}],"author":[{"embeddable":true,"href":"https:\/\/www.ull.es\/centros\/jardin-campus-salud\/wp-json\/wp\/v2\/users\/37"}],"replies":[{"embeddable":true,"href":"https:\/\/www.ull.es\/centros\/jardin-campus-salud\/wp-json\/wp\/v2\/comments?post=593"}],"version-history":[{"count":12,"href":"https:\/\/www.ull.es\/centros\/jardin-campus-salud\/wp-json\/wp\/v2\/posts\/593\/revisions"}],"predecessor-version":[{"id":1002,"href":"https:\/\/www.ull.es\/centros\/jardin-campus-salud\/wp-json\/wp\/v2\/posts\/593\/revisions\/1002"}],"wp:featuredmedia":[{"embeddable":true,"href":"https:\/\/www.ull.es\/centros\/jardin-campus-salud\/wp-json\/wp\/v2\/media\/595"}],"wp:attachment":[{"href":"https:\/\/www.ull.es\/centros\/jardin-campus-salud\/wp-json\/wp\/v2\/media?parent=593"}],"wp:term":[{"taxonomy":"category","embeddable":true,"href":"https:\/\/www.ull.es\/centros\/jardin-campus-salud\/wp-json\/wp\/v2\/categories?post=593"},{"taxonomy":"post_tag","embeddable":true,"href":"https:\/\/www.ull.es\/centros\/jardin-campus-salud\/wp-json\/wp\/v2\/tags?post=593"}],"curies":[{"name":"wp","href":"https:\/\/api.w.org\/{rel}","templated":true}]}}