{"id":248,"date":"2016-04-26T11:33:36","date_gmt":"2016-04-26T11:33:36","guid":{"rendered":"http:\/\/bbtk.exposicion.ull.es\/alvarezrixo\/?p=248"},"modified":"2021-05-11T14:28:07","modified_gmt":"2021-05-11T12:28:07","slug":"dia-del-libro-2016-jose-agustin-alvarez-rixo-escribir-para-no-olvidar","status":"publish","type":"post","link":"https:\/\/www.ull.es\/eventos\/alvarez-rixo\/2016\/04\/26\/dia-del-libro-2016-jose-agustin-alvarez-rixo-escribir-para-no-olvidar\/","title":{"rendered":"D\u00eda del Libro 2016 &#8216;Jos\u00e9 Agust\u00edn \u00c1lvarez Rixo: escribir para no olvidar&#8217;"},"content":{"rendered":"<p>Este a\u00f1o, el protagonista de las actividades que la Universidad de La Laguna organiza con motivo del #D\u00edadelLibro ser\u00e1 el polifac\u00e9tico portuense Jos\u00e9 Agust\u00edn \u00c1lvarez Rixo (1796-1883). La Biblioteca ha querido dedicarle una exposici\u00f3n en la que se pretende dar a conocer el inter\u00e9s de esta personalidad adelantada a su tiempo y poner a disposici\u00f3n de los investigadores y de la sociedad canaria su archivo personal y su biblioteca.<br \/>\n<a href=\"https:\/\/www.ivoox.com\/comunidad-educativa-del-23-abril-2016-audios-mp3_rf_11306827_1.html\" target=\"_blank\" rel=\"noopener\">Leer m\u00e1s en <em>Radio Campus ULL<\/em>, 24 de abril de 2016 <\/a>(A partir del minuto 58&#8217;19\u00bb)<\/p>\n","protected":false},"excerpt":{"rendered":"<p>Este a\u00f1o, el protagonista de las actividades que la Universidad de La Laguna organiza con motivo del #D\u00edadelLibro ser\u00e1 el polifac\u00e9tico portuense Jos\u00e9 Agust\u00edn \u00c1lvarez Rixo (1796-1883). La Biblioteca ha querido dedicarle una exposici\u00f3n en la que se pretende dar a conocer el inter\u00e9s de esta personalidad adelantada a su tiempo y poner a disposici\u00f3n&#8230;<\/p>\n","protected":false},"author":14,"featured_media":0,"comment_status":"closed","ping_status":"open","sticky":false,"template":"","format":"standard","meta":{"footnotes":""},"categories":[4],"tags":[],"class_list":["post-248","post","type-post","status-publish","format-standard","hentry","category-noticias"],"_links":{"self":[{"href":"https:\/\/www.ull.es\/eventos\/alvarez-rixo\/wp-json\/wp\/v2\/posts\/248"}],"collection":[{"href":"https:\/\/www.ull.es\/eventos\/alvarez-rixo\/wp-json\/wp\/v2\/posts"}],"about":[{"href":"https:\/\/www.ull.es\/eventos\/alvarez-rixo\/wp-json\/wp\/v2\/types\/post"}],"author":[{"embeddable":true,"href":"https:\/\/www.ull.es\/eventos\/alvarez-rixo\/wp-json\/wp\/v2\/users\/14"}],"replies":[{"embeddable":true,"href":"https:\/\/www.ull.es\/eventos\/alvarez-rixo\/wp-json\/wp\/v2\/comments?post=248"}],"version-history":[{"count":2,"href":"https:\/\/www.ull.es\/eventos\/alvarez-rixo\/wp-json\/wp\/v2\/posts\/248\/revisions"}],"predecessor-version":[{"id":625,"href":"https:\/\/www.ull.es\/eventos\/alvarez-rixo\/wp-json\/wp\/v2\/posts\/248\/revisions\/625"}],"wp:attachment":[{"href":"https:\/\/www.ull.es\/eventos\/alvarez-rixo\/wp-json\/wp\/v2\/media?parent=248"}],"wp:term":[{"taxonomy":"category","embeddable":true,"href":"https:\/\/www.ull.es\/eventos\/alvarez-rixo\/wp-json\/wp\/v2\/categories?post=248"},{"taxonomy":"post_tag","embeddable":true,"href":"https:\/\/www.ull.es\/eventos\/alvarez-rixo\/wp-json\/wp\/v2\/tags?post=248"}],"curies":[{"name":"wp","href":"https:\/\/api.w.org\/{rel}","templated":true}]}}