{"id":273,"date":"2016-04-27T13:22:27","date_gmt":"2016-04-27T13:22:27","guid":{"rendered":"http:\/\/bbtk.exposicion.ull.es\/alvarezrixo\/?p=273"},"modified":"2016-04-27T13:22:27","modified_gmt":"2016-04-27T13:22:27","slug":"alvarez-rixo-escribir-para-no-olvidar-2","status":"publish","type":"post","link":"https:\/\/www.ull.es\/eventos\/alvarez-rixo\/2016\/04\/27\/alvarez-rixo-escribir-para-no-olvidar-2\/","title":{"rendered":"\u00c1lvarez Rixo: escribir para no olvidar"},"content":{"rendered":"<p><iframe loading=\"lazy\" title=\"Jos\u00e9 Agust\u00edn \u00c1lvarez Rixo: escribir para no olvidar\" width=\"750\" height=\"422\" src=\"https:\/\/www.youtube.com\/embed\/XtiIkFatZXg?feature=oembed\" frameborder=\"0\" allow=\"accelerometer; autoplay; encrypted-media; gyroscope; picture-in-picture\" allowfullscreen><\/iframe><\/p>\n","protected":false},"excerpt":{"rendered":"https:\/\/youtu.be\/XtiIkFatZXg","protected":false},"author":14,"featured_media":0,"comment_status":"closed","ping_status":"open","sticky":false,"template":"","format":"video","meta":{"footnotes":""},"categories":[3],"tags":[],"class_list":["post-273","post","type-post","status-publish","format-video","hentry","category-multimedia","post_format-post-format-video"],"_links":{"self":[{"href":"https:\/\/www.ull.es\/eventos\/alvarez-rixo\/wp-json\/wp\/v2\/posts\/273"}],"collection":[{"href":"https:\/\/www.ull.es\/eventos\/alvarez-rixo\/wp-json\/wp\/v2\/posts"}],"about":[{"href":"https:\/\/www.ull.es\/eventos\/alvarez-rixo\/wp-json\/wp\/v2\/types\/post"}],"author":[{"embeddable":true,"href":"https:\/\/www.ull.es\/eventos\/alvarez-rixo\/wp-json\/wp\/v2\/users\/14"}],"replies":[{"embeddable":true,"href":"https:\/\/www.ull.es\/eventos\/alvarez-rixo\/wp-json\/wp\/v2\/comments?post=273"}],"version-history":[{"count":0,"href":"https:\/\/www.ull.es\/eventos\/alvarez-rixo\/wp-json\/wp\/v2\/posts\/273\/revisions"}],"wp:attachment":[{"href":"https:\/\/www.ull.es\/eventos\/alvarez-rixo\/wp-json\/wp\/v2\/media?parent=273"}],"wp:term":[{"taxonomy":"category","embeddable":true,"href":"https:\/\/www.ull.es\/eventos\/alvarez-rixo\/wp-json\/wp\/v2\/categories?post=273"},{"taxonomy":"post_tag","embeddable":true,"href":"https:\/\/www.ull.es\/eventos\/alvarez-rixo\/wp-json\/wp\/v2\/tags?post=273"}],"curies":[{"name":"wp","href":"https:\/\/api.w.org\/{rel}","templated":true}]}}