{"id":435,"date":"2016-04-26T11:38:27","date_gmt":"2016-04-26T11:38:27","guid":{"rendered":"http:\/\/bbtk.exposicion.ull.es\/alvarezrixo\/?p=254"},"modified":"2021-05-11T13:59:27","modified_gmt":"2021-05-11T11:59:27","slug":"la-ull-celebra-su-dia-del-libro-con-teatro-un-concurso-de-relatos-y-un-homenaje-al-ilustrado-tardio-alvarez-rixo","status":"publish","type":"post","link":"https:\/\/www.ull.es\/eventos\/alvarez-rixo\/2016\/04\/26\/la-ull-celebra-su-dia-del-libro-con-teatro-un-concurso-de-relatos-y-un-homenaje-al-ilustrado-tardio-alvarez-rixo\/","title":{"rendered":"La ULL celebra su D\u00eda del Libro con teatro, un concurso de relatos y un homenaje al &quot;Ilustrado tard\u00edo&quot; \u00c1lvarez Rixo"},"content":{"rendered":"<p>La Biblioteca General y de Humanidades de la Universidad de La Laguna exhibe desde hoy, viernes 22 de abril, y hasta el pr\u00f3ximo 31 de mayo, parte del archivo del polifac\u00e9tico pol\u00edgrafo portuense del siglo XIX Jos\u00e9 Agust\u00edn \u00c1lvarez Rixo. En la muestra destacan aportaciones de clave bibliogr\u00e1fica, autorretratos, estudios hist\u00f3ricos y arqueol\u00f3gicos, literatura, teatro y contribuciones de car\u00e1cter ling\u00fc\u00edstico sobre el lenguaje de los antiguos isle\u00f1os, voces, frases y proverbios provinciales de las islas.<br \/>\n<a href=\"https:\/\/www.ull.es\/portal\/noticias\/2016\/la-ull-celebra-su-dia-del-libro-con-teatro-un-concurso-de-relatos-y-un-homenaje-al-ilustrado-tardio-alvarez-rixo\/\" target=\"_blank\" rel=\"noopener\" target=\"_blank\" rel=\"noopener\">Leer m\u00e1s en <em>Diario Digital<\/em> de la Universidad de La Laguna, 22 de abril de 2016<\/a><\/p>\n","protected":false},"excerpt":{"rendered":"<p>La Biblioteca General y de Humanidades de la Universidad de La Laguna exhibe desde hoy, viernes 22 de abril, y hasta el pr\u00f3ximo 31 de mayo, parte del archivo del polifac\u00e9tico pol\u00edgrafo portuense del siglo XIX Jos\u00e9 Agust\u00edn \u00c1lvarez Rixo. En la muestra destacan aportaciones de clave bibliogr\u00e1fica, autorretratos, estudios hist\u00f3ricos y arqueol\u00f3gicos, literatura, teatro&#8230;<\/p>\n","protected":false},"author":14,"featured_media":0,"comment_status":"closed","ping_status":"open","sticky":false,"template":"","format":"standard","meta":{"footnotes":""},"categories":[4],"tags":[],"class_list":["post-435","post","type-post","status-publish","format-standard","hentry","category-noticias"],"_links":{"self":[{"href":"https:\/\/www.ull.es\/eventos\/alvarez-rixo\/wp-json\/wp\/v2\/posts\/435"}],"collection":[{"href":"https:\/\/www.ull.es\/eventos\/alvarez-rixo\/wp-json\/wp\/v2\/posts"}],"about":[{"href":"https:\/\/www.ull.es\/eventos\/alvarez-rixo\/wp-json\/wp\/v2\/types\/post"}],"author":[{"embeddable":true,"href":"https:\/\/www.ull.es\/eventos\/alvarez-rixo\/wp-json\/wp\/v2\/users\/14"}],"replies":[{"embeddable":true,"href":"https:\/\/www.ull.es\/eventos\/alvarez-rixo\/wp-json\/wp\/v2\/comments?post=435"}],"version-history":[{"count":1,"href":"https:\/\/www.ull.es\/eventos\/alvarez-rixo\/wp-json\/wp\/v2\/posts\/435\/revisions"}],"predecessor-version":[{"id":613,"href":"https:\/\/www.ull.es\/eventos\/alvarez-rixo\/wp-json\/wp\/v2\/posts\/435\/revisions\/613"}],"wp:attachment":[{"href":"https:\/\/www.ull.es\/eventos\/alvarez-rixo\/wp-json\/wp\/v2\/media?parent=435"}],"wp:term":[{"taxonomy":"category","embeddable":true,"href":"https:\/\/www.ull.es\/eventos\/alvarez-rixo\/wp-json\/wp\/v2\/categories?post=435"},{"taxonomy":"post_tag","embeddable":true,"href":"https:\/\/www.ull.es\/eventos\/alvarez-rixo\/wp-json\/wp\/v2\/tags?post=435"}],"curies":[{"name":"wp","href":"https:\/\/api.w.org\/{rel}","templated":true}]}}