{"id":436,"date":"2016-05-09T09:25:59","date_gmt":"2016-05-09T09:25:59","guid":{"rendered":"http:\/\/bbtk.exposicion.ull.es\/alvarezrixo\/?p=394"},"modified":"2021-05-11T14:25:10","modified_gmt":"2021-05-11T12:25:10","slug":"una-exposicion-para-un-cronista-canario","status":"publish","type":"post","link":"https:\/\/www.ull.es\/eventos\/alvarez-rixo\/2016\/05\/09\/una-exposicion-para-un-cronista-canario\/","title":{"rendered":"Una exposici\u00f3n para un cronista canario"},"content":{"rendered":"<p>\u00bfQui\u00e9n fue Jos\u00e9 Agust\u00edn \u00c1lvarez Rixo? Responder a tal pregunta podr\u00eda resultar balad\u00ed para muchos investigadores y estudiosos del pasado canario que se han aproximado al conocimiento y la difusi\u00f3n de la interesante obra del destacado y tard\u00edo ilustrado portuense. La tr\u00e1gica destrucci\u00f3n de documentos o la incesante p\u00e9rdida de informaci\u00f3n, fueron factores determinantes para la ingente compilaci\u00f3n documental realizada por un esp\u00edritu inquieto. A lo largo de su intensa vida, recopil\u00f3 informaci\u00f3n sobre m\u00faltiples acontecimientos sociales, pol\u00edticos, econ\u00f3micos, culturales, antropol\u00f3gicos, etnogr\u00e1ficos y de otra \u00edndole que, a su juicio, merec\u00edan ser objeto de atenci\u00f3n, llegando incluso a crear algunas obras literarias, siendo una constante en su producci\u00f3n el estudio -en mayor o menor medida- de todas las islas de nuestro archipi\u00e9lago.<br \/>\n<a href=\"https:\/\/h3.bbtk.ull.es\/pandora\/cgi-bin\/Pandora.exe?xslt=ejemplar;place=Santa%20Cruz%20de%20Tenerife;publication=La%20Opini%C3%B3n%20de%20Tenerife;day=07;month=05;year=2016;page=024;id=0003951003;collection=prensa;url_high=prensa_pages\/Santa%20Cruz%20de%20Tenerife\/La%20Opini%C3%B3n%20de%20Tenerife\/2016\/201605\/20160507\/20160507-024.pdf;lang=es;encoding=utf-8\" target=\"_blank\" rel=\"noopener\" target=\"_blank\" rel=\"noopener\">Leer m\u00e1s en <em>La Opini\u00f3n de Tenerife, <\/em>7 de mayo de 2016<\/a><\/p>\n","protected":false},"excerpt":{"rendered":"<p>\u00bfQui\u00e9n fue Jos\u00e9 Agust\u00edn \u00c1lvarez Rixo? Responder a tal pregunta podr\u00eda resultar balad\u00ed para muchos investigadores y estudiosos del pasado canario que se han aproximado al conocimiento y la difusi\u00f3n de la interesante obra del destacado y tard\u00edo ilustrado portuense. La tr\u00e1gica destrucci\u00f3n de documentos o la incesante p\u00e9rdida de informaci\u00f3n, fueron factores determinantes para&#8230;<\/p>\n","protected":false},"author":14,"featured_media":0,"comment_status":"closed","ping_status":"open","sticky":false,"template":"","format":"standard","meta":{"footnotes":""},"categories":[4],"tags":[],"class_list":["post-436","post","type-post","status-publish","format-standard","hentry","category-noticias"],"_links":{"self":[{"href":"https:\/\/www.ull.es\/eventos\/alvarez-rixo\/wp-json\/wp\/v2\/posts\/436"}],"collection":[{"href":"https:\/\/www.ull.es\/eventos\/alvarez-rixo\/wp-json\/wp\/v2\/posts"}],"about":[{"href":"https:\/\/www.ull.es\/eventos\/alvarez-rixo\/wp-json\/wp\/v2\/types\/post"}],"author":[{"embeddable":true,"href":"https:\/\/www.ull.es\/eventos\/alvarez-rixo\/wp-json\/wp\/v2\/users\/14"}],"replies":[{"embeddable":true,"href":"https:\/\/www.ull.es\/eventos\/alvarez-rixo\/wp-json\/wp\/v2\/comments?post=436"}],"version-history":[{"count":1,"href":"https:\/\/www.ull.es\/eventos\/alvarez-rixo\/wp-json\/wp\/v2\/posts\/436\/revisions"}],"predecessor-version":[{"id":623,"href":"https:\/\/www.ull.es\/eventos\/alvarez-rixo\/wp-json\/wp\/v2\/posts\/436\/revisions\/623"}],"wp:attachment":[{"href":"https:\/\/www.ull.es\/eventos\/alvarez-rixo\/wp-json\/wp\/v2\/media?parent=436"}],"wp:term":[{"taxonomy":"category","embeddable":true,"href":"https:\/\/www.ull.es\/eventos\/alvarez-rixo\/wp-json\/wp\/v2\/categories?post=436"},{"taxonomy":"post_tag","embeddable":true,"href":"https:\/\/www.ull.es\/eventos\/alvarez-rixo\/wp-json\/wp\/v2\/tags?post=436"}],"curies":[{"name":"wp","href":"https:\/\/api.w.org\/{rel}","templated":true}]}}