{"id":437,"date":"2016-05-17T11:35:58","date_gmt":"2016-05-17T11:35:58","guid":{"rendered":"http:\/\/bbtk.exposicion.ull.es\/alvarezrixo\/?p=403"},"modified":"2021-05-11T14:08:16","modified_gmt":"2021-05-11T12:08:16","slug":"a-vivir-canarias-entrevista-a-paz-fernandez-palomeque","status":"publish","type":"post","link":"https:\/\/www.ull.es\/eventos\/alvarez-rixo\/2016\/05\/17\/a-vivir-canarias-entrevista-a-paz-fernandez-palomeque\/","title":{"rendered":"A vivir Canarias, entrevista a Paz Fern\u00e1ndez Palomeque"},"content":{"rendered":"<p>Entrevista a Paz Fern\u00e1ndez, coordinadora de la exposici\u00f3n, de Zenaido Hern\u00e1ndez en \u00abA vivir Canarias\u00bb, el s\u00e1bado 14 de mayo de 2016.<br \/>\n<a href=\"http:\/\/play.cadenaser.com\/widget\/audio\/ser_tenerife_avivircanarias_20160514_110000_120000\" target=\"_blank\" rel=\"noopener\">Escuchar la entrevista<\/a><\/p>\n","protected":false},"excerpt":{"rendered":"<p>Entrevista a Paz Fern\u00e1ndez, coordinadora de la exposici\u00f3n, de Zenaido Hern\u00e1ndez en \u00abA vivir Canarias\u00bb, el s\u00e1bado 14 de mayo de 2016. Escuchar la entrevista<\/p>\n","protected":false},"author":14,"featured_media":0,"comment_status":"closed","ping_status":"open","sticky":false,"template":"","format":"standard","meta":{"footnotes":""},"categories":[4],"tags":[],"class_list":["post-437","post","type-post","status-publish","format-standard","hentry","category-noticias"],"_links":{"self":[{"href":"https:\/\/www.ull.es\/eventos\/alvarez-rixo\/wp-json\/wp\/v2\/posts\/437"}],"collection":[{"href":"https:\/\/www.ull.es\/eventos\/alvarez-rixo\/wp-json\/wp\/v2\/posts"}],"about":[{"href":"https:\/\/www.ull.es\/eventos\/alvarez-rixo\/wp-json\/wp\/v2\/types\/post"}],"author":[{"embeddable":true,"href":"https:\/\/www.ull.es\/eventos\/alvarez-rixo\/wp-json\/wp\/v2\/users\/14"}],"replies":[{"embeddable":true,"href":"https:\/\/www.ull.es\/eventos\/alvarez-rixo\/wp-json\/wp\/v2\/comments?post=437"}],"version-history":[{"count":1,"href":"https:\/\/www.ull.es\/eventos\/alvarez-rixo\/wp-json\/wp\/v2\/posts\/437\/revisions"}],"predecessor-version":[{"id":618,"href":"https:\/\/www.ull.es\/eventos\/alvarez-rixo\/wp-json\/wp\/v2\/posts\/437\/revisions\/618"}],"wp:attachment":[{"href":"https:\/\/www.ull.es\/eventos\/alvarez-rixo\/wp-json\/wp\/v2\/media?parent=437"}],"wp:term":[{"taxonomy":"category","embeddable":true,"href":"https:\/\/www.ull.es\/eventos\/alvarez-rixo\/wp-json\/wp\/v2\/categories?post=437"},{"taxonomy":"post_tag","embeddable":true,"href":"https:\/\/www.ull.es\/eventos\/alvarez-rixo\/wp-json\/wp\/v2\/tags?post=437"}],"curies":[{"name":"wp","href":"https:\/\/api.w.org\/{rel}","templated":true}]}}