{"id":439,"date":"2016-06-07T09:10:05","date_gmt":"2016-06-07T09:10:05","guid":{"rendered":"http:\/\/bbtk.exposicion.ull.es\/alvarezrixo\/?p=414"},"modified":"2016-06-07T09:10:05","modified_gmt":"2016-06-07T09:10:05","slug":"la-memoria-de-alvarez-rixo-revive-en-el-campus-de-guajara-de-jorge-davila-en-el-dia","status":"publish","type":"post","link":"https:\/\/www.ull.es\/eventos\/alvarez-rixo\/2016\/06\/07\/la-memoria-de-alvarez-rixo-revive-en-el-campus-de-guajara-de-jorge-davila-en-el-dia\/","title":{"rendered":"La memoria de \u00c1lvarez Rixo revive en el Campus de Guajara, de Jorge D\u00e1vila"},"content":{"rendered":"<p>Una pelea callejera en La Ranilla, un informe que le cost\u00f3 la alcald\u00eda del Puerto de la Cruz, un art\u00edculo en el que cuestiona c\u00f3mo es posible que los extranjeros sigan expoliando los recursos naturales de la Isla sin que nadie ponga coto a sus abusos&#8230; Esas solo son tres referencias de la exposici\u00f3n dedicada a Jos\u00e9 Agust\u00edn \u00c1lvarez Rixo (1796-1883) que se pueden ver en la actualidad en la Biblioteca Universitaria del Campus de Guajara de La Laguna.<br \/>\n<a href=\"http:\/\/eldia.es\/cultura\/2016-05-22\/3-memoria-lvarez-Rixo-revive-Campus-Guajara.htm\" target=\"_blank\" rel=\"noopener\">Seguir leyendo en El D\u00eda, 22 de mayo de 2016<\/a><\/p>\n","protected":false},"excerpt":{"rendered":"<p>Una pelea callejera en La Ranilla, un informe que le cost\u00f3 la alcald\u00eda del Puerto de la Cruz, un art\u00edculo en el que cuestiona c\u00f3mo es posible que los extranjeros sigan expoliando los recursos naturales de la Isla sin que nadie ponga coto a sus abusos&#8230; Esas solo son tres referencias de la exposici\u00f3n dedicada&#8230;<\/p>\n","protected":false},"author":14,"featured_media":0,"comment_status":"closed","ping_status":"open","sticky":false,"template":"","format":"standard","meta":{"footnotes":""},"categories":[4],"tags":[],"class_list":["post-439","post","type-post","status-publish","format-standard","hentry","category-noticias"],"_links":{"self":[{"href":"https:\/\/www.ull.es\/eventos\/alvarez-rixo\/wp-json\/wp\/v2\/posts\/439"}],"collection":[{"href":"https:\/\/www.ull.es\/eventos\/alvarez-rixo\/wp-json\/wp\/v2\/posts"}],"about":[{"href":"https:\/\/www.ull.es\/eventos\/alvarez-rixo\/wp-json\/wp\/v2\/types\/post"}],"author":[{"embeddable":true,"href":"https:\/\/www.ull.es\/eventos\/alvarez-rixo\/wp-json\/wp\/v2\/users\/14"}],"replies":[{"embeddable":true,"href":"https:\/\/www.ull.es\/eventos\/alvarez-rixo\/wp-json\/wp\/v2\/comments?post=439"}],"version-history":[{"count":0,"href":"https:\/\/www.ull.es\/eventos\/alvarez-rixo\/wp-json\/wp\/v2\/posts\/439\/revisions"}],"wp:attachment":[{"href":"https:\/\/www.ull.es\/eventos\/alvarez-rixo\/wp-json\/wp\/v2\/media?parent=439"}],"wp:term":[{"taxonomy":"category","embeddable":true,"href":"https:\/\/www.ull.es\/eventos\/alvarez-rixo\/wp-json\/wp\/v2\/categories?post=439"},{"taxonomy":"post_tag","embeddable":true,"href":"https:\/\/www.ull.es\/eventos\/alvarez-rixo\/wp-json\/wp\/v2\/tags?post=439"}],"curies":[{"name":"wp","href":"https:\/\/api.w.org\/{rel}","templated":true}]}}