{"id":459,"date":"2019-07-08T10:49:05","date_gmt":"2019-07-08T08:49:05","guid":{"rendered":"http:\/\/www.ull.es\/eventos\/alvarez-rixo\/?p=459"},"modified":"2019-07-08T10:49:06","modified_gmt":"2019-07-08T08:49:06","slug":"julian-fernandez-calzadilla-y-los-papeles-de-alvarez-rixo","status":"publish","type":"post","link":"https:\/\/www.ull.es\/eventos\/alvarez-rixo\/2019\/07\/08\/julian-fernandez-calzadilla-y-los-papeles-de-alvarez-rixo\/","title":{"rendered":"Juli\u00e1n Fern\u00e1ndez Calzadilla y los papeles de \u00c1lvarez Rixo"},"content":{"rendered":"\n<h4 class=\"wp-block-heading\">Jos\u00e9 Javier Hern\u00e1ndez Garc\u00eda<\/h4>\n\n\n\n<p>La\n intenci\u00f3n de este art\u00edculo es dejar constancia del compromiso de varias\n generaciones de una familia del Puerto de la Cruz que construy\u00f3 una \nespecial atm\u00f3sfera de protecci\u00f3n y unidad en torno al legado escrito de \nun antepasado suyo. Gracias a esa vigilancia y a ese celo, el archivo de\n Jos\u00e9 Agust\u00edn \u00c1lvarez Rixo ha llegado a nuestros d\u00edas en muy buenas \ncondiciones. <\/p>\n\n\n\n<p>\n Al comienzo de la primavera de 1967, Carmen y Eladio, dos bisnietos de \nJos\u00e9 Agust\u00edn \u00c1lvarez Rixo, junto a otras personas, saludaban en Par\u00eds a \nAntonio Ruiz \u00c1lvarez, propietario de una librer\u00eda situada en la <em>rue<\/em>\n Condorcet. Ruiz \u00c1lvarez, el investigador portuense, se hab\u00eda afincado \nen la capital francesa y regentaba este establecimiento sin dejar a un \nlado su labor dirigida al conocimiento de la cultura de las Islas. \nCuando contaba veintis\u00e9is a\u00f1os, el Instituto de Estudios Canarios hab\u00eda \ndistinguido a Antonio por su actividad dirigida al conocimiento de su \ntierra, y esa consideraci\u00f3n nada m\u00e1s fue el punto de partida, pues Ruiz \n\u00c1lvarez cont\u00f3 m\u00e1s tarde con diferentes honores, como el Diploma y \nMedalla de Oro de la Academia de Artes, Ciencias y Letras de Par\u00eds, y \notros que le otorgaron las instituciones isle\u00f1as, peninsulares y \nfrancesas, en agradecimiento a su trayectoria en favor de la cultura. <\/p>\n\n\n\n<p>\n El investigador agradeci\u00f3 con cari\u00f1o la visita de sus paisanos, que le \npermiti\u00f3 saludar a hijos de amigos y, entre ellos \u2013como se ha referido\u2013 a\n dos descendientes de un personaje muy querido por \u00e9l: Jos\u00e9 Agust\u00edn \n\u00c1lvarez Rixo, el alcalde real del Puerto a quien Ruiz \u00c1lvarez siempre \nadmir\u00f3 con el habitual entusiasmo que dedicaba a otras figuras de la \ncultura local: los Miranda, los C\u00f3logan, los Iriarte, Mateo de Soussa, \nAgust\u00edn de Bethencourt, Victoria Ventoso, Luis de la Cruz. Cada uno en \nsu campo trabaj\u00f3 para engrandecer aquel modesto palomar que poetiz\u00f3 Rodr\u00edguez Figueroa en versos dedicados al Puerto.<\/p>\n\n\n\n<p>\n El joven Antonio Ruiz hab\u00eda mantenido abierta en su domicilio familiar \nde la calle del Sol \u2013que de un modo oficial ya se llamaba Doctor Ingram\u2013\n la peque\u00f1a escuela que le permit\u00eda ejercer con m\u00e1s holgura su \ndedicaci\u00f3n investigadora. Marchar a Par\u00eds no entraba todav\u00eda en sus \nplanes. All\u00ed, en su aula de la planta baja de la casa paterna, sus \nalumnos adquir\u00edan el conocimiento de lo preceptivo. Sin embargo, lo \ninteresante, lo novedoso es que Antonio incorporaba a su ense\u00f1anza de \ntodos los d\u00edas comentarios de lo que m\u00e1s le apasionaba: la transmisi\u00f3n \nde la historia de su municipio, desconocida por sus estudiantes. <\/p>\n\n\n\n<hr class=\"wp-block-separator\" \/>\n\n\n\n<p><a href=\"http:\/\/riull.ull.es\/xmlui\/handle\/915\/2133\" target=\"_blank\" rel=\"noreferrer noopener\" target=\"_blank\" rel=\"noopener\">Leer completo en el documento pdf del Cat\u00e1logo<\/a><\/p>\n","protected":false},"excerpt":{"rendered":"<p>Jos\u00e9 Javier Hern\u00e1ndez Garc\u00eda La intenci\u00f3n de este art\u00edculo es dejar constancia del compromiso de varias generaciones de una familia del Puerto de la Cruz que construy\u00f3 una especial atm\u00f3sfera de protecci\u00f3n y unidad en torno al legado escrito de un antepasado suyo. Gracias a esa vigilancia y a ese celo, el archivo de Jos\u00e9&#8230;<\/p>\n","protected":false},"author":14,"featured_media":345,"comment_status":"closed","ping_status":"closed","sticky":false,"template":"","format":"standard","meta":{"footnotes":""},"categories":[13],"tags":[],"class_list":["post-459","post","type-post","status-publish","format-standard","has-post-thumbnail","hentry","category-catalogo"],"_links":{"self":[{"href":"https:\/\/www.ull.es\/eventos\/alvarez-rixo\/wp-json\/wp\/v2\/posts\/459"}],"collection":[{"href":"https:\/\/www.ull.es\/eventos\/alvarez-rixo\/wp-json\/wp\/v2\/posts"}],"about":[{"href":"https:\/\/www.ull.es\/eventos\/alvarez-rixo\/wp-json\/wp\/v2\/types\/post"}],"author":[{"embeddable":true,"href":"https:\/\/www.ull.es\/eventos\/alvarez-rixo\/wp-json\/wp\/v2\/users\/14"}],"replies":[{"embeddable":true,"href":"https:\/\/www.ull.es\/eventos\/alvarez-rixo\/wp-json\/wp\/v2\/comments?post=459"}],"version-history":[{"count":5,"href":"https:\/\/www.ull.es\/eventos\/alvarez-rixo\/wp-json\/wp\/v2\/posts\/459\/revisions"}],"predecessor-version":[{"id":464,"href":"https:\/\/www.ull.es\/eventos\/alvarez-rixo\/wp-json\/wp\/v2\/posts\/459\/revisions\/464"}],"wp:featuredmedia":[{"embeddable":true,"href":"https:\/\/www.ull.es\/eventos\/alvarez-rixo\/wp-json\/wp\/v2\/media\/345"}],"wp:attachment":[{"href":"https:\/\/www.ull.es\/eventos\/alvarez-rixo\/wp-json\/wp\/v2\/media?parent=459"}],"wp:term":[{"taxonomy":"category","embeddable":true,"href":"https:\/\/www.ull.es\/eventos\/alvarez-rixo\/wp-json\/wp\/v2\/categories?post=459"},{"taxonomy":"post_tag","embeddable":true,"href":"https:\/\/www.ull.es\/eventos\/alvarez-rixo\/wp-json\/wp\/v2\/tags?post=459"}],"curies":[{"name":"wp","href":"https:\/\/api.w.org\/{rel}","templated":true}]}}