{"id":473,"date":"2019-07-08T13:22:15","date_gmt":"2019-07-08T11:22:15","guid":{"rendered":"http:\/\/www.ull.es\/eventos\/alvarez-rixo\/?p=473"},"modified":"2019-07-08T13:30:03","modified_gmt":"2019-07-08T11:30:03","slug":"alvarez-rixo-el-ojo-ilustrado","status":"publish","type":"post","link":"https:\/\/www.ull.es\/eventos\/alvarez-rixo\/2019\/07\/08\/alvarez-rixo-el-ojo-ilustrado\/","title":{"rendered":"\u00c1LVAREZ RIXO: El ojo ilustrado"},"content":{"rendered":"\n<h4 class=\"wp-block-heading\">Clementina Calero, Gonzalo Pav\u00e9s<\/h4>\n\n\n\n<p>Jos\u00e9\n Agust\u00edn \u00c1lvarez Rixo es una figura fundamental para conocer y entender \nmuchos de los acontecimientos acaecidos en el Puerto de la Cruz, \nlocalidad donde nace el 28 de agosto de 1796. \u00cdntimo amigo de Alfred \nDiston quien solo tres a\u00f1os antes, en febrero de 1793 nac\u00eda en \nLowestoft, condado de Suffolk, falleciendo en el Puerto de la Cruz en \n1861. Diston hab\u00eda llegado a Tenerife a principios del siglo XIX, \ninstal\u00e1ndose en el Puerto de la Cruz para dedicarse al comercio, siendo \nmiembro de la Casa Comercial Pasley y Little, y m\u00e1s tarde miembro de la \nReal Sociedad Econ\u00f3mica Amigos del Pa\u00eds de La Laguna y de la Academia de\n Bellas Artes \u00c1lvarez Rixo dir\u00eda de \u00e9l que, <\/p>\n\n\n\n<blockquote class=\"wp-block-quote is-layout-flow wp-block-quote-is-layout-flow\"><p>\u2026 <em>era\n aficionado al dibujo y pint\u00f3 nuestras costumbres con sus anotaciones \nque estamp\u00f3 en Londres el a\u00f1o 1829; asimismo hab\u00eda copiado diversas \ncuriosidades hist\u00f3ricas de estas islas, razones por las cuales es \nmerecedor de que se haga memoria de su m\u00e9rito, como lo han hecho algunos\n viajeros que ven\u00edan recomendados a la Casa de Pasley y Little, que don \nAlfredo manipulaba.<\/em><\/p><\/blockquote>\n\n\n\n<p>Por su parte, el Doctor Jos\u00e9 Luis Garc\u00eda P\u00e9rez en su art\u00edculo titulado <em>Alfred Diston, un viajero singular<\/em>, nos refiere que este autor se muestra, <\/p>\n\n\n\n<blockquote class=\"wp-block-quote is-layout-flow wp-block-quote-is-layout-flow\"><p><em>(\u2026)\n en sus primeros a\u00f1os, como un simple aficionado a la pintura y al \ndibujo que, entusiasmado por la armon\u00eda, la luz y color del paisaje \ninsular, no dud\u00f3 en empu\u00f1ar el carboncillo, el l\u00e1piz o el pincel, \nbuscando siempre la manera de adentrarse de una mejor forma en el \nentorno insular, y utilizando este medio como una herramienta \u00fatil e \nimprescindible para poder perpetuar todo ese saber costumbrista en el \nespacio y en el tiempo<\/em><em>.<\/em><\/p><\/blockquote>\n\n\n\n<p>Opinamos\n que estas palabras que seg\u00fan \u00c1lvarez Rixo definen a Alfred Diston \npodr\u00edamos aplic\u00e1rselas a su propia persona, pues no podemos considerarlo\n a \u00e9l tampoco como un pintor propiamente dicho sino m\u00e1s bien, como un \naficionado a la pintura que al igual que aquel, a carboncillo, aguada o \nacuarela, plasma en el papel todo lo que se presenta ante sus ojos. \nRetratos y autorretratos, vistas urbanas y arquitect\u00f3nicas, interiores \nde estancias, im\u00e1genes sagradas y objetos para el culto, mapas, planos, \nvistas de la costa, en definitiva un sinf\u00edn de testimonios gr\u00e1ficos de \ntodo aquello que pod\u00eda tener inter\u00e9s. Para don Jos\u00e9 Agust\u00edn no hab\u00eda \nnunca una obra acabada, siempre era susceptible de ser completada con \nap\u00e9ndices y nuevos a\u00f1adidos. Sus manuscritos son testigos de esta forma \nde proceder que, por otra parte y salvando las distancias, se acerca \nmucho al concepto anglosaj\u00f3n de <em>work in progress<\/em>,\n un trabajo que crece y se enriquece org\u00e1nicamente mientras el autor \nest\u00e1 vivo. Con sus dibujos y garabatos act\u00faa de forma parecida, esboza, \nbosqueja, emborrona aqu\u00ed y all\u00e1, figura y desfigura, experimenta con \ningenio y ligereza sobre el borde amarillento de un legajo y, de pronto \nun d\u00eda, aquel trazo improvisado aparece formando parte de una obra \ndefinitiva. Por esta raz\u00f3n no es dif\u00edcil imaginarnos a \u00c1lvarez Rixo \ndeambulando por las calles y plazas del Puerto cargando con todo lo \nnecesario para, en el momento requerido, tomar nota de una ef\u00edmera \nimpresi\u00f3n de un momento, de una actitud, de un rasgo sobresaliente para \nm\u00e1s tarde completarlo en casa tirando de memoria e imaginaci\u00f3n. <\/p>\n\n\n\n<p>Y\n efectivamente, este hecho queremos destacarlo por encima de cualquier \notro, pues una ciudad como el Puerto de la Cruz, que tantas \ntransformaciones ha sufrido a lo largo de su existencia, y que ha visto \ntransformarse su fisonom\u00eda hasta desaparecer por completo, en algunos \naspectos, que pueda contar con un testimonio gr\u00e1fico de esta categor\u00eda \nes digno alabar.<\/p>\n\n\n\n<hr class=\"wp-block-separator\" \/>\n\n\n\n<p><a href=\"http:\/\/riull.ull.es\/xmlui\/handle\/915\/2133\" target=\"_blank\" rel=\"noreferrer noopener\" target=\"_blank\" rel=\"noopener\">Leer completo en el documento pdf del Cat\u00e1logo<\/a><\/p>\n","protected":false},"excerpt":{"rendered":"<p>Clementina Calero, Gonzalo Pav\u00e9s Jos\u00e9 Agust\u00edn \u00c1lvarez Rixo es una figura fundamental para conocer y entender muchos de los acontecimientos acaecidos en el Puerto de la Cruz, localidad donde nace el 28 de agosto de 1796. \u00cdntimo amigo de Alfred Diston quien solo tres a\u00f1os antes, en febrero de 1793 nac\u00eda en Lowestoft, condado de&#8230;<\/p>\n","protected":false},"author":14,"featured_media":474,"comment_status":"closed","ping_status":"closed","sticky":false,"template":"","format":"standard","meta":{"footnotes":""},"categories":[13],"tags":[],"class_list":["post-473","post","type-post","status-publish","format-standard","has-post-thumbnail","hentry","category-catalogo"],"_links":{"self":[{"href":"https:\/\/www.ull.es\/eventos\/alvarez-rixo\/wp-json\/wp\/v2\/posts\/473"}],"collection":[{"href":"https:\/\/www.ull.es\/eventos\/alvarez-rixo\/wp-json\/wp\/v2\/posts"}],"about":[{"href":"https:\/\/www.ull.es\/eventos\/alvarez-rixo\/wp-json\/wp\/v2\/types\/post"}],"author":[{"embeddable":true,"href":"https:\/\/www.ull.es\/eventos\/alvarez-rixo\/wp-json\/wp\/v2\/users\/14"}],"replies":[{"embeddable":true,"href":"https:\/\/www.ull.es\/eventos\/alvarez-rixo\/wp-json\/wp\/v2\/comments?post=473"}],"version-history":[{"count":1,"href":"https:\/\/www.ull.es\/eventos\/alvarez-rixo\/wp-json\/wp\/v2\/posts\/473\/revisions"}],"predecessor-version":[{"id":475,"href":"https:\/\/www.ull.es\/eventos\/alvarez-rixo\/wp-json\/wp\/v2\/posts\/473\/revisions\/475"}],"wp:featuredmedia":[{"embeddable":true,"href":"https:\/\/www.ull.es\/eventos\/alvarez-rixo\/wp-json\/wp\/v2\/media\/474"}],"wp:attachment":[{"href":"https:\/\/www.ull.es\/eventos\/alvarez-rixo\/wp-json\/wp\/v2\/media?parent=473"}],"wp:term":[{"taxonomy":"category","embeddable":true,"href":"https:\/\/www.ull.es\/eventos\/alvarez-rixo\/wp-json\/wp\/v2\/categories?post=473"},{"taxonomy":"post_tag","embeddable":true,"href":"https:\/\/www.ull.es\/eventos\/alvarez-rixo\/wp-json\/wp\/v2\/tags?post=473"}],"curies":[{"name":"wp","href":"https:\/\/api.w.org\/{rel}","templated":true}]}}