{"id":476,"date":"2019-07-08T13:27:39","date_gmt":"2019-07-08T11:27:39","guid":{"rendered":"http:\/\/www.ull.es\/eventos\/alvarez-rixo\/?p=476"},"modified":"2021-05-11T13:42:19","modified_gmt":"2021-05-11T11:42:19","slug":"novela-ingeniosa-cuyo-genero-de-composicion-no-se-habia-ensayado-hasta-entonces-en-las-islas-canarias-fray-luis-de-la-confucion-de-alvarez-rixo","status":"publish","type":"post","link":"https:\/\/www.ull.es\/eventos\/alvarez-rixo\/2019\/07\/08\/novela-ingeniosa-cuyo-genero-de-composicion-no-se-habia-ensayado-hasta-entonces-en-las-islas-canarias-fray-luis-de-la-confucion-de-alvarez-rixo\/","title":{"rendered":"\u00abNovela ingeniosa cuyo g\u00e9nero de composici\u00f3n no se hab\u00eda ensayado hasta entonces en las Islas Canarias\u00bb: Fray Luis de la Confucion de \u00c1lvarez Rixo."},"content":{"rendered":"\n<h4 class=\"wp-block-heading\">Ad\u00e1n Roc\u00edo Palmero<\/h4>\n\n\n\n<p>La entrada de Agust\u00edn Millares Carlo en \nsu obra Biobibliograf\u00eda de escritores canarios. (Siglos XVI, XVII y \nXVIII) se convirti\u00f3 en el pistoletazo de salida de nuestra investigaci\u00f3n\n ya que fue el inicio de nuestra b\u00fasqueda de la novela de Rixo:<\/p>\n\n\n\n<p class=\"has-small-font-size\">XXXII. El  Duende de proteci\u00f3n [sic] || o Aventuras verdaderas || de || Fray Luis  de la Confusi\u00f3n. 4.\u00ba MS. aut\u00f3grafo. XXV -+ 240 pp.<br> Port . transcrita -Noticia del origen y contenido de este libro.-Dibujo  coloreado que representa a fray Luis de la Confusi\u00f3n.-Texto.<br> A continuaci\u00f3n, y en 22 hojas sin numerar:<br> Cap\u00edtulo intercalario titulado as\u00ed por contener varios p\u00e1rrafos de  circunstancias que deben adicionarse a otros contenidos en las escritas  Aventuras singulares de fray Luis de la Confusi\u00f3n1.<\/p>\n\n\n\n<p>[Se\u00f1alar como curiosidad que Millares \nconfunde una palabra del t\u00edtulo ya que si acudimos al manuscrito se \npuede observar claramente la palabra \u00abprofesi\u00f3n\u00bb en vez de \u00abprotecci\u00f3n\u00bb:\n probablemente el pale\u00f3grafo canario no viera la obra in situ sino a \ntrav\u00e9s de una comunicaci\u00f3n verbal o escrita de los descendientes de \nRixo]<\/p>\n\n\n\n<p>La tradici\u00f3n narrativa en la que podemos  insertar esta novela es la de la novela del XVIII escrita bajo la  influencia del modelo cervantino del Quijote (en la que la escritura en  clave c\u00f3mica no oculta su finalidad did\u00e1ctica o de cr\u00edtica de las  costumbres). Joaqu\u00edn \u00c1lvarez Barrientos realiza una afirmaci\u00f3n, acerca  de Cervantes y su novela, que creemos clave para el entendimiento de la  obra de Rixo: \u00ab\u2026 la ambig\u00fcedad de la obra \u2014la causa precisamente de su  universalidad\u2014apunta m\u00e1s que a un tipo de literatura (la caballeresca) a  un mundo en decadencia\u00bb.<\/p>\n\n\n\n<p><a rel=\"noreferrer noopener\" href=\"http:\/\/riull.ull.es\/xmlui\/handle\/915\/2133\" target=\"_blank\" target=\"_blank\" rel=\"noopener\">Leer completo en el documento pdf del Cat\u00e1logo<\/a><\/p>\n","protected":false},"excerpt":{"rendered":"<p>Ad\u00e1n Roc\u00edo Palmero La entrada de Agust\u00edn Millares Carlo en su obra Biobibliograf\u00eda de escritores canarios. (Siglos XVI, XVII y XVIII) se convirti\u00f3 en el pistoletazo de salida de nuestra investigaci\u00f3n ya que fue el inicio de nuestra b\u00fasqueda de la novela de Rixo: XXXII. El Duende de proteci\u00f3n [sic] || o Aventuras verdaderas ||&#8230;<\/p>\n","protected":false},"author":14,"featured_media":344,"comment_status":"closed","ping_status":"closed","sticky":false,"template":"","format":"standard","meta":{"footnotes":""},"categories":[13],"tags":[],"class_list":["post-476","post","type-post","status-publish","format-standard","has-post-thumbnail","hentry","category-catalogo"],"_links":{"self":[{"href":"https:\/\/www.ull.es\/eventos\/alvarez-rixo\/wp-json\/wp\/v2\/posts\/476"}],"collection":[{"href":"https:\/\/www.ull.es\/eventos\/alvarez-rixo\/wp-json\/wp\/v2\/posts"}],"about":[{"href":"https:\/\/www.ull.es\/eventos\/alvarez-rixo\/wp-json\/wp\/v2\/types\/post"}],"author":[{"embeddable":true,"href":"https:\/\/www.ull.es\/eventos\/alvarez-rixo\/wp-json\/wp\/v2\/users\/14"}],"replies":[{"embeddable":true,"href":"https:\/\/www.ull.es\/eventos\/alvarez-rixo\/wp-json\/wp\/v2\/comments?post=476"}],"version-history":[{"count":2,"href":"https:\/\/www.ull.es\/eventos\/alvarez-rixo\/wp-json\/wp\/v2\/posts\/476\/revisions"}],"predecessor-version":[{"id":609,"href":"https:\/\/www.ull.es\/eventos\/alvarez-rixo\/wp-json\/wp\/v2\/posts\/476\/revisions\/609"}],"wp:featuredmedia":[{"embeddable":true,"href":"https:\/\/www.ull.es\/eventos\/alvarez-rixo\/wp-json\/wp\/v2\/media\/344"}],"wp:attachment":[{"href":"https:\/\/www.ull.es\/eventos\/alvarez-rixo\/wp-json\/wp\/v2\/media?parent=476"}],"wp:term":[{"taxonomy":"category","embeddable":true,"href":"https:\/\/www.ull.es\/eventos\/alvarez-rixo\/wp-json\/wp\/v2\/categories?post=476"},{"taxonomy":"post_tag","embeddable":true,"href":"https:\/\/www.ull.es\/eventos\/alvarez-rixo\/wp-json\/wp\/v2\/tags?post=476"}],"curies":[{"name":"wp","href":"https:\/\/api.w.org\/{rel}","templated":true}]}}