{"id":478,"date":"2019-07-08T14:07:21","date_gmt":"2019-07-08T12:07:21","guid":{"rendered":"http:\/\/www.ull.es\/eventos\/alvarez-rixo\/?p=478"},"modified":"2021-05-11T13:43:24","modified_gmt":"2021-05-11T11:43:24","slug":"la-poesia-en-el-archivo-de-jose-agustin-alvarez-rixo-una-coleccion-imprescindible-para-la-reconstruccion-de-la-literatura-de-los-siglos-xviii-y-xix","status":"publish","type":"post","link":"https:\/\/www.ull.es\/eventos\/alvarez-rixo\/2019\/07\/08\/la-poesia-en-el-archivo-de-jose-agustin-alvarez-rixo-una-coleccion-imprescindible-para-la-reconstruccion-de-la-literatura-de-los-siglos-xviii-y-xix\/","title":{"rendered":"La poes\u00eda en el archivo de Jos\u00e9 Agust\u00edn \u00c1lvarez Rixo: Una colecci\u00f3n imprescindible para la reconstrucci\u00f3n de la literatura de los siglos XVIII y XIX"},"content":{"rendered":"\n<h4 class=\"wp-block-heading\">Jes\u00fas D\u00edaz Armas<\/h4>\n\n\n\n<p>Ya\n hace tiempo que generaciones de investigadores y curiosos conoc\u00edan y \nfrecuentaban el archivo de Jos\u00e9 Agust\u00edn \u00c1lvarez Rixo, esmeradamente \ncuidado y generosamente atendido por los descendientes del escritor \nlanzarote\u00f1o. a cuya vivienda, en el Puerto de la Cruz, era necesario \nacudir para su consulta, pero ahora podemos felicitarnos de que el \narchivo haya sido generosamente cedido por sus \u00faltimos responsables, \nRosario y Carmen Fern\u00e1ndez \u00c1lvarez y Eladio Santaella \u00c1lvarez, herederos\n y continuadores de la funci\u00f3n conservadora de Juli\u00e1n Fern\u00e1ndez \nCalzadilla, para su custodia y catalogaci\u00f3n por la Universidad de La \nLaguna y su estudio por los investigadores interesados en la \nreconstrucci\u00f3n hist\u00f3rica y literaria del pasado.<\/p>\n\n\n\n<p>\n Los siglos XVIII y XIX son una \u00e9poca muy bien documentada de nuestro \npasado, pese a que se ha perdido, desgraciadamente, gran parte de \nnuestro acervo documental a causa de los incendios de los templos y la \ndesidia y la ambici\u00f3n de herederos que en demasiadas ocasiones han \nmostrado ser indignos depositarios de algunos importantes fondos \ndocumentales e indignos descendientes de quienes, con paciencia y \nesmero, dedicaron sus vidas a estudiar y atesorar noticias sobre nuestro\n pasado. Por fortuna, no es este el caso.<\/p>\n\n\n\n<p>\n En el caso del archivo de Jos\u00e9 Agust\u00edn \u00c1lvarez Rixo, los fondos eran \nconocidos gracias a la descripci\u00f3n de Agust\u00edn Millares Carlo en su <em>Biobibliograf\u00eda<\/em>,\n relaci\u00f3n no muy exacta, al basarse en el cat\u00e1logo de los manuscritos \ncustodiados que formaba parte de la propia colecci\u00f3n, y mejor a\u00fan \ngracias a los numerosos trabajos que recientemente le han dedicado \nCarmen D\u00edaz Alay\u00f3n y Francisco Castillo. Parte del fondo, al menos, \nhab\u00eda recibido la atenci\u00f3n de distintos investigadores, sobre todo \nhistoriadores, y algunas de las obras escritas por \u00c1lvarez Rixo hab\u00edan \nvisto la luz en ediciones m\u00e1s o menos fiables. <\/p>\n\n\n\n<p>  A pesar de cuanto promet\u00edan los cat\u00e1logos realizados por Millares  Carlo, los textos literarios de la colecci\u00f3n no han tenido hasta  recientes fechas la misma suerte, pues pocos son los investigadores que  se han acercado a ellos desde una perspectiva filol\u00f3gica, y contamos tan  s\u00f3lo con la edici\u00f3n de algunos de los textos teatrales del propio  \u00c1lvarez Rixo por Jos\u00e9 Antonio Ramos Arteaga, de la poes\u00eda de Mar\u00eda de  Viera y Clavijo por Victoria Galv\u00e1n, de los textos period\u00edsticos por  Carmen D\u00edaz Alay\u00f3n y Francisco Castillo o de los escasos fragmentos  conservados, gracias a la diligencia de \u00c1lvarez Rixo, de la <em>Perenqueneida<\/em>,  de Miguel Cabral de Noro\u00f1a, por parte de quien redacta estas l\u00edneas.  Hab\u00edan sido editados tambi\u00e9n, aunque no siempre a partir de la colecci\u00f3n  de \u00c1lvarez Rixo, sino a trav\u00e9s de las muchas copias que circularon de  ellos, algunos de los textos literarios de car\u00e1cter ocasional,  sat\u00edrico-burlesco, encomi\u00e1stico o patri\u00f3tico escritos al calor de los  convulsos acontecimientos hist\u00f3ricos de principios del siglo XIX en los  estudios de Morales, Guigou, Bonnet y otros muchos sobre la invasi\u00f3n  napole\u00f3nica, la constituci\u00f3n de C\u00e1diz, la creaci\u00f3n de la Junta Suprema,  las desavenencias entre el Cabildo catedralicio de Las Palmas y la Junta  Suprema de Tenerife, los enfrentamientos entre Cagigal y sus  adversarios, etc.<\/p>\n\n\n\n<p><a rel=\"noreferrer noopener\" href=\"http:\/\/riull.ull.es\/xmlui\/handle\/915\/2133\" target=\"_blank\" target=\"_blank\" rel=\"noopener\">Leer completo en el documento pdf del Cat\u00e1logo<\/a><\/p>\n\n\n\n<hr class=\"wp-block-separator\" \/>\n\n\n\n<p><\/p>\n","protected":false},"excerpt":{"rendered":"<p>Jes\u00fas D\u00edaz Armas Ya hace tiempo que generaciones de investigadores y curiosos conoc\u00edan y frecuentaban el archivo de Jos\u00e9 Agust\u00edn \u00c1lvarez Rixo, esmeradamente cuidado y generosamente atendido por los descendientes del escritor lanzarote\u00f1o. a cuya vivienda, en el Puerto de la Cruz, era necesario acudir para su consulta, pero ahora podemos felicitarnos de que el&#8230;<\/p>\n","protected":false},"author":14,"featured_media":479,"comment_status":"closed","ping_status":"closed","sticky":false,"template":"","format":"standard","meta":{"footnotes":""},"categories":[13],"tags":[],"class_list":["post-478","post","type-post","status-publish","format-standard","has-post-thumbnail","hentry","category-catalogo"],"_links":{"self":[{"href":"https:\/\/www.ull.es\/eventos\/alvarez-rixo\/wp-json\/wp\/v2\/posts\/478"}],"collection":[{"href":"https:\/\/www.ull.es\/eventos\/alvarez-rixo\/wp-json\/wp\/v2\/posts"}],"about":[{"href":"https:\/\/www.ull.es\/eventos\/alvarez-rixo\/wp-json\/wp\/v2\/types\/post"}],"author":[{"embeddable":true,"href":"https:\/\/www.ull.es\/eventos\/alvarez-rixo\/wp-json\/wp\/v2\/users\/14"}],"replies":[{"embeddable":true,"href":"https:\/\/www.ull.es\/eventos\/alvarez-rixo\/wp-json\/wp\/v2\/comments?post=478"}],"version-history":[{"count":3,"href":"https:\/\/www.ull.es\/eventos\/alvarez-rixo\/wp-json\/wp\/v2\/posts\/478\/revisions"}],"predecessor-version":[{"id":611,"href":"https:\/\/www.ull.es\/eventos\/alvarez-rixo\/wp-json\/wp\/v2\/posts\/478\/revisions\/611"}],"wp:featuredmedia":[{"embeddable":true,"href":"https:\/\/www.ull.es\/eventos\/alvarez-rixo\/wp-json\/wp\/v2\/media\/479"}],"wp:attachment":[{"href":"https:\/\/www.ull.es\/eventos\/alvarez-rixo\/wp-json\/wp\/v2\/media?parent=478"}],"wp:term":[{"taxonomy":"category","embeddable":true,"href":"https:\/\/www.ull.es\/eventos\/alvarez-rixo\/wp-json\/wp\/v2\/categories?post=478"},{"taxonomy":"post_tag","embeddable":true,"href":"https:\/\/www.ull.es\/eventos\/alvarez-rixo\/wp-json\/wp\/v2\/tags?post=478"}],"curies":[{"name":"wp","href":"https:\/\/api.w.org\/{rel}","templated":true}]}}