{"id":486,"date":"2019-07-08T14:11:49","date_gmt":"2019-07-08T12:11:49","guid":{"rendered":"http:\/\/www.ull.es\/eventos\/alvarez-rixo\/?p=486"},"modified":"2021-05-11T13:41:27","modified_gmt":"2021-05-11T11:41:27","slug":"alvarez-rixo-en-sus-palabras","status":"publish","type":"post","link":"https:\/\/www.ull.es\/eventos\/alvarez-rixo\/2019\/07\/08\/alvarez-rixo-en-sus-palabras\/","title":{"rendered":"\u00c1lvarez Rixo en sus palabras"},"content":{"rendered":"\n<h4 class=\"wp-block-heading\">Francisco Javier Castillo<\/h4>\n\n\n\n<p>Una\n manera r\u00e1pida y v\u00e1lida de acercarse a un autor es a trav\u00e9s de sus \npropias palabras. Un conjunto de citas, reflexiva y acertadamente \nelegidas, consiguen en poco tiempo una pintura efectiva de su ideario, \nde sus actitudes y de sus valores. Y esto es lo que aqu\u00ed intento lograr \ncon Jos\u00e9 Agust\u00edn \u00c1lvarez Rixo, con este conjunto de frases entresacadas \nde distintas piezas de su producci\u00f3n. En ellas podremos ver que estamos\n ante un hombre de arraigadas convicciones religiosas y de ideas \nconservadoras en lo pol\u00edtico, pero que defiende especialmente los \nvalores del progreso, el orden, la instrucci\u00f3n, la responsabilidad y la \nsensatez, donde observamos muchos de los ingredientes del intelectual \nilustrado. Tambi\u00e9n vemos que nuestro autor, tanto por su procedencia \nfamiliar como por su educaci\u00f3n, se ve a s\u00ed mismo dentro de la clase \ndirigente del Puerto de la Cruz; obviamente no pertenece a la \naristocracia ni forma parte de la alta burgues\u00eda comercial, pero s\u00ed a la\n clase acomodada local, y en todo momento lo vemos mantener esta \nconciencia de clase. De igual modo podemos ver que estamos ante un \nhombre que se compromete en la vida pol\u00edtica porque se ve preparado para\n el desempe\u00f1o de las tareas correspondientes y porque tiene bien claro \nqu\u00e9 tipo de comportamientos no se deben dar; por ello no dudar\u00e1 en \ndestacar distintas pr\u00e1cticas que ensombrecen la actuaci\u00f3n pol\u00edtica y que\n van desde la corrupci\u00f3n y el enriquecimiento il\u00edcito hasta la falta de \npreparaci\u00f3n.<\/p>\n\n\n\n<p>Tambi\u00e9n podemos ver su  posici\u00f3n en relaci\u00f3n con el trabajo hist\u00f3rico, que se sustenta en tres  principios espec\u00edficos: lo verdadero como asunto y objeto de an\u00e1lisis,  la adecuada preparaci\u00f3n del historiador y el valor intr\u00ednseco de todos  los materiales; tambi\u00e9n se puede observar su inter\u00e9s por la transmisi\u00f3n  del conocimiento, la conservaci\u00f3n de las fuentes tanto p\u00fablicas como  privadas y la perdurabilidad de la obra. En  \u00c1lvarez Rixo, las Canarias y los canarios constituyen una preocupaci\u00f3n  constante y sincera, y se deja ver una y otra vez su concepci\u00f3n de las  Islas como una entidad unitaria, no solo a niveles geogr\u00e1ficos, sino  tambi\u00e9n administrativa y culturalmente. Vemos tambi\u00e9n que nuestro autor  se muestra aqu\u00ed como un perfecto conocedor de las virtudes y de las  debilidades de los isle\u00f1os; y, as\u00ed, en numerosas ocasiones no deja de  recordar los males que la ignorancia, la falta de previsi\u00f3n, la  insolidaridad y el desinter\u00e9s, entre otras actitudes negativas, producen  en el desarrollo general del Archipi\u00e9lago y en el progreso particular  de sus pueblos y habitantes. A los gobernantes y autoridades insulares  dirige tambi\u00e9n sus manifestaciones por la directa responsabilidad que  tienen en el estado de las cosas. Uno de los puntos esenciales del  ideario econ\u00f3mico de \u00c1lvarez Rixo es la autosuficiencia de las Islas y  el conocimiento de sus posibilidades. Le parece que comete un soberbio  disparate aquel que espera que otro le facilite lo que \u00e9l mismo puede  hacer y cree que lo m\u00e1s factible es confiar en los propios esfuerzos, la  uni\u00f3n patri\u00f3tica y la actividad, evitando vivir dependientes de la  agricultura extranjera que \u00abnos lleva el dinero y no adelanta la  nuestra\u00bb. Por todo ello, las cuestiones agrarias tienen para \u00e9l una  cuesti\u00f3n primordial y subraya una y otra vez que hay que instruir a la  juventud en la agricultura. Tambi\u00e9n considera que hay que conseguir para  la agricultura insular una din\u00e1mica de fortaleza, manteniendo los  cultivos tradicionales y no permitiendo que estos caigan en el abandono,  e introduciendo otros nuevos m\u00e1s rentables.<\/p>\n\n\n\n<p><a rel=\"noreferrer noopener\" href=\"http:\/\/riull.ull.es\/xmlui\/handle\/915\/2133\" target=\"_blank\" target=\"_blank\" rel=\"noopener\">Leer completo en el documento pdf del Cat\u00e1logo<\/a><\/p>\n","protected":false},"excerpt":{"rendered":"<p>Francisco Javier Castillo Una manera r\u00e1pida y v\u00e1lida de acercarse a un autor es a trav\u00e9s de sus propias palabras. Un conjunto de citas, reflexiva y acertadamente elegidas, consiguen en poco tiempo una pintura efectiva de su ideario, de sus actitudes y de sus valores. Y esto es lo que aqu\u00ed intento lograr con Jos\u00e9&#8230;<\/p>\n","protected":false},"author":14,"featured_media":343,"comment_status":"closed","ping_status":"closed","sticky":false,"template":"","format":"standard","meta":{"footnotes":""},"categories":[13],"tags":[],"class_list":["post-486","post","type-post","status-publish","format-standard","has-post-thumbnail","hentry","category-catalogo"],"_links":{"self":[{"href":"https:\/\/www.ull.es\/eventos\/alvarez-rixo\/wp-json\/wp\/v2\/posts\/486"}],"collection":[{"href":"https:\/\/www.ull.es\/eventos\/alvarez-rixo\/wp-json\/wp\/v2\/posts"}],"about":[{"href":"https:\/\/www.ull.es\/eventos\/alvarez-rixo\/wp-json\/wp\/v2\/types\/post"}],"author":[{"embeddable":true,"href":"https:\/\/www.ull.es\/eventos\/alvarez-rixo\/wp-json\/wp\/v2\/users\/14"}],"replies":[{"embeddable":true,"href":"https:\/\/www.ull.es\/eventos\/alvarez-rixo\/wp-json\/wp\/v2\/comments?post=486"}],"version-history":[{"count":3,"href":"https:\/\/www.ull.es\/eventos\/alvarez-rixo\/wp-json\/wp\/v2\/posts\/486\/revisions"}],"predecessor-version":[{"id":608,"href":"https:\/\/www.ull.es\/eventos\/alvarez-rixo\/wp-json\/wp\/v2\/posts\/486\/revisions\/608"}],"wp:featuredmedia":[{"embeddable":true,"href":"https:\/\/www.ull.es\/eventos\/alvarez-rixo\/wp-json\/wp\/v2\/media\/343"}],"wp:attachment":[{"href":"https:\/\/www.ull.es\/eventos\/alvarez-rixo\/wp-json\/wp\/v2\/media?parent=486"}],"wp:term":[{"taxonomy":"category","embeddable":true,"href":"https:\/\/www.ull.es\/eventos\/alvarez-rixo\/wp-json\/wp\/v2\/categories?post=486"},{"taxonomy":"post_tag","embeddable":true,"href":"https:\/\/www.ull.es\/eventos\/alvarez-rixo\/wp-json\/wp\/v2\/tags?post=486"}],"curies":[{"name":"wp","href":"https:\/\/api.w.org\/{rel}","templated":true}]}}