{"id":488,"date":"2019-07-08T14:13:47","date_gmt":"2019-07-08T12:13:47","guid":{"rendered":"http:\/\/www.ull.es\/eventos\/alvarez-rixo\/?p=488"},"modified":"2021-05-11T13:38:08","modified_gmt":"2021-05-11T11:38:08","slug":"las-aportaciones-linguisticas-de-alvarez-rixo","status":"publish","type":"post","link":"https:\/\/www.ull.es\/eventos\/alvarez-rixo\/2019\/07\/08\/las-aportaciones-linguisticas-de-alvarez-rixo\/","title":{"rendered":"Las aportaciones ling\u00fc\u00edsticas de \u00c1lvarez Rixo"},"content":{"rendered":"\n<h4 class=\"wp-block-heading\">Carmen D\u00edaz Alay\u00f3n<\/h4>\n\n\n\n<p>Las cuestiones ling\u00fc\u00edsticas insulares \nllamaron la atenci\u00f3n de Jos\u00e9 Agust\u00edn \u00c1lvarez Rixo y a su aportaci\u00f3n en \neste campo me acerco en estas notas, en las que me refiero especialmente\n a aquellas contribuciones en las que concede una singular importancia \nal espa\u00f1ol de Canarias y en las que vemos sus esfuerzos por recopilar \nmateriales l\u00e9xicos y fraseol\u00f3gicos del habla insular, al igual que por \nestablecer la filiaci\u00f3n ling\u00fc\u00edstica de algunos t\u00e9rminos, todo ello \ndentro de una aportaci\u00f3n que lo convierte en una referencia obligada \npara los estudios m\u00e1s tempranos de nuestra habla. Adem\u00e1s de esto hay que\n destacar que \u00c1lvarez Rixo ahonda en todas aquellas cuestiones de \ncar\u00e1cter ling\u00fc\u00edstico, tanto las relativas a la lengua viva cuyos \ncomportamientos puede observar de manera directa, como las que \ncorresponden a los materiales supervivientes del sistema de comunicaci\u00f3n\n que usaba la poblaci\u00f3n prehisp\u00e1nica. Y afronta esta tarea sin tener una\n preparaci\u00f3n filol\u00f3gica espec\u00edfica, pero lo hace sirvi\u00e9ndose de tres \nherramientas que funcionan de modo magn\u00edfico: la amplitud de lecturas, \nla dedicaci\u00f3n y, en especial, el sentido com\u00fan.<\/p>\n\n\n\n<p>Buena muestra de su labor es su trabajo <em>Lenguaje de los antiguos isle\u00f1os<\/em>, donde recopila todos los materiales  que puede reunir a este respecto y los clasifica seg\u00fan su car\u00e1cter,  intentando profundizar en el an\u00e1lisis de estos restos conservados y en  el conocimiento de la naturaleza de la lengua de los antiguos canarios, y  donde no se limita \u00fanicamente al \u00e1mbito ling\u00fc\u00edstico, sino que parte del  an\u00e1lisis de la lengua para alcanzar, con los escasos medios de  formaci\u00f3n e informaci\u00f3n que posee, una explicaci\u00f3n general de la oscura y  atrayente prehistoria de Canarias.<\/p>\n\n\n\n<p>La primera parte del trabajo obedece al \nr\u00f3tulo de \u00abApuntaciones indagatorias sobre el origen de la lengua que \nhablaron los antiguos habitantes de estas Islas Canarias\u00bb, en \nveinticuatro secciones, donde recoge y comenta la informaci\u00f3n de las \nprincipales fuentes en este sentido. Especial relevancia tiene aqu\u00ed, \nsobre todo por la temprana fecha en que se hacen, las indicaciones \nmetodol\u00f3gicas que se\u00f1ala sobre la naturaleza de los top\u00f3nimos y sus \nposibilidades para profundizar en el conocimiento de la lengua antigua \nde las Islas. En ellas podemos ver que nuestro autor tiene \nparticularmente presente los mecanismos que gobiernan la formaci\u00f3n y la \nevoluci\u00f3n de los nombres de lugar y por eso subraya que los top\u00f3nimos de\n los abor\u00edgenes \u00abtambi\u00e9n deben ser materia digna de observaci\u00f3n para \nfijar el origen del idioma que hablaron los antiguos canarios\u00bb, y \ncontin\u00faa poco despu\u00e9s afirmando \u00abque el nombre de un sitio o pueblo se \norigin\u00f3 y proviene de alguna circunstancia y tuvo significado para el \nprimer hombre o sociedad que se lo impuso. Y si hay alguno cuya \nsignificaci\u00f3n ya no sabemos, es o por la corrupci\u00f3n de aquella voz, \nalterada por los pueblos sucesivos que han devastado los pa\u00edses al \ndominarlo, o porque los del d\u00eda no tuvimos perfecta tradici\u00f3n de aquel \nvocablo. Pero es indudable que quien se lo impuso algo quiso significar \nen ello; luego, los nombres que los canarios antiguos usaron en sus \nislas son otras tantas voces que nos restan de su idioma, aunque \nnosotros no sepamos hoy su significado\u00bb. De igual modo se puede ver que \nnuestro autor est\u00e1 persuadido del entronque africano del sistema de \ncomunicaci\u00f3n de los antiguos canarios y por ello llega a se\u00f1alar que:<\/p>\n\n\n\n<blockquote class=\"wp-block-quote is-layout-flow wp-block-quote-is-layout-flow\"><p>Ni al llegar a esta indicaci\u00f3n puedo \ndispensarme de lamentar cu\u00e1n sensible es que en tant\u00edsima bober\u00eda como \nnuestros compatriotas pudientes han gastado y gastan su dinero, no se \nhubiese animado alguno a viajar por el \u00c1frica inmediata, o costear a \nquien pudiese hacerlo, para observar el lenguaje y usos de los pueblos \nde las monta\u00f1as de Marruecos y de Suz, que a pesar de hallarse ya muy \nmezclados con los \u00e1rabes, mucho pudiera ilustrar nuestra historia y \ncuriosidad. Pero esta clase de especulaciones cient\u00edficas no entran en \nla esfera indolente del isle\u00f1o, que vive satisfecho con o\u00edr o leer de \ncarrera las que hacen los sabios extranjeros, sin jam\u00e1s pensar en la \ngloria que se adquiere por ello.<\/p><\/blockquote>\n\n\n\n<p>El an\u00e1lisis propiamente ling\u00fc\u00edstico \ncomienza en el apartado n.\u00ba 15, con un estudio de las graf\u00edas y en los \napartados siguientes, va proporcionando las conclusiones de su \ninvestigaci\u00f3n; en este sentido, establece que la forma ach es \nequivalente a los art\u00edculos espa\u00f1oles el y la, que achi es se\u00f1al de \ndiminutivo, que efe o ife quiere decir cosa elevada y puntiaguda, y que \nla s\u00edlaba ta tiene car\u00e1cter de art\u00edculo.<\/p>\n\n\n\n<hr class=\"wp-block-separator\" \/>\n\n\n\n<p><a href=\"http:\/\/riull.ull.es\/xmlui\/handle\/915\/2133\" target=\"_blank\" rel=\"noreferrer noopener\" target=\"_blank\" rel=\"noopener\">Leer completo en el documento pdf del Cat\u00e1logo<\/a><\/p>\n","protected":false},"excerpt":{"rendered":"<p>Carmen D\u00edaz Alay\u00f3n Las cuestiones ling\u00fc\u00edsticas insulares llamaron la atenci\u00f3n de Jos\u00e9 Agust\u00edn \u00c1lvarez Rixo y a su aportaci\u00f3n en este campo me acerco en estas notas, en las que me refiero especialmente a aquellas contribuciones en las que concede una singular importancia al espa\u00f1ol de Canarias y en las que vemos sus esfuerzos por&#8230;<\/p>\n","protected":false},"author":14,"featured_media":335,"comment_status":"closed","ping_status":"closed","sticky":false,"template":"","format":"standard","meta":{"footnotes":""},"categories":[13],"tags":[],"class_list":["post-488","post","type-post","status-publish","format-standard","has-post-thumbnail","hentry","category-catalogo"],"_links":{"self":[{"href":"https:\/\/www.ull.es\/eventos\/alvarez-rixo\/wp-json\/wp\/v2\/posts\/488"}],"collection":[{"href":"https:\/\/www.ull.es\/eventos\/alvarez-rixo\/wp-json\/wp\/v2\/posts"}],"about":[{"href":"https:\/\/www.ull.es\/eventos\/alvarez-rixo\/wp-json\/wp\/v2\/types\/post"}],"author":[{"embeddable":true,"href":"https:\/\/www.ull.es\/eventos\/alvarez-rixo\/wp-json\/wp\/v2\/users\/14"}],"replies":[{"embeddable":true,"href":"https:\/\/www.ull.es\/eventos\/alvarez-rixo\/wp-json\/wp\/v2\/comments?post=488"}],"version-history":[{"count":2,"href":"https:\/\/www.ull.es\/eventos\/alvarez-rixo\/wp-json\/wp\/v2\/posts\/488\/revisions"}],"predecessor-version":[{"id":606,"href":"https:\/\/www.ull.es\/eventos\/alvarez-rixo\/wp-json\/wp\/v2\/posts\/488\/revisions\/606"}],"wp:featuredmedia":[{"embeddable":true,"href":"https:\/\/www.ull.es\/eventos\/alvarez-rixo\/wp-json\/wp\/v2\/media\/335"}],"wp:attachment":[{"href":"https:\/\/www.ull.es\/eventos\/alvarez-rixo\/wp-json\/wp\/v2\/media?parent=488"}],"wp:term":[{"taxonomy":"category","embeddable":true,"href":"https:\/\/www.ull.es\/eventos\/alvarez-rixo\/wp-json\/wp\/v2\/categories?post=488"},{"taxonomy":"post_tag","embeddable":true,"href":"https:\/\/www.ull.es\/eventos\/alvarez-rixo\/wp-json\/wp\/v2\/tags?post=488"}],"curies":[{"name":"wp","href":"https:\/\/api.w.org\/{rel}","templated":true}]}}