{"id":490,"date":"2019-07-08T14:15:07","date_gmt":"2019-07-08T12:15:07","guid":{"rendered":"http:\/\/www.ull.es\/eventos\/alvarez-rixo\/?p=490"},"modified":"2019-07-08T14:15:08","modified_gmt":"2019-07-08T12:15:08","slug":"contra-la-ignorancia-de-unos-y-la-malicia-de-otros-historia-y-politica-en-alvarez-rixo","status":"publish","type":"post","link":"https:\/\/www.ull.es\/eventos\/alvarez-rixo\/2019\/07\/08\/contra-la-ignorancia-de-unos-y-la-malicia-de-otros-historia-y-politica-en-alvarez-rixo\/","title":{"rendered":"\u00abContra la ignorancia de unos y la malicia de otros\u00bb Historia y pol\u00edtica en \u00c1lvarez Rixo"},"content":{"rendered":"\n<h4 class=\"wp-block-heading\">Teresa Nore\u00f1a Salto<\/h4>\n\n\n\n<p>Jos\u00e9\n Agust\u00edn \u00c1lvarez Rixo, naci\u00f3 en el Puerto de la Cruz en 1796 era hijo de\n Manuel \u00c1lvarez, un portugu\u00e9s dedicado al comercio, y de Gregoria Rixo y\n Chaves, natural de La Orotava, quienes cuidaron de forma esmerada la \neducaci\u00f3n de su hijo con el apoyo de su t\u00edo materno el sacerdote Juan \nAgust\u00edn de Chaves y sus t\u00edos paternos, comerciantes en esta zona del \nAtl\u00e1ntico. Tras unos a\u00f1os de actividad comercial en Arrecife, Madera y \nPuerto de la Cruz, como sol\u00eda ser habitual, ya que los hijos se formaban\n en los mismos negocios que los padres, permaneci\u00f3 dos a\u00f1os en Las \nPalmas completando su formaci\u00f3n intelectual en el Seminario Conciliar, \ndonde sin duda conoci\u00f3 los trabajos de los ilustrados canarios y de los \nprimeros liberales, que le influyeron de forma notable en su concepci\u00f3n \nde la vida, en su quehacer intelectual y pol\u00edtico, as\u00ed como en sus \nm\u00faltiples y variados trabajos, realizados en su localidad natal, que no \nabandon\u00f3 desde su regreso en 1816 hasta su muerte en 1883.<\/p>\n\n\n\n<p>\n La influencia indirecta de Tavira o Verdugo y la directa de Viera y \nClavijo y Graciliano Afonso son palpables en la trayectoria intelectual y\n humana de \u00c1lvarez Rixo. La importancia de las lecturas y la educaci\u00f3n, \nsu sentido religioso cr\u00edtico, su escepticismo e iron\u00eda, su sentido del \nhumor y su labor divulgadora son sin duda coincidencias importantes; \ntambi\u00e9n lo son las formas abordadas en sus trabajos: poes\u00eda, teatro o \nprosa as\u00ed como la variedad de los asuntos tratados.<\/p>\n\n\n\n<p>\n Varios son los trabajos dedicados a la historia de las islas y del \nPuerto de la Cruz. Es probable que, en principio, pensara continuar las <em>Noticias de la historia general de las Islas Canarias<\/em>\n de Viera y Clavijo, al que admiraba, aunque en una fase posterior se \nocupara fundamentalmente de la historia del Puerto. Su car\u00e1cter \nmeticuloso y perfeccionista llevan a \u00c1lvarez Rixo a ampliar sus \ntrabajos, a establecer correspondencia con otras personas e \ninstituciones como Pereira Pacheco, el Ayuntamiento de La Laguna, o el \nObispado y a ampliar sus apuntes cuando los nuevos datos le parec\u00edan \nveraces y de inter\u00e9s. Combina textos e im\u00e1genes: planos, paisajes, \nretratos, dibujos de los adornos urbanos\u2026 y celebra la obra del pintor \nLuis de la Cruz y R\u00edos, as\u00ed como la de Alfred Diston.<\/p>\n\n\n\n<p>\n \u00c1lvarez Rixo se indigna ante el desconocimiento de la historia de las \nislas, el desinter\u00e9s por conocerla, la falta de datos para construirla y\n el que no se tomasen las medidas precisas para evitar la p\u00e9rdida, la \nfragmentaci\u00f3n y la dispersi\u00f3n de la escasa documentaci\u00f3n existente. Sus \nquejas son constantes, le admira que un puerto comercial no tenga datos \nsobre los nav\u00edos que llegaban, los productos de exportaci\u00f3n, los \nmovimientos de la poblaci\u00f3n\u2026 A la falta de datos se a\u00f1ad\u00eda la \nprohibici\u00f3n establecida por determinadas instituciones de consultar los \narchivos y razona que era perjudicial impedir \u00abque las personas \npatri\u00f3ticas y curiosas saquen copias de los documentos p\u00fablicos. Si \n\u00e9stos existiesen en varias manos pudieran servir de algo a la posteridad\n que maldecir\u00e1 ciertamente el ego\u00edsmo, malicia e ignorancia de los \nmanipulantes de esta clase de recuerdos civiles, cuya propagaci\u00f3n \ndeber\u00edan estimular y no impedir ni dificultar\u00bb. <\/p>\n\n\n\n<hr class=\"wp-block-separator\" \/>\n\n\n\n<p><a href=\"http:\/\/riull.ull.es\/xmlui\/handle\/915\/2133\" target=\"_blank\" rel=\"noreferrer noopener\" target=\"_blank\" rel=\"noopener\">Leer completo en el documento pdf del Cat\u00e1logo<\/a><\/p>\n","protected":false},"excerpt":{"rendered":"<p>Teresa Nore\u00f1a Salto Jos\u00e9 Agust\u00edn \u00c1lvarez Rixo, naci\u00f3 en el Puerto de la Cruz en 1796 era hijo de Manuel \u00c1lvarez, un portugu\u00e9s dedicado al comercio, y de Gregoria Rixo y Chaves, natural de La Orotava, quienes cuidaron de forma esmerada la educaci\u00f3n de su hijo con el apoyo de su t\u00edo materno el sacerdote&#8230;<\/p>\n","protected":false},"author":14,"featured_media":361,"comment_status":"closed","ping_status":"closed","sticky":false,"template":"","format":"standard","meta":{"footnotes":""},"categories":[13],"tags":[],"class_list":["post-490","post","type-post","status-publish","format-standard","has-post-thumbnail","hentry","category-catalogo"],"_links":{"self":[{"href":"https:\/\/www.ull.es\/eventos\/alvarez-rixo\/wp-json\/wp\/v2\/posts\/490"}],"collection":[{"href":"https:\/\/www.ull.es\/eventos\/alvarez-rixo\/wp-json\/wp\/v2\/posts"}],"about":[{"href":"https:\/\/www.ull.es\/eventos\/alvarez-rixo\/wp-json\/wp\/v2\/types\/post"}],"author":[{"embeddable":true,"href":"https:\/\/www.ull.es\/eventos\/alvarez-rixo\/wp-json\/wp\/v2\/users\/14"}],"replies":[{"embeddable":true,"href":"https:\/\/www.ull.es\/eventos\/alvarez-rixo\/wp-json\/wp\/v2\/comments?post=490"}],"version-history":[{"count":1,"href":"https:\/\/www.ull.es\/eventos\/alvarez-rixo\/wp-json\/wp\/v2\/posts\/490\/revisions"}],"predecessor-version":[{"id":491,"href":"https:\/\/www.ull.es\/eventos\/alvarez-rixo\/wp-json\/wp\/v2\/posts\/490\/revisions\/491"}],"wp:featuredmedia":[{"embeddable":true,"href":"https:\/\/www.ull.es\/eventos\/alvarez-rixo\/wp-json\/wp\/v2\/media\/361"}],"wp:attachment":[{"href":"https:\/\/www.ull.es\/eventos\/alvarez-rixo\/wp-json\/wp\/v2\/media?parent=490"}],"wp:term":[{"taxonomy":"category","embeddable":true,"href":"https:\/\/www.ull.es\/eventos\/alvarez-rixo\/wp-json\/wp\/v2\/categories?post=490"},{"taxonomy":"post_tag","embeddable":true,"href":"https:\/\/www.ull.es\/eventos\/alvarez-rixo\/wp-json\/wp\/v2\/tags?post=490"}],"curies":[{"name":"wp","href":"https:\/\/api.w.org\/{rel}","templated":true}]}}