{"id":492,"date":"2019-07-08T14:16:30","date_gmt":"2019-07-08T12:16:30","guid":{"rendered":"http:\/\/www.ull.es\/eventos\/alvarez-rixo\/?p=492"},"modified":"2021-05-11T13:37:10","modified_gmt":"2021-05-11T11:37:10","slug":"la-cueva-del-mencey-bencomo-de-taoro-segun-alvarez-rixo","status":"publish","type":"post","link":"https:\/\/www.ull.es\/eventos\/alvarez-rixo\/2019\/07\/08\/la-cueva-del-mencey-bencomo-de-taoro-segun-alvarez-rixo\/","title":{"rendered":"La Cueva del Mencey Bencomo de Taoro, seg\u00fan \u00c1lvarez Rixo"},"content":{"rendered":"\n<h4 class=\"wp-block-heading\">Antonio Tejera Gaspar<\/h4>\n\n\n\n<p>El conocimiento de los <em>guanches<\/em>  de Tenerife, el conjunto humano que habitaba la isla antes de la  llegada de los europeos, se inicia desde mediados del siglo XV, fecha  temprana en la que ya contamos con datos relativos a su lengua, sus  formas de vida o sus creencias, tal y como as\u00ed fue recogido en los  relatos de una serie de cronistas, de los que destacan, entre otros, los  franceses Boutier y Le Verrier, quienes aportaron sobre ellos unos  pocos datos en la cr\u00f3nica de la conquista del archipi\u00e9lago canario, <em>Le Canarien<\/em>,  pero sobre todo son relevantes los portugueses Gomes Eannes de Zurara,  Diogo Gomes de Sintra o el veneciano Aloisio Cada Mosto. Sus  informaciones en forma de relatos o cr\u00f3nicas se complementan con las  primeras historias de Canarias, debidas a una serie de autores de fines  del siglo XVI, Espinosa, Torriani, Gaspar Frutuoso o Abreu Galindo, y  que sin soluci\u00f3n de continuidad alcanzan hasta el siglo XIX, destacando,  no obstante, alguna etapa intermedia especialmente relevante,  representada por la figura del ilustrado Viera y Clavijo, quien con su  magisterio llena una buena parte del siglo XVIII, y cuya dedicaci\u00f3n a la  Historia de las Islas, y de manera destacada al estudio de sus  primitivos habitantes, llegar\u00eda a ser un referente imprescindible para  su conocimiento posterior, representando asimismo la superaci\u00f3n  definitiva de una perspectiva del pasado que hasta entonces solo ser\u00eda  conocido a trav\u00e9s de los autores citados, adem\u00e1s de Viana o N\u00fa\u00f1ez de la  Pe\u00f1a, entre otros. Con \u00e9l se produce ciertamente una aproximaci\u00f3n  cr\u00edtica y cient\u00edfica de la realidad hist\u00f3rica del Archipi\u00e9lago que, sin  soluci\u00f3n de continuidad cubrir\u00eda todo el siglo XIX e incluso buena parte  del XX, dicho esto con las debidas reservas.<\/p>\n\n\n\n<p>Durante\n el XIX una pl\u00e9yade de estudiosos, con formaci\u00f3n heterog\u00e9nea, pero \ntambi\u00e9n con objetivos distintos, se acercar\u00e1n al siempre apasionante \ntema del <em>estudio del guanche<\/em>.\n Entre el citado Viera y Clavijo y el antrop\u00f3logo franc\u00e9s, Sabino \nBerthelot, personaje relevante en el estudio de diferentes aspectos de \nlos antiguos canarios, existe una generaci\u00f3n de eruditos tinerfe\u00f1os \ncuyos trabajos se confunden en el tiempo con la presencia del c\u00f3nsul \ngalo en la isla, contando desde su primera estancia en ella, que cubre \nun decenio desde 1820, y de su permanencia definitiva a partir de 1847, \nhasta su muerte en 1880 en la ciudad de Santa Cruz de Tenerife. De todos\n ellos, destaca de forma muy relevante la figura del portuense Jos\u00e9 \nAgust\u00edn \u00c1lvarez Rixo (1796-1883), cuya larga vida y abundante producci\u00f3n\n literaria corre paralela a la del sabio franc\u00e9s, quien nos legar\u00eda un \nn\u00famero destacado de aportaciones varias sobre temas de \u00edndole diverso \nque son analizados en otros trabajos de este cat\u00e1logo.<\/p>\n\n\n\n<p>En\n lo que se refiere al mundo de los guanches, que es el objetivo de estas\n l\u00edneas, merece se\u00f1alarse sobre todo sus anotaciones tituladas <em>Apuntes sobre restos de los guanches encontrados en el siglo actual<\/em> que formaba parte de uno de sus muchos textos \u2014algunos de ellos a\u00fan in\u00e9ditos\u2014, que se dio a conocer en 1990.\n Nuestro autor recoge una buena porci\u00f3n de hallazgos acaecidos en la \nisla desde 1845 a 1879, y que hasta donde le fue posible trat\u00f3 de \nvalorarlos cient\u00edficamente, aprovechando asimismo la oportunidad de \nabogar por un tema que fue objeto de su especial preocupaci\u00f3n, la \ncreaci\u00f3n de un Museo en donde se pudiera preservar el legado de nuestros\n antepasados. Y tambi\u00e9n se muestra un adelantado en la defensa y \nconservaci\u00f3n del patrimonio arqueol\u00f3gico de la isla. De sus trabajos \ndedicados al mundo aborigen, merece destacarse, sobre todo, su obra <em> Lenguaje de los antiguos isle\u00f1os<\/em>, que vio la luz en 1991.\n En \u00e9l recoge y sistematiza un buen n\u00famero de voces prehisp\u00e1nicas con \nsus correspondientes comentarios cr\u00edticos, as\u00ed como algunas opiniones \nvaliosas acerca del siempre recurrente tema del origen de sus \nhabitantes, y del poblamiento de las islas Canarias en la Antig\u00fcedad.<\/p>\n\n\n\n<hr class=\"wp-block-separator\" \/>\n\n\n\n<p><a href=\"http:\/\/riull.ull.es\/xmlui\/handle\/915\/2133\" target=\"_blank\" rel=\"noreferrer noopener\" target=\"_blank\" rel=\"noopener\">Leer completo en el documento pdf del Cat\u00e1logo<\/a><\/p>\n","protected":false},"excerpt":{"rendered":"<p>Antonio Tejera Gaspar El conocimiento de los guanches de Tenerife, el conjunto humano que habitaba la isla antes de la llegada de los europeos, se inicia desde mediados del siglo XV, fecha temprana en la que ya contamos con datos relativos a su lengua, sus formas de vida o sus creencias, tal y como as\u00ed&#8230;<\/p>\n","protected":false},"author":14,"featured_media":357,"comment_status":"closed","ping_status":"closed","sticky":false,"template":"","format":"standard","meta":{"footnotes":""},"categories":[13],"tags":[],"class_list":["post-492","post","type-post","status-publish","format-standard","has-post-thumbnail","hentry","category-catalogo"],"_links":{"self":[{"href":"https:\/\/www.ull.es\/eventos\/alvarez-rixo\/wp-json\/wp\/v2\/posts\/492"}],"collection":[{"href":"https:\/\/www.ull.es\/eventos\/alvarez-rixo\/wp-json\/wp\/v2\/posts"}],"about":[{"href":"https:\/\/www.ull.es\/eventos\/alvarez-rixo\/wp-json\/wp\/v2\/types\/post"}],"author":[{"embeddable":true,"href":"https:\/\/www.ull.es\/eventos\/alvarez-rixo\/wp-json\/wp\/v2\/users\/14"}],"replies":[{"embeddable":true,"href":"https:\/\/www.ull.es\/eventos\/alvarez-rixo\/wp-json\/wp\/v2\/comments?post=492"}],"version-history":[{"count":2,"href":"https:\/\/www.ull.es\/eventos\/alvarez-rixo\/wp-json\/wp\/v2\/posts\/492\/revisions"}],"predecessor-version":[{"id":605,"href":"https:\/\/www.ull.es\/eventos\/alvarez-rixo\/wp-json\/wp\/v2\/posts\/492\/revisions\/605"}],"wp:featuredmedia":[{"embeddable":true,"href":"https:\/\/www.ull.es\/eventos\/alvarez-rixo\/wp-json\/wp\/v2\/media\/357"}],"wp:attachment":[{"href":"https:\/\/www.ull.es\/eventos\/alvarez-rixo\/wp-json\/wp\/v2\/media?parent=492"}],"wp:term":[{"taxonomy":"category","embeddable":true,"href":"https:\/\/www.ull.es\/eventos\/alvarez-rixo\/wp-json\/wp\/v2\/categories?post=492"},{"taxonomy":"post_tag","embeddable":true,"href":"https:\/\/www.ull.es\/eventos\/alvarez-rixo\/wp-json\/wp\/v2\/tags?post=492"}],"curies":[{"name":"wp","href":"https:\/\/api.w.org\/{rel}","templated":true}]}}