{"id":494,"date":"2019-07-08T14:19:06","date_gmt":"2019-07-08T12:19:06","guid":{"rendered":"http:\/\/www.ull.es\/eventos\/alvarez-rixo\/?p=494"},"modified":"2019-07-08T14:19:07","modified_gmt":"2019-07-08T12:19:07","slug":"jose-agustin-alvarez-rixo-1796-1883-claves-biograficas-de-un-perfil-historico","status":"publish","type":"post","link":"https:\/\/www.ull.es\/eventos\/alvarez-rixo\/2019\/07\/08\/jose-agustin-alvarez-rixo-1796-1883-claves-biograficas-de-un-perfil-historico\/","title":{"rendered":"Jos\u00e9 Agust\u00edn \u00c1lvarez Rixo [1796-1883]: Claves biogr\u00e1ficas de un perfil hist\u00f3rico"},"content":{"rendered":"\n<h4 class=\"wp-block-heading\">Daniel Garc\u00eda Pulido | Reyes Amador Amador<\/h4>\n\n\n\n<blockquote class=\"wp-block-quote is-layout-flow wp-block-quote-is-layout-flow\"><p>La primera obligaci\u00f3n del que historia<br>ha de ser decir la verdad sin pasi\u00f3n y sin lisonja. <\/p><cite>\u00c1lvarez Rixo. <em>Historia del puerto de Arrecife<\/em>, [1846-1866]<\/cite><\/blockquote>\n\n\n\n<h4 class=\"wp-block-heading\">Introducci\u00f3n<\/h4>\n\n\n\n<p>El legado que nos llega de un determinado espacio, bien sea \ngeogr\u00e1fico, patrimonial o incluso sensitivo, ha reca\u00eddo siempre en las \nmanos y en el pensamiento de historiadores e intelectuales, quienes \ncribando con atenci\u00f3n y curiosidad las fuentes, los relatos rescatados \ndel ayer, [re]construyen \u00abhacia fuera\u00bb un discurso explicativo l\u00f3gico \nsobre lo ocurrido. Esos personajes, historiando, nos muestran su visi\u00f3n \nde aquella realidad plasmando en ella su personalidad, sus rasgos \ndistintivos, esa impronta que les define. En pocas ocasiones esa mirada \npuede recorrer el sentido inverso, adentr\u00e1ndose en la biograf\u00eda del \npropio historiador acostumbrado a mirar y no a ser contemplado, \nconvirtiendo la narraci\u00f3n en una especie de viaje introspectivo \u00abhacia \ndentro\u00bb, que analice las pautas primordiales que definieron su \nexistencia, unas pautas que nos servir\u00e1n, sin duda alguna, para entender\n mejor su modus operandi en la t\u00e9cnica historiogr\u00e1fica y cient\u00edfica.<\/p>\n\n\n\n<p>Jos\u00e9 Agust\u00edn \u00c1lvarez Rixo es, en este sentido, un paradigma \ninestimable como objeto de una biograf\u00eda al representar la esencia de un\n cronista veraz del pasado, con un esp\u00edritu cosmopolita, \nmultidisciplinar y cr\u00edtico, con una sed de conocimientos y una \ncuriosidad por saber absolutamente insaciables. Su labor vital, plasmada\n en un millar de folios manuscritos, ha enriquecido de manera notable \nnuestro legado hist\u00f3rico, contribuyendo a conformar sesgos relevantes de\n la idiosincrasia isle\u00f1a, y es por tanto ahora tiempo de \u00abvirar el \nespejo\u00bb para conocer mejor a la persona que ha estado detr\u00e1s de ese \ningente trabajo de recopilaci\u00f3n, de conformar a grandes rasgos el hilo \nargumental de una vida apasionante y apasionada, una biograf\u00eda intensa y\n fecunda en registros documentales y bibliogr\u00e1ficos.<\/p>\n\n\n\n<h4 class=\"wp-block-heading\">En torno a la barrilla (1796-1810).<br>\u00c1mbito familiar<\/h4>\n\n\n\n<p>\n Nuestro biografiado, Jos\u00e9 Agust\u00edn \u00c1lvarez Rixo, naci\u00f3 en la localidad \ndel Puerto de la Cruz finalizando el verano del a\u00f1o 1796, concretamente \nel 28 de agosto<a href=\"http:\/\/bbtk.exposicion.ull.es\/alvarezrixo\/project\/jose-agustin-alvarez-rixo-1796-1883-claves-biograficas-de-un-perfil-historico\/#sdfootnote1sym\" target=\"_blank\" rel=\"noopener\"><sup>1<\/sup><\/a>,\n en el seno de una familia que patentizaba la fusi\u00f3n inexorable que en \naquellos tiempos se daba entre la emergente burgues\u00eda comercial \nportuense y la vecina poblaci\u00f3n orotavense. <\/p>\n\n\n\n<p><a href=\"http:\/\/riull.ull.es\/xmlui\/handle\/915\/2133\" target=\"_blank\" rel=\"noreferrer noopener\" target=\"_blank\" rel=\"noopener\">Leer completo en el documento pdf del Cat\u00e1logo<\/a><\/p>\n","protected":false},"excerpt":{"rendered":"<p>Daniel Garc\u00eda Pulido | Reyes Amador Amador La primera obligaci\u00f3n del que historiaha de ser decir la verdad sin pasi\u00f3n y sin lisonja. \u00c1lvarez Rixo. Historia del puerto de Arrecife, [1846-1866] Introducci\u00f3n El legado que nos llega de un determinado espacio, bien sea geogr\u00e1fico, patrimonial o incluso sensitivo, ha reca\u00eddo siempre en las manos y&#8230;<\/p>\n","protected":false},"author":14,"featured_media":336,"comment_status":"closed","ping_status":"closed","sticky":false,"template":"","format":"standard","meta":{"footnotes":""},"categories":[13],"tags":[],"class_list":["post-494","post","type-post","status-publish","format-standard","has-post-thumbnail","hentry","category-catalogo"],"_links":{"self":[{"href":"https:\/\/www.ull.es\/eventos\/alvarez-rixo\/wp-json\/wp\/v2\/posts\/494"}],"collection":[{"href":"https:\/\/www.ull.es\/eventos\/alvarez-rixo\/wp-json\/wp\/v2\/posts"}],"about":[{"href":"https:\/\/www.ull.es\/eventos\/alvarez-rixo\/wp-json\/wp\/v2\/types\/post"}],"author":[{"embeddable":true,"href":"https:\/\/www.ull.es\/eventos\/alvarez-rixo\/wp-json\/wp\/v2\/users\/14"}],"replies":[{"embeddable":true,"href":"https:\/\/www.ull.es\/eventos\/alvarez-rixo\/wp-json\/wp\/v2\/comments?post=494"}],"version-history":[{"count":1,"href":"https:\/\/www.ull.es\/eventos\/alvarez-rixo\/wp-json\/wp\/v2\/posts\/494\/revisions"}],"predecessor-version":[{"id":495,"href":"https:\/\/www.ull.es\/eventos\/alvarez-rixo\/wp-json\/wp\/v2\/posts\/494\/revisions\/495"}],"wp:featuredmedia":[{"embeddable":true,"href":"https:\/\/www.ull.es\/eventos\/alvarez-rixo\/wp-json\/wp\/v2\/media\/336"}],"wp:attachment":[{"href":"https:\/\/www.ull.es\/eventos\/alvarez-rixo\/wp-json\/wp\/v2\/media?parent=494"}],"wp:term":[{"taxonomy":"category","embeddable":true,"href":"https:\/\/www.ull.es\/eventos\/alvarez-rixo\/wp-json\/wp\/v2\/categories?post=494"},{"taxonomy":"post_tag","embeddable":true,"href":"https:\/\/www.ull.es\/eventos\/alvarez-rixo\/wp-json\/wp\/v2\/tags?post=494"}],"curies":[{"name":"wp","href":"https:\/\/api.w.org\/{rel}","templated":true}]}}