{"id":496,"date":"2019-07-08T14:23:13","date_gmt":"2019-07-08T12:23:13","guid":{"rendered":"http:\/\/www.ull.es\/eventos\/alvarez-rixo\/?p=496"},"modified":"2021-05-11T13:35:51","modified_gmt":"2021-05-11T11:35:51","slug":"un-ingenio-impenitente-el-archivo-personal-y-la-biblioteca-de-jose-agustin-alvarez-rixo","status":"publish","type":"post","link":"https:\/\/www.ull.es\/eventos\/alvarez-rixo\/2019\/07\/08\/un-ingenio-impenitente-el-archivo-personal-y-la-biblioteca-de-jose-agustin-alvarez-rixo\/","title":{"rendered":"Un ingenio impenitente: El archivo personal y la biblioteca de Jos\u00e9 Agust\u00edn \u00c1lvarez Rixo"},"content":{"rendered":"\n<h4 class=\"wp-block-heading\">Paz Fern\u00e1ndez Palomeque<\/h4>\n\n\n\n<div style=\"height:100px\" aria-hidden=\"true\" class=\"wp-block-spacer\"><\/div>\n\n\n\n<blockquote class=\"wp-block-quote is-layout-flow wp-block-quote-is-layout-flow\"><p>\u2026 lo que quiera que aqu\u00ed escribo a este respecto<br> es solo parte de mi tosco ingenio.<\/p><cite>\u00c1lvarez Rixo. La langosta (1847-1871)<\/cite><\/blockquote>\n\n\n\n<p>Cuando se cumple el\n doscientos veinticinco aniversario del nacimiento de Jos\u00e9 Agust\u00edn \n\u00c1lvarez Rixo, la Universidad de La Laguna quiere honrar al insigne \nportuense poniendo a disposici\u00f3n de sus investigadores y de la sociedad \ncanaria su archivo personal y su biblioteca.<\/p>\n\n\n\n<p>Se ha hablado mucho de las caracter\u00edsticas de su personalidad:  trabajador exacto y met\u00f3dico, cronista concienzudo y veraz, pol\u00edtico  comprometido, sincero y generoso, humilde y honrado, agudo e incluso a  veces, \u00e1cido observador\u2026 Fue, en realidad, un adelantado a su tiempo en  valorar la importancia de la custodia de los documentos, para transmitir  la cultura y luchar contra el peor enemigo de los pueblos, la  ignorancia. Pero lo que m\u00e1s nos sorprende al organizar su archivo y  biblioteca es su curiosidad profunda e inagotable por todo lo que le  rodeaba, que le hizo vivir una vida creativa y plena, en la que desde  luego no tuvo tiempo de aburrirse y que hasta se le quedaba corta, tal y  como explica en su obra <em>Algunas tradiciones<\/em>, en la que, observando c\u00f3mo  se va heredando la fisonom\u00eda de determinadas personas, manifiesta:  \u00abquiciera [sic] poder vivir durante algunas generaciones para ir  observando\u2026\u00bb.<\/p>\n\n\n\n<p>En 1883 muere Jos\u00e9 \nAgust\u00edn \u00c1lvarez Rixo en su finca de La Luz y en su testamento, fechado \nel 24 de agosto del mismo a\u00f1o, se cita \u00abque entre sus papeles hay muchos\n que contienen asuntos de mera curiosidad, y encarga \u00e1 los que sean sus \nherederos los conserven con el esmero y cuidado que lo ha hecho el \ntestador, sin que permitan bajo ning\u00fan concepto que salgan de su poder \nni aun para tomar algunas notas que de ellos necesiten sacar, para \nevitar de \u00e9sta manera que desaparezcan como ya le ha pasado con algunos \nvol\u00famenes\u00bb.<\/p>\n\n\n\n<p>Los herederos \nmantuvieron su compromiso con sus \u00faltimas voluntades: cuidaron su \narchivo y su biblioteca y lograron mantenerlos unidos y conservados con \nesmero a lo largo de tres generaciones. Pero no s\u00f3lo heredaron del \nhistoriador sus objetos materiales, sino tambi\u00e9n su enorme preocupaci\u00f3n \npor la cultura, su inter\u00e9s por conservar la historia protegiendo los \ndocumentos y sobre todo su inmensa generosidad y su amor por el bien \ncom\u00fan de estas Islas. Durante todos estos a\u00f1os han sido conscientes de \nla importancia hist\u00f3rica y de la notable personalidad del pol\u00edgrafo y \nhan permitido amablemente la consulta de los manuscritos a \ninvestigadores en el propio sal\u00f3n de su casa, con las numerosas \nincomodidades que esto les supon\u00eda.<\/p>\n\n\n\n<p><a href=\"http:\/\/riull.ull.es\/xmlui\/handle\/915\/2133\" target=\"_blank\" rel=\"noreferrer noopener\" target=\"_blank\" rel=\"noopener\">Leer completo en el documento pdf del Cat\u00e1logo<\/a><\/p>\n","protected":false},"excerpt":{"rendered":"<p>Paz Fern\u00e1ndez Palomeque \u2026 lo que quiera que aqu\u00ed escribo a este respecto es solo parte de mi tosco ingenio. \u00c1lvarez Rixo. La langosta (1847-1871) Cuando se cumple el doscientos veinticinco aniversario del nacimiento de Jos\u00e9 Agust\u00edn \u00c1lvarez Rixo, la Universidad de La Laguna quiere honrar al insigne portuense poniendo a disposici\u00f3n de sus investigadores&#8230;<\/p>\n","protected":false},"author":14,"featured_media":498,"comment_status":"closed","ping_status":"closed","sticky":false,"template":"","format":"standard","meta":{"footnotes":""},"categories":[13],"tags":[],"class_list":["post-496","post","type-post","status-publish","format-standard","has-post-thumbnail","hentry","category-catalogo"],"_links":{"self":[{"href":"https:\/\/www.ull.es\/eventos\/alvarez-rixo\/wp-json\/wp\/v2\/posts\/496"}],"collection":[{"href":"https:\/\/www.ull.es\/eventos\/alvarez-rixo\/wp-json\/wp\/v2\/posts"}],"about":[{"href":"https:\/\/www.ull.es\/eventos\/alvarez-rixo\/wp-json\/wp\/v2\/types\/post"}],"author":[{"embeddable":true,"href":"https:\/\/www.ull.es\/eventos\/alvarez-rixo\/wp-json\/wp\/v2\/users\/14"}],"replies":[{"embeddable":true,"href":"https:\/\/www.ull.es\/eventos\/alvarez-rixo\/wp-json\/wp\/v2\/comments?post=496"}],"version-history":[{"count":3,"href":"https:\/\/www.ull.es\/eventos\/alvarez-rixo\/wp-json\/wp\/v2\/posts\/496\/revisions"}],"predecessor-version":[{"id":604,"href":"https:\/\/www.ull.es\/eventos\/alvarez-rixo\/wp-json\/wp\/v2\/posts\/496\/revisions\/604"}],"wp:featuredmedia":[{"embeddable":true,"href":"https:\/\/www.ull.es\/eventos\/alvarez-rixo\/wp-json\/wp\/v2\/media\/498"}],"wp:attachment":[{"href":"https:\/\/www.ull.es\/eventos\/alvarez-rixo\/wp-json\/wp\/v2\/media?parent=496"}],"wp:term":[{"taxonomy":"category","embeddable":true,"href":"https:\/\/www.ull.es\/eventos\/alvarez-rixo\/wp-json\/wp\/v2\/categories?post=496"},{"taxonomy":"post_tag","embeddable":true,"href":"https:\/\/www.ull.es\/eventos\/alvarez-rixo\/wp-json\/wp\/v2\/tags?post=496"}],"curies":[{"name":"wp","href":"https:\/\/api.w.org\/{rel}","templated":true}]}}