{"id":889,"date":"2024-05-10T12:24:05","date_gmt":"2024-05-10T10:24:05","guid":{"rendered":"https:\/\/www.ull.es\/eventos\/fondo-antiguo\/?p=889"},"modified":"2024-05-10T12:28:12","modified_gmt":"2024-05-10T10:28:12","slug":"la-riqueza-de-las-naciones-de-adam-smith-en-la-biblioteca-de-la-universidad-de-la-laguna","status":"publish","type":"post","link":"https:\/\/www.ull.es\/eventos\/fondo-antiguo\/la-riqueza-de-las-naciones-de-adam-smith-en-la-biblioteca-de-la-universidad-de-la-laguna\/","title":{"rendered":"La Riqueza de las Naciones de Adam Smith en la Biblioteca ULL"},"content":{"rendered":"<p>[vc_row][vc_column][vc_column_text]<\/p>\n<h5>Juan Manuel Cabrera S\u00e1nchez<br \/>\nDepartamento Econom\u00eda Aplicada Y M\u00e9todos Cuantitativos<\/h5>\n<p>[\/vc_column_text][\/vc_column][\/vc_row][vc_row][vc_column][vc_column_text]La primera edici\u00f3n de la obra de Adam Smith, <i>Inquiry into the Nature and the Causes of the Wealth of Nations<\/i>, traducida en Espa\u00f1a como <i>La Riqueza de las Naciones<\/i>, se public\u00f3 originalmente en Londres 1776 en dos vol\u00famenes, siendo la segunda edici\u00f3n con correcciones del autor de 1778.<\/p>\n<p>La obra se considera el inicio del liberalismo econ\u00f3mico frente al absolutismo del Antiguo R\u00e9gimen y de la econom\u00eda como disciplina acad\u00e9mica moderna, aunque su inter\u00e9s va mucho m\u00e1s all\u00e1 de la econom\u00eda y concierne al conjunto de las ciencias sociales. El tratado de A. Smith ejerci\u00f3 gran influencia entre los ilustrados espa\u00f1oles, como por ejemplo Jovellanos; influencia que se mantiene en el tiempo, pues a\u00f1os despu\u00e9s \u00c1lvaro Fl\u00f3rez Estrada, public\u00f3 en 1828 un <i>Curso de Econom\u00eda Pol\u00edtica<\/i> con claras referencias a las ideas de A. Smith.<\/p>\n<p><i>La riqueza de las naciones <\/i>tuvo un importante \u00e9xito de ventas en Gran Breta\u00f1a y una pronta divulgaci\u00f3n en los pa\u00edses europeos. La historia de su difusi\u00f3n en Espa\u00f1a ha sido ampliamente estudiada por Hern\u00e1ndez Andreu y Francisco Javier San Juli\u00e1n, que explican que en Espa\u00f1a la difusi\u00f3n inicial de la obra fue m\u00e1s accidentada debido a la intervenci\u00f3n del Santo Oficio. En 1792, la Inquisici\u00f3n incluy\u00f3 la edici\u00f3n francesa de 1788,\u00a0 titulada <i>Recherches sur la nature et les causes de la Richesse des Nations,<\/i> en el \u00edndice de libros prohibidos. Los inquisidores manifestaron que la obra deb\u00eda ser prohibida<i> in totum<\/i>, recomendaci\u00f3n que fue aceptada por el Consejo de Castilla \u00abporque bajo un estilo capcioso y obscuro favorece el tolerantismo en punto de Religi\u00f3n y es inductivo al naturalismo<i>\u00bb<\/i>. El libro, por tanto, no pod\u00eda ser le\u00eddo sin licencia inquisitorial<\/p>\n<p>A partir de una posterior edici\u00f3n francesa a cargo\u00a0 del marqu\u00e9s de Condorcet en 1790, se imprime en Madrid, dos a\u00f1os despu\u00e9s en 1792, un primer resumen en espa\u00f1ol de esta obra, bajo el t\u00edtulo<i> Compendio de la obra inglesa titulada la Riqueza de las Naciones<\/i> que fue\u00a0 traducida y publicada por Carlos Mart\u00ednez de Irujo y Tac\u00f3n, diplom\u00e1tico espa\u00f1ol que durante los a\u00f1os 1789 a 1793 ejerci\u00f3 de oficial de la embajada espa\u00f1ola en Londres. En realidad fue una edici\u00f3n parcial con el fin de evitar la censura; en ella se omit\u00eda el nombre de autor original, Adam Smith y se rectificaban los aspectos que incomodaban a la Inquisici\u00f3n, especialmente (aunque no \u00fanicamente) los relativos a la religi\u00f3n.<\/p>\n<p>Ser\u00e1 dos a\u00f1os despu\u00e9s, en 1794, cuando se publique lo que se ha considerado habitualmente como la primera edici\u00f3n en castellano de <i>La Riqueza de las Naciones,<\/i> impresa en Valladolid con traducci\u00f3n de Jos\u00e9 Alonso Ortiz y, tal como se recoge en la portada, con \u00abvarias notas e ilustraciones relativas a Espa\u00f1a\u00bb. Esta edici\u00f3n estaba dedicada a Godoy, que como indica\u00a0 Javier de San Julian ser\u00eda, seguramente, el patrocinador de la traducci\u00f3n y edici\u00f3n que, con el objetivo de eludir a los censores, se editaba \u00absuprimiendo algunas particularidades, pero muy pocas, o por absolutamente impertinentes a nuestra Naci\u00f3n, o por ser poco conformes a la Santa Religi\u00f3n que profesamos, protestando con ingenuidad que quitadas, en nada se adultera el fondo de la obra, y no expurgadas nada a\u00f1aden a su perfecci\u00f3n y complemento\u00bb.<\/p>\n<p>Esta edici\u00f3n navegaba entre dos aguas, trataba de evitar a la Inquisici\u00f3n al tiempo que pretend\u00eda divulgar en nuestro pa\u00eds las ideas ilustradas. Para ello el traductor, Alonso Ortiz, solicit\u00f3 directamente al Consejo de Castilla la autorizaci\u00f3n de la publicaci\u00f3n. Dicho Consejo traslad\u00f3 a la Real Academia el procedimiento, donde el censor Jos\u00e9 Banquer\u00ed, a la saz\u00f3n cl\u00e9rigo y amigo de Godoy, tras realizar el traductor diversos retoques y anotaciones de algunas ideas del texto original, recomend\u00f3 la publicaci\u00f3n \u00abpor la grande utilidad que podr\u00eda resultar a nuestra naci\u00f3n\u00bb, neutralizando as\u00ed la labor inquisitorial.<\/p>\n<p>Hay que aclarar que, seg\u00fan Hern\u00e1ndez Abreu, no ser\u00e1 hasta mediados del siglo XX cuando se realice la primera traducci\u00f3n en modo completo al castellano de la obra de Adam Smith realizada por Amaro L\u00e1zaro Ros.<\/p>\n<p>Nuestra Biblioteca dispone de cuatro ejemplares de estas obras, la<a href=\"https:\/\/absysnet.bbtk.ull.es\/cgi-bin\/abnetopac?TITN=651975\" target=\"_blank\" rel=\"noopener\"> edici\u00f3n francesa traducida por Roucher e impresa en Par\u00eds en 1790-1791<\/a>, que procede de la compra de la biblioteca de Antonio Porlier Acosta, rector de nuestra Universidad;\u00a0 el<a href=\"https:\/\/absysnet.bbtk.ull.es\/cgi-bin\/abnetopac?TITN=649088\" target=\"_blank\" rel=\"noopener\"> primer compendio en espa\u00f1ol<\/a> a cargo de Carlos Martinez de Irujo, impreso en Madrid por la Imprenta Real en 1792, que procede del Fr. Antonio de los Reyes; la <a href=\"https:\/\/absysnet.bbtk.ull.es\/cgi-bin\/abnetopac?TITN=651984\" target=\"_blank\" rel=\"noopener\">considerada primera edici\u00f3n en espa\u00f1ol de 1794<\/a> traducida por Alonso Ortiz, que procede de la donaci\u00f3n del abogado y diputado <a href=\"https:\/\/efemeridestenerife.blogspot.com\/2018\/02\/don-andres-de-arroyo-y-gonzalez-de.html\" target=\"_blank\" rel=\"noopener\">Andr\u00e9s de Arroyo y Gonz\u00e1lez de Chaves<\/a> y una <a href=\"https:\/\/absysnet.bbtk.ull.es\/cgi-bin\/abnetopac?TITN=416541\" target=\"_blank\" rel=\"noopener\">edici\u00f3n inglesa impresa en Hartford (Connecticut) de 1818<\/a>.<\/p>\n<p>&nbsp;<\/p>\n<h5>Bibliograf\u00eda<\/h5>\n<p>CALDER\u00d3N CUADRADO, Reyes.\u00a0<a href=\"http:\/\/dadun.unav.edu\/handle\/10171\/5133\" target=\"_blank\" rel=\"noopener\">Difusi\u00f3n de la doctrina de La riqueza de las naciones en Espa\u00f1a. <\/a><i>Revista Empresa y Humanismo, <\/i><a href=\"https:\/\/dadun.unav.edu\/handle\/10171\/35135\" target=\"_blank\" rel=\"noopener\">2001 Vol. III n\u00ba1<\/a>, pp. 75-100.<\/p>\n<p>HERN\u00c1NDEZ ABREU, Juan. La Riqueza de las Naciones de Adam Smith en Espa\u00f1a.<i> Relectiones,<\/i> 2015, \u00a0n\u00ba 2 pp.109-121<\/p>\n<p>LASARTE \u00c1LVAREZ, J. 2000. Adam Smith ante la Inquisici\u00f3n y la Academia de la Historia. Fuentes Quintana, E. (ed.) <i>Econom\u00eda y economistas espa\u00f1oles<\/i>, vol 4. En<i> La econom\u00eda cl\u00e1sica<\/i>, Barcelona, Galaxia Gutenberg, 2000, pp. 239-268.<\/p>\n<p>LLUCH, E. Condorcet et la diffusion de La Richesse des nations en Espagne. En <i>Condorcet: math\u00e9maticien, \u00e9conomiste, philosophe, homme politique. Colloque international sous la direction de Pierre Cr\u00e9pel et Christian Gilain<\/i>. Par\u00eds, Minerve, 1989, p. 188-195.<\/p>\n<p>SAN JULI\u00c1N ARRUPE, F. Javier. <a href=\"https:\/\/eet.pixel-online.org\/files\/research_papers\/SP\/Translation%20Wealth%20of%20Nations%20into%20Spanish.pdf\" target=\"_blank\" rel=\"noopener\"><i>Los avatares de la primera traducci\u00f3n de la riqueza de las naciones al espa\u00f1ol<\/i><\/a>, 2015 [en l\u00ednea][fecha de la consulta: 20 de noviembre 2023].<\/p>\n<p>SAN JULI\u00c1N ARRUPE, F. Javier. Adam Smith, Investigaci\u00f3n de la naturaleza y causas de la riqueza de las naciones. <i>Els tresors de la Universitat de Barcelona; fons bibliogr\u00e0fic del CRAI Biblioteca de Reserva.<\/i> Didac Ramirez Sarri\u00f3. Barcelona: universitat, 2016, pp. 278-281.<\/p>\n<p>PISANELLI, Simona.<i>\u00a0<\/i>Condorcet y Adam Smith<i>.\u00a0R\u00e9formes \u00e9conomiques et progr\u00e9s social au si\u00e8cle des Lumi\u00e8res. <\/i>Par\u00eds, Ed. Classiques Garnier, Biblioth\u00e8que de l&#8217;\u00e9conomiste,\u00a0 2018.<i>.<\/i><\/p>\n<p>SCHWARTZ, P. La recepci\u00f3n inicial de \u00abLa riqueza de las naciones en Espa\u00f1a\u00bb. Fuentes Quintana, E. (ed.) <i>Econom\u00eda y economistas espa\u00f1oles<\/i>, vol 4. En<i> La econom\u00eda cl\u00e1sica<\/i>, Barcelona, Galaxia Gutenberg, 2000, pp. 171-238.<\/p>\n<p>SMITH, R.S. The First Spanish edition of the Wealth of Nations. <i>The South African Journal of Economics<\/i>, 1957, n\u00ba 35, 3, pp. 265-268.<\/p>\n<p>SMITH, R.S.\u00a0 La riqueza de las naciones y su difusi\u00f3n en Espa\u00f1a e Hispanoam\u00e9rica, 1780-1830.\u00a0<i>Revista de Econom\u00eda Pol\u00edtica, <\/i>1957, n\u00ba19.[\/vc_column_text][\/vc_column][\/vc_row]<\/p>\n","protected":false},"excerpt":{"rendered":"<p>La primera edici\u00f3n de la obra de Adam Smith, <em>Inquiry into the Nature and the Causes of the Wealth of Nations<\/em>, traducida en Espa\u00f1a como La Riqueza de las Naciones, se public\u00f3 originalmente en Londres 1776 en dos vol\u00famenes, siendo la segunda edici\u00f3n con correcciones del autor de 1778.<\/p>\n","protected":false},"author":14,"featured_media":893,"comment_status":"closed","ping_status":"closed","sticky":false,"template":"","format":"standard","meta":{"footnotes":""},"categories":[3],"tags":[],"class_list":["post-889","post","type-post","status-publish","format-standard","has-post-thumbnail","hentry","category-libros-del-porvenir"],"_links":{"self":[{"href":"https:\/\/www.ull.es\/eventos\/fondo-antiguo\/wp-json\/wp\/v2\/posts\/889"}],"collection":[{"href":"https:\/\/www.ull.es\/eventos\/fondo-antiguo\/wp-json\/wp\/v2\/posts"}],"about":[{"href":"https:\/\/www.ull.es\/eventos\/fondo-antiguo\/wp-json\/wp\/v2\/types\/post"}],"author":[{"embeddable":true,"href":"https:\/\/www.ull.es\/eventos\/fondo-antiguo\/wp-json\/wp\/v2\/users\/14"}],"replies":[{"embeddable":true,"href":"https:\/\/www.ull.es\/eventos\/fondo-antiguo\/wp-json\/wp\/v2\/comments?post=889"}],"version-history":[{"count":10,"href":"https:\/\/www.ull.es\/eventos\/fondo-antiguo\/wp-json\/wp\/v2\/posts\/889\/revisions"}],"predecessor-version":[{"id":902,"href":"https:\/\/www.ull.es\/eventos\/fondo-antiguo\/wp-json\/wp\/v2\/posts\/889\/revisions\/902"}],"wp:featuredmedia":[{"embeddable":true,"href":"https:\/\/www.ull.es\/eventos\/fondo-antiguo\/wp-json\/wp\/v2\/media\/893"}],"wp:attachment":[{"href":"https:\/\/www.ull.es\/eventos\/fondo-antiguo\/wp-json\/wp\/v2\/media?parent=889"}],"wp:term":[{"taxonomy":"category","embeddable":true,"href":"https:\/\/www.ull.es\/eventos\/fondo-antiguo\/wp-json\/wp\/v2\/categories?post=889"},{"taxonomy":"post_tag","embeddable":true,"href":"https:\/\/www.ull.es\/eventos\/fondo-antiguo\/wp-json\/wp\/v2\/tags?post=889"}],"curies":[{"name":"wp","href":"https:\/\/api.w.org\/{rel}","templated":true}]}}