{"id":450,"date":"2020-11-13T10:28:56","date_gmt":"2020-11-13T10:28:56","guid":{"rendered":"http:\/\/www.ull.es\/institutos\/instituto-universitario-de-investigacion-social-y-turismo\/?p=450"},"modified":"2020-11-13T10:34:30","modified_gmt":"2020-11-13T10:34:30","slug":"ii-jornada-responsabilidad-social-empresarial-las-entidades-financieras-2","status":"publish","type":"post","link":"https:\/\/www.ull.es\/institutos\/instituto-universitario-de-investigacion-social-y-turismo\/ii-jornada-responsabilidad-social-empresarial-las-entidades-financieras-2\/","title":{"rendered":"II Jornada Responsabilidad Social Empresarial: Las entidades financieras (2)"},"content":{"rendered":"<p>[vc_row][vc_column][vc_column_text]Ponentes:<br \/>\nDr. Antoni Segu\u00ed Alcaraz. Universitat de Valencia. T\u00edtulo Desarrollo de la Responsabilidad Social en las entidades de cr\u00e9dito<br \/>\nD. Carlos A. Gonz\u00e1lez Delgado. Director de Estrategia de Cajasiete. T\u00edtulo El compromiso social de Cajasiete con Canarias como banca cooperativa<\/p>\n<p><a href=\"https:\/\/www.youtube.com\/watch?v=_FAo4HUJCGo\" target=\"_blank\" rel=\"noopener noreferrer\" target=\"_blank\" rel=\"noopener\">Enlace al v\u00eddeo de la ponencia<\/a><\/p>\n<p>Conferencia celebrada el 23 de octubre de 2020[\/vc_column_text][\/vc_column][\/vc_row][vc_row][vc_column][vc_column_text]II Jornada Responsabilidad Social Empresarial: Las entidades financieras. Organiza C\u00e1tedra CESCO, Universidad de La Laguna. Dirigen: Director de la C\u00e1tedra CESCO, C\u00e1ndido Rom\u00e1n, y secretaria de ISTUR y miembro de CESCO,\u00a0 Olga Gonz\u00e1lez Morales.[\/vc_column_text][\/vc_column][\/vc_row]<\/p>\n","protected":false},"excerpt":{"rendered":"<p>[vc_row][vc_column][vc_column_text]Ponentes: Dr. Antoni Segu\u00ed Alcaraz. Universitat de Valencia. T\u00edtulo Desarrollo de la Responsabilidad Social en las entidades de cr\u00e9dito D. Carlos A. Gonz\u00e1lez Delgado. Director de Estrategia de Cajasiete. T\u00edtulo El compromiso social de Cajasiete con Canarias como banca cooperativa Enlace al v\u00eddeo de la ponencia Conferencia celebrada el 23 de octubre de 2020[\/vc_column_text][\/vc_column][\/vc_row][vc_row][vc_column][vc_column_text]II Jornada&#8230;<\/p>\n","protected":false},"author":6,"featured_media":446,"comment_status":"closed","ping_status":"closed","sticky":false,"template":"","format":"standard","meta":[],"categories":[1],"tags":[],"_links":{"self":[{"href":"https:\/\/www.ull.es\/institutos\/instituto-universitario-de-investigacion-social-y-turismo\/wp-json\/wp\/v2\/posts\/450"}],"collection":[{"href":"https:\/\/www.ull.es\/institutos\/instituto-universitario-de-investigacion-social-y-turismo\/wp-json\/wp\/v2\/posts"}],"about":[{"href":"https:\/\/www.ull.es\/institutos\/instituto-universitario-de-investigacion-social-y-turismo\/wp-json\/wp\/v2\/types\/post"}],"author":[{"embeddable":true,"href":"https:\/\/www.ull.es\/institutos\/instituto-universitario-de-investigacion-social-y-turismo\/wp-json\/wp\/v2\/users\/6"}],"replies":[{"embeddable":true,"href":"https:\/\/www.ull.es\/institutos\/instituto-universitario-de-investigacion-social-y-turismo\/wp-json\/wp\/v2\/comments?post=450"}],"version-history":[{"count":2,"href":"https:\/\/www.ull.es\/institutos\/instituto-universitario-de-investigacion-social-y-turismo\/wp-json\/wp\/v2\/posts\/450\/revisions"}],"predecessor-version":[{"id":453,"href":"https:\/\/www.ull.es\/institutos\/instituto-universitario-de-investigacion-social-y-turismo\/wp-json\/wp\/v2\/posts\/450\/revisions\/453"}],"wp:featuredmedia":[{"embeddable":true,"href":"https:\/\/www.ull.es\/institutos\/instituto-universitario-de-investigacion-social-y-turismo\/wp-json\/wp\/v2\/media\/446"}],"wp:attachment":[{"href":"https:\/\/www.ull.es\/institutos\/instituto-universitario-de-investigacion-social-y-turismo\/wp-json\/wp\/v2\/media?parent=450"}],"wp:term":[{"taxonomy":"category","embeddable":true,"href":"https:\/\/www.ull.es\/institutos\/instituto-universitario-de-investigacion-social-y-turismo\/wp-json\/wp\/v2\/categories?post=450"},{"taxonomy":"post_tag","embeddable":true,"href":"https:\/\/www.ull.es\/institutos\/instituto-universitario-de-investigacion-social-y-turismo\/wp-json\/wp\/v2\/tags?post=450"}],"curies":[{"name":"wp","href":"https:\/\/api.w.org\/{rel}","templated":true}]}}