{"id":454,"date":"2021-03-19T12:08:16","date_gmt":"2021-03-19T12:08:16","guid":{"rendered":"http:\/\/www.ull.es\/institutos\/instituto-universitario-de-investigacion-social-y-turismo\/?p=454"},"modified":"2021-03-19T12:08:16","modified_gmt":"2021-03-19T12:08:16","slug":"retos-de-la-gobernanza-economica-de-la-union-europea","status":"publish","type":"post","link":"https:\/\/www.ull.es\/institutos\/instituto-universitario-de-investigacion-social-y-turismo\/retos-de-la-gobernanza-economica-de-la-union-europea\/","title":{"rendered":"Retos de la gobernanza econ\u00f3mica de la Uni\u00f3n Europea"},"content":{"rendered":"<p>[vc_row][vc_column][vc_column_text]La Dra. Evangelina Aranda Garc\u00eda analiz\u00f3 los objetivos, la estrategia y los instrumentos de la gobernanza econ\u00f3mica europea y, ante el nuevo entorno de la crisis sanitaria, expuso los cambios y los desaf\u00edos de la misma.<\/p>\n<p>La Dra. Evangelina Aranda Garc\u00eda es Profesora Titular de Econom\u00eda Aplicada (Pol\u00edtica Econ\u00f3mica) de la Universidad de Castilla-La Mancha (UCLM). Acad\u00e9mica de n\u00famero de la Real Academia de Doctores de Espa\u00f1a, Secci\u00f3n Ciencias Pol\u00edticas y de Econom\u00eda. Entre otras responsabilidades, ha sido directora de dos C\u00e1tedras Universidad-Empresa de la UCLM y Vicerrectora de dicha Universidad durante ocho a\u00f1os. Vocal de la Comisi\u00f3n de \u00c9tica P\u00fablica de la Administraci\u00f3n de la Junta de Comunidades de Castilla-La Mancha.<\/p>\n<p><a href=\"https:\/\/youtu.be\/oeFF7vbpvOk\" target=\"_blank\" rel=\"noopener noreferrer\" target=\"_blank\" rel=\"noopener\">Enlace al v\u00eddeo de la ponencia<\/a><\/p>\n<p>Conferencia celebrada el 19 de marzo de 2021[\/vc_column_text][\/vc_column][\/vc_row][vc_row][vc_column][vc_column_text]Conferencia Retos de la gobernanza econ\u00f3mica de la Uni\u00f3n Europea. Organizada por el Instituto Universitario de Investigaci\u00f3n Social y Turismo.[\/vc_column_text][\/vc_column][\/vc_row]<\/p>\n","protected":false},"excerpt":{"rendered":"<p>[vc_row][vc_column][vc_column_text]La Dra. Evangelina Aranda Garc\u00eda analiz\u00f3 los objetivos, la estrategia y los instrumentos de la gobernanza econ\u00f3mica europea y, ante el nuevo entorno de la crisis sanitaria, expuso los cambios y los desaf\u00edos de la misma. La Dra. Evangelina Aranda Garc\u00eda es Profesora Titular de Econom\u00eda Aplicada (Pol\u00edtica Econ\u00f3mica) de la Universidad de Castilla-La Mancha&#8230;<\/p>\n","protected":false},"author":6,"featured_media":455,"comment_status":"closed","ping_status":"closed","sticky":false,"template":"","format":"standard","meta":[],"categories":[1],"tags":[],"_links":{"self":[{"href":"https:\/\/www.ull.es\/institutos\/instituto-universitario-de-investigacion-social-y-turismo\/wp-json\/wp\/v2\/posts\/454"}],"collection":[{"href":"https:\/\/www.ull.es\/institutos\/instituto-universitario-de-investigacion-social-y-turismo\/wp-json\/wp\/v2\/posts"}],"about":[{"href":"https:\/\/www.ull.es\/institutos\/instituto-universitario-de-investigacion-social-y-turismo\/wp-json\/wp\/v2\/types\/post"}],"author":[{"embeddable":true,"href":"https:\/\/www.ull.es\/institutos\/instituto-universitario-de-investigacion-social-y-turismo\/wp-json\/wp\/v2\/users\/6"}],"replies":[{"embeddable":true,"href":"https:\/\/www.ull.es\/institutos\/instituto-universitario-de-investigacion-social-y-turismo\/wp-json\/wp\/v2\/comments?post=454"}],"version-history":[{"count":1,"href":"https:\/\/www.ull.es\/institutos\/instituto-universitario-de-investigacion-social-y-turismo\/wp-json\/wp\/v2\/posts\/454\/revisions"}],"predecessor-version":[{"id":456,"href":"https:\/\/www.ull.es\/institutos\/instituto-universitario-de-investigacion-social-y-turismo\/wp-json\/wp\/v2\/posts\/454\/revisions\/456"}],"wp:featuredmedia":[{"embeddable":true,"href":"https:\/\/www.ull.es\/institutos\/instituto-universitario-de-investigacion-social-y-turismo\/wp-json\/wp\/v2\/media\/455"}],"wp:attachment":[{"href":"https:\/\/www.ull.es\/institutos\/instituto-universitario-de-investigacion-social-y-turismo\/wp-json\/wp\/v2\/media?parent=454"}],"wp:term":[{"taxonomy":"category","embeddable":true,"href":"https:\/\/www.ull.es\/institutos\/instituto-universitario-de-investigacion-social-y-turismo\/wp-json\/wp\/v2\/categories?post=454"},{"taxonomy":"post_tag","embeddable":true,"href":"https:\/\/www.ull.es\/institutos\/instituto-universitario-de-investigacion-social-y-turismo\/wp-json\/wp\/v2\/tags?post=454"}],"curies":[{"name":"wp","href":"https:\/\/api.w.org\/{rel}","templated":true}]}}