{"id":10196,"global_id":"www.ull.es\/portal\/agenda?id=10196","global_id_lineage":["www.ull.es\/portal\/agenda?id=10196"],"author":"43","status":"publish","date":"2019-02-21 12:00:10","date_utc":"2019-02-21 12:00:10","modified":"2019-07-24 11:49:53","modified_utc":"2019-07-24 11:49:53","url":"https:\/\/www.ull.es\/portal\/agenda\/evento\/xxx-candelaria-1\/","rest_url":"https:\/\/www.ull.es\/portal\/agenda\/wp-json\/tribe\/events\/v1\/events\/10196","title":"Comercio Electr\u00f3nico para emprendedores: Innovar desarrollando una tienda on-line &#8211; 1 ECTS","description":"<p>Curso organizado por el Vicerrectorado de Relaciones con la Sociedad y el Ayuntamiento de Candelaria, en el marco de la iniciativa \u00abVivero de empresas\u00bb que el CTCAN acaba de poner a disposici\u00f3n de nuevas empresas para facilitar su inserci\u00f3n, dentro de la programaci\u00f3n de la convocatoria de Cursos de Extensi\u00f3n Universitaria en el \u00e1mbito municipal \u201cAyuntamientos 2019\u201d.<\/p>\n<p>Objetivos:<\/p>\n<ul>\n<li>Conocer las caracter\u00edsticas y necesidades del comercio electr\u00f3nico.<\/li>\n<li>Aprender a crear y gestionar un portal de comercio electr\u00f3nico para la venta de productos\/servicios a trav\u00e9s de Internet.<\/li>\n<li>Aprender a promocionar un comercio o negocio a trav\u00e9s de Internet y a visibilizar la marca mediante el uso de redes sociales y blogs corporativos.<\/li>\n<\/ul>\n<p>Dirigido por:<\/p>\n<ul>\n<li>Julio Antonio Brito Santana. Profesor Titular, Departamento de Ingenier\u00eda Inform\u00e1tica y de Sistemas, ULL.<\/li>\n<li>Cristofer Juan Exp\u00f3sito Izquierdo. Profesor CLI, Departamento de Ingenier\u00eda Inform\u00e1tica y de Sistemas, ULL.<\/li>\n<\/ul>\n<p><a href=\"https:\/\/sede.fg.ull.es\/es\/curso\/detalle\/a19020037\/candelaria-comercio-electronico-para-emprendedores-innovar-desarrollando-una-tienda-on-line\" target=\"_blank\" rel=\"noopener noreferrer\" target=\"_blank\" rel=\"noopener\"><strong><u>Consulta el programa e inscr\u00edbete aqu\u00ed.<\/u><\/strong><\/a><\/p>\n<p><strong>Contacto: 922 319 616 \/ 922 319 626 \u2013&nbsp;<\/strong><a href=\"mailto:extuni@ull.edu.es\" target=\"_blank\" rel=\"noopener\"><strong>extuni@ull.es<\/strong><\/a><\/p>","excerpt":"","slug":"xxx-candelaria-1","image":{"url":"https:\/\/www.ull.es\/portal\/agenda\/wp-content\/uploads\/sites\/12\/2019\/01\/Candelaria-Comercio-electronico.jpg","id":10566,"extension":"jpg","width":700,"height":350,"sizes":{"thumbnail":{"width":150,"height":150,"mime-type":"image\/jpeg","url":"https:\/\/www.ull.es\/portal\/agenda\/wp-content\/uploads\/sites\/12\/2019\/01\/Candelaria-Comercio-electronico-150x150.jpg"},"medium":{"width":300,"height":150,"mime-type":"image\/jpeg","url":"https:\/\/www.ull.es\/portal\/agenda\/wp-content\/uploads\/sites\/12\/2019\/01\/Candelaria-Comercio-electronico-300x150.jpg"},"mug-shot":{"width":150,"height":250,"mime-type":"image\/jpeg","url":"https:\/\/www.ull.es\/portal\/agenda\/wp-content\/uploads\/sites\/12\/2019\/01\/Candelaria-Comercio-electronico-150x250.jpg"},"sidebar":{"width":375,"height":188,"mime-type":"image\/jpeg","url":"https:\/\/www.ull.es\/portal\/agenda\/wp-content\/uploads\/sites\/12\/2019\/01\/Candelaria-Comercio-electronico-375x188.jpg"},"half":{"width":375,"height":188,"mime-type":"image\/jpeg","url":"https:\/\/www.ull.es\/portal\/agenda\/wp-content\/uploads\/sites\/12\/2019\/01\/Candelaria-Comercio-electronico-375x188.jpg"},"thimble":{"width":50,"height":50,"mime-type":"image\/jpeg","url":"https:\/\/www.ull.es\/portal\/agenda\/wp-content\/uploads\/sites\/12\/2019\/01\/Candelaria-Comercio-electronico-50x50.jpg"},"thumbnail-large":{"width":300,"height":300,"mime-type":"image\/jpeg","url":"https:\/\/www.ull.es\/portal\/agenda\/wp-content\/uploads\/sites\/12\/2019\/01\/Candelaria-Comercio-electronico-300x300.jpg"},"rss":{"width":108,"height":81,"mime-type":"image\/jpeg","url":"https:\/\/www.ull.es\/portal\/agenda\/wp-content\/uploads\/sites\/12\/2019\/01\/Candelaria-Comercio-electronico-108x81.jpg"}}},"all_day":false,"start_date":"2019-09-09 16:00:00","start_date_details":{"year":"2019","month":"09","day":"09","hour":"16","minutes":"00","seconds":"00"},"end_date":"2019-09-11 20:00:00","end_date_details":{"year":"2019","month":"09","day":"11","hour":"20","minutes":"00","seconds":"00"},"utc_start_date":"2019-09-09 16:00:00","utc_start_date_details":{"year":"2019","month":"09","day":"09","hour":"16","minutes":"00","seconds":"00"},"utc_end_date":"2019-09-11 20:00:00","utc_end_date_details":{"year":"2019","month":"09","day":"11","hour":"20","minutes":"00","seconds":"00"},"timezone":"UTC+0","timezone_abbr":"UTC+0","cost":"","cost_details":{"currency_symbol":"","currency_position":"prefix","values":[]},"website":"https:\/\/sede.fg.ull.es\/es\/curso\/detalle\/a19020037\/candelaria-comercio-electronico-para-emprendedores-innovar-desarrollando-una-tienda-on-line","show_map":true,"show_map_link":true,"hide_from_listings":false,"sticky":false,"featured":false,"categories":[{"name":"Cursos de Ayuntamientos","slug":"cursos-de-ayuntamientos","term_group":0,"term_taxonomy_id":469,"taxonomy":"tribe_events_cat","description":"","parent":468,"count":208,"filter":"raw","id":469,"urls":{"self":"https:\/\/www.ull.es\/portal\/agenda\/wp-json\/tribe\/events\/v1\/categories\/469","collection":"https:\/\/www.ull.es\/portal\/agenda\/wp-json\/tribe\/events\/v1\/categories","up":"https:\/\/www.ull.es\/portal\/agenda\/wp-json\/tribe\/events\/v1\/categories\/468"}},{"name":"Destacado ULL","slug":"destacado-ull","term_group":0,"term_taxonomy_id":4,"taxonomy":"tribe_events_cat","description":"","parent":0,"count":4586,"filter":"raw","id":4,"urls":{"self":"https:\/\/www.ull.es\/portal\/agenda\/wp-json\/tribe\/events\/v1\/categories\/4","collection":"https:\/\/www.ull.es\/portal\/agenda\/wp-json\/tribe\/events\/v1\/categories"}},{"name":"Fundaci\u00f3n General","slug":"fundacion-general","term_group":0,"term_taxonomy_id":2739,"taxonomy":"tribe_events_cat","description":"","parent":0,"count":31,"filter":"raw","id":2739,"urls":{"self":"https:\/\/www.ull.es\/portal\/agenda\/wp-json\/tribe\/events\/v1\/categories\/2739","collection":"https:\/\/www.ull.es\/portal\/agenda\/wp-json\/tribe\/events\/v1\/categories"}},{"name":"Perfil Estudiante","slug":"perfil-estudiante","term_group":0,"term_taxonomy_id":186,"taxonomy":"tribe_events_cat","description":"","parent":185,"count":2760,"filter":"raw","id":186,"urls":{"self":"https:\/\/www.ull.es\/portal\/agenda\/wp-json\/tribe\/events\/v1\/categories\/186","collection":"https:\/\/www.ull.es\/portal\/agenda\/wp-json\/tribe\/events\/v1\/categories","up":"https:\/\/www.ull.es\/portal\/agenda\/wp-json\/tribe\/events\/v1\/categories\/185"}},{"name":"Portada ULL","slug":"portada-ull","term_group":0,"term_taxonomy_id":191,"taxonomy":"tribe_events_cat","description":"","parent":0,"count":2109,"filter":"raw","id":191,"urls":{"self":"https:\/\/www.ull.es\/portal\/agenda\/wp-json\/tribe\/events\/v1\/categories\/191","collection":"https:\/\/www.ull.es\/portal\/agenda\/wp-json\/tribe\/events\/v1\/categories"}}],"tags":[{"name":"blogs","slug":"blogs","term_group":0,"term_taxonomy_id":2390,"taxonomy":"post_tag","description":"","parent":0,"count":0,"filter":"raw","id":2390,"urls":{"self":"https:\/\/www.ull.es\/portal\/agenda\/wp-json\/tribe\/events\/v1\/tags\/2390","collection":"https:\/\/www.ull.es\/portal\/agenda\/wp-json\/tribe\/events\/v1\/tags"}},{"name":"Candelaria","slug":"candelaria","term_group":0,"term_taxonomy_id":2388,"taxonomy":"post_tag","description":"","parent":0,"count":1,"filter":"raw","id":2388,"urls":{"self":"https:\/\/www.ull.es\/portal\/agenda\/wp-json\/tribe\/events\/v1\/tags\/2388","collection":"https:\/\/www.ull.es\/portal\/agenda\/wp-json\/tribe\/events\/v1\/tags"}},{"name":"Comercio electr\u00f3nico","slug":"comercio-electronico","term_group":0,"term_taxonomy_id":1263,"taxonomy":"post_tag","description":"","parent":0,"count":9,"filter":"raw","id":1263,"urls":{"self":"https:\/\/www.ull.es\/portal\/agenda\/wp-json\/tribe\/events\/v1\/tags\/1263","collection":"https:\/\/www.ull.es\/portal\/agenda\/wp-json\/tribe\/events\/v1\/tags"}},{"name":"emprendedores","slug":"emprendedores","term_group":0,"term_taxonomy_id":560,"taxonomy":"post_tag","description":"","parent":0,"count":28,"filter":"raw","id":560,"urls":{"self":"https:\/\/www.ull.es\/portal\/agenda\/wp-json\/tribe\/events\/v1\/tags\/560","collection":"https:\/\/www.ull.es\/portal\/agenda\/wp-json\/tribe\/events\/v1\/tags"}},{"name":"Internet","slug":"internet","term_group":0,"term_taxonomy_id":1465,"taxonomy":"post_tag","description":"","parent":0,"count":8,"filter":"raw","id":1465,"urls":{"self":"https:\/\/www.ull.es\/portal\/agenda\/wp-json\/tribe\/events\/v1\/tags\/1465","collection":"https:\/\/www.ull.es\/portal\/agenda\/wp-json\/tribe\/events\/v1\/tags"}},{"name":"on-line","slug":"on-line","term_group":0,"term_taxonomy_id":2389,"taxonomy":"post_tag","description":"","parent":0,"count":0,"filter":"raw","id":2389,"urls":{"self":"https:\/\/www.ull.es\/portal\/agenda\/wp-json\/tribe\/events\/v1\/tags\/2389","collection":"https:\/\/www.ull.es\/portal\/agenda\/wp-json\/tribe\/events\/v1\/tags"}},{"name":"redes sociales","slug":"redes-sociales","term_group":0,"term_taxonomy_id":812,"taxonomy":"post_tag","description":"","parent":0,"count":16,"filter":"raw","id":812,"urls":{"self":"https:\/\/www.ull.es\/portal\/agenda\/wp-json\/tribe\/events\/v1\/tags\/812","collection":"https:\/\/www.ull.es\/portal\/agenda\/wp-json\/tribe\/events\/v1\/tags"}},{"name":"ULL","slug":"ull","term_group":0,"term_taxonomy_id":22,"taxonomy":"post_tag","description":"","parent":0,"count":237,"filter":"raw","id":22,"urls":{"self":"https:\/\/www.ull.es\/portal\/agenda\/wp-json\/tribe\/events\/v1\/tags\/22","collection":"https:\/\/www.ull.es\/portal\/agenda\/wp-json\/tribe\/events\/v1\/tags"}},{"name":"Vicerrectorado de Relaciones con la Sociedad","slug":"vicerrectorado-de-relaciones-con-la-sociedad","term_group":0,"term_taxonomy_id":626,"taxonomy":"post_tag","description":"","parent":0,"count":114,"filter":"raw","id":626,"urls":{"self":"https:\/\/www.ull.es\/portal\/agenda\/wp-json\/tribe\/events\/v1\/tags\/626","collection":"https:\/\/www.ull.es\/portal\/agenda\/wp-json\/tribe\/events\/v1\/tags"}}],"venue":{"id":5959,"author":"43","status":"publish","date":"2018-03-23 12:33:56","date_utc":"2018-03-23 12:33:56","modified":"2020-07-02 15:44:35","modified_utc":"2020-07-02 15:44:35","url":"https:\/\/www.ull.es\/portal\/agenda\/local\/centro-tecnologico-de-candelaria\/","venue":"Centro Tecnol\u00f3gico de Candelaria (CTCAN)","slug":"centro-tecnologico-de-candelaria","address":"Pol\u00edgono Industrial del Valle de G\u00fc\u00edmar, parcelas 9 y 10, manzana XI","city":"Candelaria","country":"Espa\u00f1a","province":"Santa Cruz de Tenerife","zip":"38509","stateprovince":"Santa Cruz de Tenerife","json_ld":{"@type":"Place","name":"Centro Tecnol\u00f3gico de Candelaria (CTCAN)","description":"","url":"https:\/\/www.ull.es\/portal\/agenda\/local\/centro-tecnologico-de-candelaria\/","address":{"@type":"PostalAddress","streetAddress":"Pol\u00edgono Industrial del Valle de G\u00fc\u00edmar, parcelas 9 y 10, manzana XI","addressLocality":"Candelaria","addressRegion":"Santa Cruz de Tenerife","postalCode":"38509","addressCountry":"Espa\u00f1a"},"telephone":"","sameAs":""},"show_map":false,"show_map_link":true,"global_id":"www.ull.es\/portal\/agenda?id=5959","global_id_lineage":["www.ull.es\/portal\/agenda?id=5959"]},"organizer":[{"id":1132,"author":"21","status":"publish","date":"2017-03-27 12:15:57","date_utc":"2017-03-27 12:15:57","modified":"2023-05-02 10:28:59","modified_utc":"2023-05-02 10:28:59","url":"https:\/\/www.ull.es\/portal\/agenda\/organizador\/vicerrectorado-de-relaciones-con-la-sociedad-2\/","organizer":"Vicerrectorado de Cultura y Extensi\u00f3n Universitaria","slug":"vicerrectorado-de-relaciones-con-la-sociedad-2","json_ld":{"@type":"Person","name":"Vicerrectorado de Cultura y Extensi\u00f3n Universitaria","description":"","url":"https:\/\/www.ull.es\/portal\/agenda\/organizador\/vicerrectorado-de-relaciones-con-la-sociedad-2\/","telephone":"","email":"","sameAs":""},"global_id":"www.ull.es\/portal\/agenda?id=1132","global_id_lineage":["www.ull.es\/portal\/agenda?id=1132"]},{"id":5958,"author":"43","status":"publish","date":"2018-03-23 12:32:16","date_utc":"2018-03-23 12:32:16","modified":"2019-01-29 13:51:52","modified_utc":"2019-01-29 13:51:52","url":"https:\/\/www.ull.es\/portal\/agenda\/organizador\/ayuntamiento-de-candelaria\/","organizer":"Ayuntamiento de Candelaria","slug":"ayuntamiento-de-candelaria","website":"http:\/\/www.candelaria.es\/","json_ld":{"@type":"Person","name":"Ayuntamiento de Candelaria","description":"","url":"https:\/\/www.ull.es\/portal\/agenda\/organizador\/ayuntamiento-de-candelaria\/","telephone":"","email":"","sameAs":"http:\/\/www.candelaria.es\/"},"global_id":"www.ull.es\/portal\/agenda?id=5958","global_id_lineage":["www.ull.es\/portal\/agenda?id=5958"]}],"json_ld":{"@context":"http:\/\/schema.org","@type":"Event","name":"Comercio Electr\u00f3nico para emprendedores: Innovar desarrollando una tienda on-line &#8211; 1 ECTS","description":"&lt;p&gt;Curso organizado por el Vicerrectorado de Relaciones con la Sociedad y el Ayuntamiento de Candelaria, en el marco de la iniciativa &quot;Vivero de empresas&quot; que el CTCAN acaba de poner a disposici\u00f3n de nuevas empresas para facilitar su inserci\u00f3n, dentro de la programaci\u00f3n de la convocatoria de Cursos de Extensi\u00f3n Universitaria en el \u00e1mbito municipal...&lt;\/p&gt;\\n","image":"https:\/\/www.ull.es\/portal\/agenda\/wp-content\/uploads\/sites\/12\/2019\/01\/Candelaria-Comercio-electronico.jpg","url":"https:\/\/www.ull.es\/portal\/agenda\/evento\/xxx-candelaria-1\/","startDate":"2019-09-09T16:00:00+00:00","endDate":"2019-09-11T20:00:00+00:00","location":{"@type":"Place","name":"Centro Tecnol\u00f3gico de Candelaria (CTCAN)","description":"","url":"https:\/\/www.ull.es\/portal\/agenda\/local\/centro-tecnologico-de-candelaria\/","address":{"@type":"PostalAddress","streetAddress":"Pol\u00edgono Industrial del Valle de G\u00fc\u00edmar, parcelas 9 y 10, manzana XI","addressLocality":"Candelaria","addressRegion":"Santa Cruz de Tenerife","postalCode":"38509","addressCountry":"Espa\u00f1a"},"telephone":"","sameAs":""},"organizer":{"@type":"Person","name":"Vicerrectorado de Cultura y Extensi\u00f3n Universitaria","description":"","url":"https:\/\/www.ull.es\/portal\/agenda\/organizador\/vicerrectorado-de-relaciones-con-la-sociedad-2\/","telephone":"","email":"","sameAs":""}}}