{"id":11093,"global_id":"www.ull.es\/portal\/agenda?id=11093","global_id_lineage":["www.ull.es\/portal\/agenda?id=11093"],"author":"43","status":"publish","date":"2019-03-06 11:30:07","date_utc":"2019-03-06 11:30:07","modified":"2019-03-13 09:43:24","modified_utc":"2019-03-13 09:43:24","url":"https:\/\/www.ull.es\/portal\/agenda\/evento\/xxviii-congreso-internacional-dialogo-fe-cultura-cuidar-o-deshumanizar-la-sociedad-de-los-cuidados-como-respuesta-1-ects\/","rest_url":"https:\/\/www.ull.es\/portal\/agenda\/wp-json\/tribe\/events\/v1\/events\/11093","title":"XXVIII Congreso Internacional Di\u00e1logo Fe-Cultura: Cuidar o deshumanizar. La sociedad de los cuidados como respuesta &#8211; 1 ECTS","description":"<p>Congreso Internacional organizado por el Vicerrectorado de Relaciones con la Sociedad de la ULL y el Instituto Superior de Teolog\u00eda de las Islas Canarias (ISTIC).<\/p>\n<p>Objetivos:<\/p>\n<p>Los objetivos concretos de este congreso son los de establecer los l\u00edmites entre una sociedad basada en el uso de la tecnolog\u00eda como refugio, el individualismo, el descuido generalizado de los valores humanos y familiares y una sociedad que establece entre sus prioridades que la tecnolog\u00eda sea utilizada de manera integradora, que los valores humanos y familiares formen la primera l\u00ednea entre las prioridades de nuestra sociedad.<\/p>\n<p>Dirige: Celina Pestano Gabino, Profesora Titular de Universidad, Departamento de Econom\u00eda Aplicada y M\u00e9todos Cuantitativos de la ULL.<\/p>\n<p><a href=\"http:\/\/www.cettenerife.eu\/index.php\/component\/content\/article\/86-estudios\/departamento-fe-cultura\/120-congreso-dialogo-fe-cultura-2019\" target=\"_blank\" rel=\"noopener\" target=\"_blank\" rel=\"noopener\"><strong>M\u00e1s informaci\u00f3n aqu\u00ed.<\/strong><\/a><\/p>\n<p><a href=\"https:\/\/docs.google.com\/forms\/d\/e\/1FAIpQLSd5MRXdFAwA5AH4Wyp3oynyFlZIYrQsUxwxNLoabsF4f3cWug\/viewform\" target=\"_blank\" rel=\"noopener\" target=\"_blank\" rel=\"noopener\"><strong>INSCR\u00cdBETE AQU\u00cd.<\/strong><\/a><\/p>\n<p><a href=\"https:\/\/drive.google.com\/open?id=1vUHFajtsHg86Tqwtnc76X8-kVjQtCHg1\" target=\"_blank\" rel=\"noopener\" target=\"_blank\" rel=\"noopener\"><strong>Descargar programa.<\/strong><\/a><\/p>\n<p><strong>Contacto (ISTIC): 922 252 540 \u2013\u00a0<a href=\"mailto:secretaria@cettenerife.org\" target=\"_blank\" rel=\"noopener\">secretaria@cettenerife.org<\/a><\/strong><\/p>\n<p><strong>Contacto (VRS-ULL): 922 319 616 \/ 922 319 626 \u2013\u00a0<\/strong><a href=\"mailto:extuni@ull.edu.es\" target=\"_blank\" rel=\"noopener\"><strong>extuni@ull.es<\/strong><\/a><\/p>","excerpt":"","slug":"xxviii-congreso-internacional-dialogo-fe-cultura-cuidar-o-deshumanizar-la-sociedad-de-los-cuidados-como-respuesta-1-ects","image":{"url":"https:\/\/www.ull.es\/portal\/agenda\/wp-content\/uploads\/sites\/12\/2019\/03\/CuidaroDeshumanizar_agenda.jpg","id":11171,"extension":"jpg","width":700,"height":350,"sizes":{"thumbnail":{"width":150,"height":150,"mime-type":"image\/jpeg","url":"https:\/\/www.ull.es\/portal\/agenda\/wp-content\/uploads\/sites\/12\/2019\/03\/CuidaroDeshumanizar_agenda-150x150.jpg"},"medium":{"width":300,"height":150,"mime-type":"image\/jpeg","url":"https:\/\/www.ull.es\/portal\/agenda\/wp-content\/uploads\/sites\/12\/2019\/03\/CuidaroDeshumanizar_agenda-300x150.jpg"},"mug-shot":{"width":150,"height":250,"mime-type":"image\/jpeg","url":"https:\/\/www.ull.es\/portal\/agenda\/wp-content\/uploads\/sites\/12\/2019\/03\/CuidaroDeshumanizar_agenda-150x250.jpg"},"sidebar":{"width":375,"height":188,"mime-type":"image\/jpeg","url":"https:\/\/www.ull.es\/portal\/agenda\/wp-content\/uploads\/sites\/12\/2019\/03\/CuidaroDeshumanizar_agenda-375x188.jpg"},"half":{"width":375,"height":188,"mime-type":"image\/jpeg","url":"https:\/\/www.ull.es\/portal\/agenda\/wp-content\/uploads\/sites\/12\/2019\/03\/CuidaroDeshumanizar_agenda-375x188.jpg"},"thimble":{"width":50,"height":50,"mime-type":"image\/jpeg","url":"https:\/\/www.ull.es\/portal\/agenda\/wp-content\/uploads\/sites\/12\/2019\/03\/CuidaroDeshumanizar_agenda-50x50.jpg"},"thumbnail-large":{"width":300,"height":300,"mime-type":"image\/jpeg","url":"https:\/\/www.ull.es\/portal\/agenda\/wp-content\/uploads\/sites\/12\/2019\/03\/CuidaroDeshumanizar_agenda-300x300.jpg"},"rss":{"width":108,"height":81,"mime-type":"image\/jpeg","url":"https:\/\/www.ull.es\/portal\/agenda\/wp-content\/uploads\/sites\/12\/2019\/03\/CuidaroDeshumanizar_agenda-108x81.jpg"}}},"all_day":false,"start_date":"2019-04-03 18:00:00","start_date_details":{"year":"2019","month":"04","day":"03","hour":"18","minutes":"00","seconds":"00"},"end_date":"2019-04-06 12:30:00","end_date_details":{"year":"2019","month":"04","day":"06","hour":"12","minutes":"30","seconds":"00"},"utc_start_date":"2019-04-03 18:00:00","utc_start_date_details":{"year":"2019","month":"04","day":"03","hour":"18","minutes":"00","seconds":"00"},"utc_end_date":"2019-04-06 12:30:00","utc_end_date_details":{"year":"2019","month":"04","day":"06","hour":"12","minutes":"30","seconds":"00"},"timezone":"UTC+0","timezone_abbr":"UTC+0","cost":"","cost_details":{"currency_symbol":"","currency_position":"prefix","values":[]},"website":"http:\/\/www.cettenerife.eu\/index.php\/component\/content\/article\/86-estudios\/departamento-fe-cultura\/120-congreso-dialogo-fe-cultura-2019","show_map":true,"show_map_link":true,"hide_from_listings":false,"sticky":false,"featured":false,"categories":[{"name":"Actividades de Extensi\u00f3n","slug":"actividades-de-extension","term_group":0,"term_taxonomy_id":472,"taxonomy":"tribe_events_cat","description":"","parent":468,"count":1637,"filter":"raw","id":472,"urls":{"self":"https:\/\/www.ull.es\/portal\/agenda\/wp-json\/tribe\/events\/v1\/categories\/472","collection":"https:\/\/www.ull.es\/portal\/agenda\/wp-json\/tribe\/events\/v1\/categories","up":"https:\/\/www.ull.es\/portal\/agenda\/wp-json\/tribe\/events\/v1\/categories\/468"}},{"name":"Destacado ULL","slug":"destacado-ull","term_group":0,"term_taxonomy_id":4,"taxonomy":"tribe_events_cat","description":"","parent":0,"count":4578,"filter":"raw","id":4,"urls":{"self":"https:\/\/www.ull.es\/portal\/agenda\/wp-json\/tribe\/events\/v1\/categories\/4","collection":"https:\/\/www.ull.es\/portal\/agenda\/wp-json\/tribe\/events\/v1\/categories"}},{"name":"Perfil Estudiante","slug":"perfil-estudiante","term_group":0,"term_taxonomy_id":186,"taxonomy":"tribe_events_cat","description":"","parent":185,"count":2753,"filter":"raw","id":186,"urls":{"self":"https:\/\/www.ull.es\/portal\/agenda\/wp-json\/tribe\/events\/v1\/categories\/186","collection":"https:\/\/www.ull.es\/portal\/agenda\/wp-json\/tribe\/events\/v1\/categories","up":"https:\/\/www.ull.es\/portal\/agenda\/wp-json\/tribe\/events\/v1\/categories\/185"}}],"tags":[{"name":"Congreso Internacional","slug":"congreso-internacional","term_group":0,"term_taxonomy_id":948,"taxonomy":"post_tag","description":"","parent":0,"count":3,"filter":"raw","id":948,"urls":{"self":"https:\/\/www.ull.es\/portal\/agenda\/wp-json\/tribe\/events\/v1\/tags\/948","collection":"https:\/\/www.ull.es\/portal\/agenda\/wp-json\/tribe\/events\/v1\/tags"}},{"name":"cultura","slug":"cultura","term_group":0,"term_taxonomy_id":383,"taxonomy":"post_tag","description":"","parent":0,"count":9,"filter":"raw","id":383,"urls":{"self":"https:\/\/www.ull.es\/portal\/agenda\/wp-json\/tribe\/events\/v1\/tags\/383","collection":"https:\/\/www.ull.es\/portal\/agenda\/wp-json\/tribe\/events\/v1\/tags"}},{"name":"deshumanizar","slug":"deshumanizar","term_group":0,"term_taxonomy_id":2588,"taxonomy":"post_tag","description":"","parent":0,"count":0,"filter":"raw","id":2588,"urls":{"self":"https:\/\/www.ull.es\/portal\/agenda\/wp-json\/tribe\/events\/v1\/tags\/2588","collection":"https:\/\/www.ull.es\/portal\/agenda\/wp-json\/tribe\/events\/v1\/tags"}},{"name":"di\u00e1logo","slug":"dialogo","term_group":0,"term_taxonomy_id":1180,"taxonomy":"post_tag","description":"","parent":0,"count":1,"filter":"raw","id":1180,"urls":{"self":"https:\/\/www.ull.es\/portal\/agenda\/wp-json\/tribe\/events\/v1\/tags\/1180","collection":"https:\/\/www.ull.es\/portal\/agenda\/wp-json\/tribe\/events\/v1\/tags"}},{"name":"Fe","slug":"fe","term_group":0,"term_taxonomy_id":2587,"taxonomy":"post_tag","description":"","parent":0,"count":0,"filter":"raw","id":2587,"urls":{"self":"https:\/\/www.ull.es\/portal\/agenda\/wp-json\/tribe\/events\/v1\/tags\/2587","collection":"https:\/\/www.ull.es\/portal\/agenda\/wp-json\/tribe\/events\/v1\/tags"}},{"name":"ISTIC","slug":"istic","term_group":0,"term_taxonomy_id":727,"taxonomy":"post_tag","description":"","parent":0,"count":7,"filter":"raw","id":727,"urls":{"self":"https:\/\/www.ull.es\/portal\/agenda\/wp-json\/tribe\/events\/v1\/tags\/727","collection":"https:\/\/www.ull.es\/portal\/agenda\/wp-json\/tribe\/events\/v1\/tags"}},{"name":"ULL","slug":"ull","term_group":0,"term_taxonomy_id":22,"taxonomy":"post_tag","description":"","parent":0,"count":237,"filter":"raw","id":22,"urls":{"self":"https:\/\/www.ull.es\/portal\/agenda\/wp-json\/tribe\/events\/v1\/tags\/22","collection":"https:\/\/www.ull.es\/portal\/agenda\/wp-json\/tribe\/events\/v1\/tags"}},{"name":"valores familiares","slug":"valores-familiares","term_group":0,"term_taxonomy_id":2590,"taxonomy":"post_tag","description":"","parent":0,"count":0,"filter":"raw","id":2590,"urls":{"self":"https:\/\/www.ull.es\/portal\/agenda\/wp-json\/tribe\/events\/v1\/tags\/2590","collection":"https:\/\/www.ull.es\/portal\/agenda\/wp-json\/tribe\/events\/v1\/tags"}},{"name":"Valores humanos","slug":"valores-humanos","term_group":0,"term_taxonomy_id":2589,"taxonomy":"post_tag","description":"","parent":0,"count":0,"filter":"raw","id":2589,"urls":{"self":"https:\/\/www.ull.es\/portal\/agenda\/wp-json\/tribe\/events\/v1\/tags\/2589","collection":"https:\/\/www.ull.es\/portal\/agenda\/wp-json\/tribe\/events\/v1\/tags"}},{"name":"Vicerrectorado de Relaciones con la Sociedad","slug":"vicerrectorado-de-relaciones-con-la-sociedad","term_group":0,"term_taxonomy_id":626,"taxonomy":"post_tag","description":"","parent":0,"count":114,"filter":"raw","id":626,"urls":{"self":"https:\/\/www.ull.es\/portal\/agenda\/wp-json\/tribe\/events\/v1\/tags\/626","collection":"https:\/\/www.ull.es\/portal\/agenda\/wp-json\/tribe\/events\/v1\/tags"}}],"venue":{"id":3865,"author":"43","status":"publish","date":"2017-11-02 13:09:51","date_utc":"2017-11-02 13:09:51","modified":"2017-11-02 13:09:51","modified_utc":"2017-11-02 13:09:51","url":"https:\/\/www.ull.es\/portal\/agenda\/local\/sede-del-instituto-superior-de-teologia-de-las-islas-canarias\/","venue":"Sede del Instituto Superior de Teolog\u00eda de las Islas Canarias","slug":"sede-del-instituto-superior-de-teologia-de-las-islas-canarias","address":"Edificio del Seminario, La Verdellada, 1","city":"La Laguna","province":"Santa Cruz de Tenerife","zip":"38200","stateprovince":"Santa Cruz de Tenerife","geo_lat":28.483698700000001480248101870529353618621826171875,"geo_lng":-16.310210600000001335274646407924592494964599609375,"json_ld":{"@type":"Place","name":"Sede del Instituto Superior de Teolog\u00eda de las Islas Canarias","description":"","url":"https:\/\/www.ull.es\/portal\/agenda\/local\/sede-del-instituto-superior-de-teologia-de-las-islas-canarias\/","address":{"@type":"PostalAddress","streetAddress":"Edificio del Seminario, La Verdellada, 1","addressLocality":"La Laguna","addressRegion":"Santa Cruz de Tenerife","postalCode":"38200"},"geo":{"@type":"GeoCoordinates","latitude":28.483698700000001480248101870529353618621826171875,"longitude":-16.310210600000001335274646407924592494964599609375},"telephone":"","sameAs":""},"show_map":true,"show_map_link":true,"global_id":"www.ull.es\/portal\/agenda?id=3865","global_id_lineage":["www.ull.es\/portal\/agenda?id=3865"]},"organizer":[{"id":1132,"author":"21","status":"publish","date":"2017-03-27 12:15:57","date_utc":"2017-03-27 12:15:57","modified":"2023-05-02 10:28:59","modified_utc":"2023-05-02 10:28:59","url":"https:\/\/www.ull.es\/portal\/agenda\/organizador\/vicerrectorado-de-relaciones-con-la-sociedad-2\/","organizer":"Vicerrectorado de Cultura y Extensi\u00f3n Universitaria","slug":"vicerrectorado-de-relaciones-con-la-sociedad-2","json_ld":{"@type":"Person","name":"Vicerrectorado de Cultura y Extensi\u00f3n Universitaria","description":"","url":"https:\/\/www.ull.es\/portal\/agenda\/organizador\/vicerrectorado-de-relaciones-con-la-sociedad-2\/","telephone":"","email":"","sameAs":""},"global_id":"www.ull.es\/portal\/agenda?id=1132","global_id_lineage":["www.ull.es\/portal\/agenda?id=1132"]},{"id":3866,"author":"43","status":"publish","date":"2017-11-02 13:09:52","date_utc":"2017-11-02 13:09:52","modified":"2017-11-02 13:09:52","modified_utc":"2017-11-02 13:09:52","url":"https:\/\/www.ull.es\/portal\/agenda\/organizador\/instituto-superior-de-teologia-de-las-islas-canarias\/","organizer":"Instituto Superior de Teolog\u00eda de las Islas Canarias","slug":"instituto-superior-de-teologia-de-las-islas-canarias","website":"http:\/\/www.cettenerife.eu\/","json_ld":{"@type":"Person","name":"Instituto Superior de Teolog\u00eda de las Islas Canarias","description":"","url":"https:\/\/www.ull.es\/portal\/agenda\/organizador\/instituto-superior-de-teologia-de-las-islas-canarias\/","telephone":"","email":"","sameAs":"http:\/\/www.cettenerife.eu\/"},"global_id":"www.ull.es\/portal\/agenda?id=3866","global_id_lineage":["www.ull.es\/portal\/agenda?id=3866"]}],"json_ld":{"@context":"http:\/\/schema.org","@type":"Event","name":"XXVIII Congreso Internacional Di\u00e1logo Fe-Cultura: Cuidar o deshumanizar. La sociedad de los cuidados como respuesta &#8211; 1 ECTS","description":"&lt;p&gt;Congreso Internacional organizado por el Vicerrectorado de Relaciones con la Sociedad de la ULL y el Instituto Superior de Teolog\u00eda de las Islas Canarias (ISTIC). Objetivos: Los objetivos concretos de este congreso son los de establecer los l\u00edmites entre una sociedad basada en el uso de la tecnolog\u00eda como refugio, el individualismo, el descuido generalizado...&lt;\/p&gt;\\n","image":"https:\/\/www.ull.es\/portal\/agenda\/wp-content\/uploads\/sites\/12\/2019\/03\/CuidaroDeshumanizar_agenda.jpg","url":"https:\/\/www.ull.es\/portal\/agenda\/evento\/xxviii-congreso-internacional-dialogo-fe-cultura-cuidar-o-deshumanizar-la-sociedad-de-los-cuidados-como-respuesta-1-ects\/","startDate":"2019-04-03T18:00:00+00:00","endDate":"2019-04-06T12:30:00+00:00","location":{"@type":"Place","name":"Sede del Instituto Superior de Teolog\u00eda de las Islas Canarias","description":"","url":"https:\/\/www.ull.es\/portal\/agenda\/local\/sede-del-instituto-superior-de-teologia-de-las-islas-canarias\/","address":{"@type":"PostalAddress","streetAddress":"Edificio del Seminario, La Verdellada, 1","addressLocality":"La Laguna","addressRegion":"Santa Cruz de Tenerife","postalCode":"38200"},"geo":{"@type":"GeoCoordinates","latitude":28.483698700000001480248101870529353618621826171875,"longitude":-16.310210600000001335274646407924592494964599609375},"telephone":"","sameAs":""},"organizer":{"@type":"Person","name":"Vicerrectorado de Cultura y Extensi\u00f3n Universitaria","description":"","url":"https:\/\/www.ull.es\/portal\/agenda\/organizador\/vicerrectorado-de-relaciones-con-la-sociedad-2\/","telephone":"","email":"","sameAs":""}}}