{"id":11372,"global_id":"www.ull.es\/portal\/agenda?id=11372","global_id_lineage":["www.ull.es\/portal\/agenda?id=11372"],"author":"43","status":"publish","date":"2019-03-22 10:48:19","date_utc":"2019-03-22 10:48:19","modified":"2019-04-03 09:53:58","modified_utc":"2019-04-03 09:53:58","url":"https:\/\/www.ull.es\/portal\/agenda\/evento\/encuentros-salvajes-arte-y-turismo-en-la-era-de-la-movilidad-1-ects\/","rest_url":"https:\/\/www.ull.es\/portal\/agenda\/wp-json\/tribe\/events\/v1\/events\/11372","title":"Encuentros Salvajes: Arte y turismo en la era de la movilidad &#8211; 1 ECTS","description":"<p>Curso organizado por el Vicerrectorado de Relaciones con la Sociedad\u00a0 y el Grupo de Investigaci\u00f3n TURICOM de la ULL, que se celebrar\u00e1 los d\u00edas 7 al 15 de mayo de 2019.<\/p>\n<p>Colabora: TEA Tenerife Espacio de las Artes.<\/p>\n<p>Objetivos:\u00a0Familiarizar a los alumnos con los t\u00e9rminos del debate sobre el turismo como fen\u00f3meno cultural, abordado desde la perspectiva de la antropolog\u00eda, el psicoan\u00e1lisis y la historia del arte contempor\u00e1neo.<\/p>\n<p>Dirigen:<\/p>\n<ul>\n<li>Jos\u00e9 D\u00edaz Cuy\u00e1s, Profesor Contratado Doctor del Departamento de Bellas Artes de la ULL.<\/li>\n<li>Vicente Benet Ferrando, Catedr\u00e1tico de la Universidad Jaume I.<\/li>\n<\/ul>\n<p><strong><u><a href=\"https:\/\/sede.fg.ull.es\/es\/curso\/detalle\/a19020121\/encuentros-salvajes-arte-y-turismo-en-la-era-de-la-movilidad\" target=\"_blank\" rel=\"noopener\" target=\"_blank\" rel=\"noopener\">Consulta el programa e inscr\u00edbete aqu\u00ed.<\/a><\/u><\/strong><\/p>\n<p><strong>Contacto: 922 319 616 \/ 922 319 626 \u2013\u00a0<\/strong><a href=\"mailto:extuni@ull.edu.es\" target=\"_blank\" rel=\"noopener\"><strong>extuni@ull.es<\/strong><\/a><\/p>","excerpt":"","slug":"encuentros-salvajes-arte-y-turismo-en-la-era-de-la-movilidad-1-ects","image":{"url":"https:\/\/www.ull.es\/portal\/agenda\/wp-content\/uploads\/sites\/12\/2019\/03\/EncuentrosSalvajes_agenda.jpg","id":11460,"extension":"jpg","width":700,"height":350,"sizes":{"thumbnail":{"width":150,"height":150,"mime-type":"image\/jpeg","url":"https:\/\/www.ull.es\/portal\/agenda\/wp-content\/uploads\/sites\/12\/2019\/03\/EncuentrosSalvajes_agenda-150x150.jpg"},"medium":{"width":300,"height":150,"mime-type":"image\/jpeg","url":"https:\/\/www.ull.es\/portal\/agenda\/wp-content\/uploads\/sites\/12\/2019\/03\/EncuentrosSalvajes_agenda-300x150.jpg"},"mug-shot":{"width":150,"height":250,"mime-type":"image\/jpeg","url":"https:\/\/www.ull.es\/portal\/agenda\/wp-content\/uploads\/sites\/12\/2019\/03\/EncuentrosSalvajes_agenda-150x250.jpg"},"sidebar":{"width":375,"height":188,"mime-type":"image\/jpeg","url":"https:\/\/www.ull.es\/portal\/agenda\/wp-content\/uploads\/sites\/12\/2019\/03\/EncuentrosSalvajes_agenda-375x188.jpg"},"half":{"width":375,"height":188,"mime-type":"image\/jpeg","url":"https:\/\/www.ull.es\/portal\/agenda\/wp-content\/uploads\/sites\/12\/2019\/03\/EncuentrosSalvajes_agenda-375x188.jpg"},"thimble":{"width":50,"height":50,"mime-type":"image\/jpeg","url":"https:\/\/www.ull.es\/portal\/agenda\/wp-content\/uploads\/sites\/12\/2019\/03\/EncuentrosSalvajes_agenda-50x50.jpg"},"thumbnail-large":{"width":300,"height":300,"mime-type":"image\/jpeg","url":"https:\/\/www.ull.es\/portal\/agenda\/wp-content\/uploads\/sites\/12\/2019\/03\/EncuentrosSalvajes_agenda-300x300.jpg"},"rss":{"width":108,"height":81,"mime-type":"image\/jpeg","url":"https:\/\/www.ull.es\/portal\/agenda\/wp-content\/uploads\/sites\/12\/2019\/03\/EncuentrosSalvajes_agenda-108x81.jpg"}}},"all_day":false,"start_date":"2019-05-07 17:00:00","start_date_details":{"year":"2019","month":"05","day":"07","hour":"17","minutes":"00","seconds":"00"},"end_date":"2019-05-08 20:00:00","end_date_details":{"year":"2019","month":"05","day":"08","hour":"20","minutes":"00","seconds":"00"},"utc_start_date":"2019-05-07 17:00:00","utc_start_date_details":{"year":"2019","month":"05","day":"07","hour":"17","minutes":"00","seconds":"00"},"utc_end_date":"2019-05-08 20:00:00","utc_end_date_details":{"year":"2019","month":"05","day":"08","hour":"20","minutes":"00","seconds":"00"},"timezone":"UTC+0","timezone_abbr":"UTC+0","cost":"","cost_details":{"currency_symbol":"","currency_position":"prefix","values":[]},"website":"https:\/\/sede.fg.ull.es\/es\/curso\/detalle\/a19020121\/encuentros-salvajes-arte-y-turismo-en-la-era-de-la-movilidad","show_map":true,"show_map_link":true,"hide_from_listings":false,"sticky":false,"featured":false,"categories":[{"name":"Actividades de Extensi\u00f3n","slug":"actividades-de-extension","term_group":0,"term_taxonomy_id":472,"taxonomy":"tribe_events_cat","description":"","parent":468,"count":1637,"filter":"raw","id":472,"urls":{"self":"https:\/\/www.ull.es\/portal\/agenda\/wp-json\/tribe\/events\/v1\/categories\/472","collection":"https:\/\/www.ull.es\/portal\/agenda\/wp-json\/tribe\/events\/v1\/categories","up":"https:\/\/www.ull.es\/portal\/agenda\/wp-json\/tribe\/events\/v1\/categories\/468"}},{"name":"Destacado ULL","slug":"destacado-ull","term_group":0,"term_taxonomy_id":4,"taxonomy":"tribe_events_cat","description":"","parent":0,"count":4578,"filter":"raw","id":4,"urls":{"self":"https:\/\/www.ull.es\/portal\/agenda\/wp-json\/tribe\/events\/v1\/categories\/4","collection":"https:\/\/www.ull.es\/portal\/agenda\/wp-json\/tribe\/events\/v1\/categories"}},{"name":"Perfil Estudiante","slug":"perfil-estudiante","term_group":0,"term_taxonomy_id":186,"taxonomy":"tribe_events_cat","description":"","parent":185,"count":2753,"filter":"raw","id":186,"urls":{"self":"https:\/\/www.ull.es\/portal\/agenda\/wp-json\/tribe\/events\/v1\/categories\/186","collection":"https:\/\/www.ull.es\/portal\/agenda\/wp-json\/tribe\/events\/v1\/categories","up":"https:\/\/www.ull.es\/portal\/agenda\/wp-json\/tribe\/events\/v1\/categories\/185"}}],"tags":[{"name":"Antropolog\u00eda","slug":"antropologia","term_group":0,"term_taxonomy_id":1166,"taxonomy":"post_tag","description":"","parent":0,"count":9,"filter":"raw","id":1166,"urls":{"self":"https:\/\/www.ull.es\/portal\/agenda\/wp-json\/tribe\/events\/v1\/tags\/1166","collection":"https:\/\/www.ull.es\/portal\/agenda\/wp-json\/tribe\/events\/v1\/tags"}},{"name":"arte","slug":"arte","term_group":0,"term_taxonomy_id":1014,"taxonomy":"post_tag","description":"","parent":0,"count":11,"filter":"raw","id":1014,"urls":{"self":"https:\/\/www.ull.es\/portal\/agenda\/wp-json\/tribe\/events\/v1\/tags\/1014","collection":"https:\/\/www.ull.es\/portal\/agenda\/wp-json\/tribe\/events\/v1\/tags"}},{"name":"Arte Contempor\u00e1neo","slug":"arte-contemporaneo","term_group":0,"term_taxonomy_id":1294,"taxonomy":"post_tag","description":"","parent":0,"count":1,"filter":"raw","id":1294,"urls":{"self":"https:\/\/www.ull.es\/portal\/agenda\/wp-json\/tribe\/events\/v1\/tags\/1294","collection":"https:\/\/www.ull.es\/portal\/agenda\/wp-json\/tribe\/events\/v1\/tags"}},{"name":"psicoan\u00e1lisis","slug":"psicoanalisis","term_group":0,"term_taxonomy_id":2689,"taxonomy":"post_tag","description":"","parent":0,"count":0,"filter":"raw","id":2689,"urls":{"self":"https:\/\/www.ull.es\/portal\/agenda\/wp-json\/tribe\/events\/v1\/tags\/2689","collection":"https:\/\/www.ull.es\/portal\/agenda\/wp-json\/tribe\/events\/v1\/tags"}},{"name":"TURICOM","slug":"turicom","term_group":0,"term_taxonomy_id":2688,"taxonomy":"post_tag","description":"","parent":0,"count":0,"filter":"raw","id":2688,"urls":{"self":"https:\/\/www.ull.es\/portal\/agenda\/wp-json\/tribe\/events\/v1\/tags\/2688","collection":"https:\/\/www.ull.es\/portal\/agenda\/wp-json\/tribe\/events\/v1\/tags"}},{"name":"turismo","slug":"turismo","term_group":0,"term_taxonomy_id":585,"taxonomy":"post_tag","description":"","parent":0,"count":28,"filter":"raw","id":585,"urls":{"self":"https:\/\/www.ull.es\/portal\/agenda\/wp-json\/tribe\/events\/v1\/tags\/585","collection":"https:\/\/www.ull.es\/portal\/agenda\/wp-json\/tribe\/events\/v1\/tags"}},{"name":"ULL","slug":"ull","term_group":0,"term_taxonomy_id":22,"taxonomy":"post_tag","description":"","parent":0,"count":237,"filter":"raw","id":22,"urls":{"self":"https:\/\/www.ull.es\/portal\/agenda\/wp-json\/tribe\/events\/v1\/tags\/22","collection":"https:\/\/www.ull.es\/portal\/agenda\/wp-json\/tribe\/events\/v1\/tags"}},{"name":"Vicerrectorado de Relaciones con la Sociedad","slug":"vicerrectorado-de-relaciones-con-la-sociedad","term_group":0,"term_taxonomy_id":626,"taxonomy":"post_tag","description":"","parent":0,"count":114,"filter":"raw","id":626,"urls":{"self":"https:\/\/www.ull.es\/portal\/agenda\/wp-json\/tribe\/events\/v1\/tags\/626","collection":"https:\/\/www.ull.es\/portal\/agenda\/wp-json\/tribe\/events\/v1\/tags"}}],"venue":{"id":2376,"author":"21","status":"publish","date":"2017-09-15 08:12:50","date_utc":"2017-09-15 08:12:50","modified":"2017-09-15 08:12:50","modified_utc":"2017-09-15 08:12:50","url":"https:\/\/www.ull.es\/portal\/agenda\/local\/tea-tenerife-espacio-de-las-artes\/","venue":"TEA-Tenerife Espacio de las Artes","slug":"tea-tenerife-espacio-de-las-artes","address":"Avda de San Sebasti\u00e1n n\u00ba 8","city":"Santa Cruz de Tenerife","country":"Espa\u00f1a","province":"Santa Cruz de Tenerife","zip":"38003","phone":"922 84 90 57","website":"http:\/\/www.teatenerife.es\/","stateprovince":"Santa Cruz de Tenerife","geo_lat":28.463528700000001236958269146271049976348876953125,"geo_lng":-16.250079899999999355486579588614404201507568359375,"json_ld":{"@type":"Place","name":"TEA-Tenerife Espacio de las Artes","description":"","url":"https:\/\/www.ull.es\/portal\/agenda\/local\/tea-tenerife-espacio-de-las-artes\/","address":{"@type":"PostalAddress","streetAddress":"Avda de San Sebasti\u00e1n n\u00ba 8","addressLocality":"Santa Cruz de Tenerife","addressRegion":"Santa Cruz de Tenerife","postalCode":"38003","addressCountry":"Espa\u00f1a"},"geo":{"@type":"GeoCoordinates","latitude":28.463528700000001236958269146271049976348876953125,"longitude":-16.250079899999999355486579588614404201507568359375},"telephone":"922 84 90 57","sameAs":"http:\/\/www.teatenerife.es\/"},"show_map":true,"show_map_link":true,"global_id":"www.ull.es\/portal\/agenda?id=2376","global_id_lineage":["www.ull.es\/portal\/agenda?id=2376"]},"organizer":[{"id":1132,"author":"21","status":"publish","date":"2017-03-27 12:15:57","date_utc":"2017-03-27 12:15:57","modified":"2023-05-02 10:28:59","modified_utc":"2023-05-02 10:28:59","url":"https:\/\/www.ull.es\/portal\/agenda\/organizador\/vicerrectorado-de-relaciones-con-la-sociedad-2\/","organizer":"Vicerrectorado de Cultura y Extensi\u00f3n Universitaria","slug":"vicerrectorado-de-relaciones-con-la-sociedad-2","json_ld":{"@type":"Person","name":"Vicerrectorado de Cultura y Extensi\u00f3n Universitaria","description":"","url":"https:\/\/www.ull.es\/portal\/agenda\/organizador\/vicerrectorado-de-relaciones-con-la-sociedad-2\/","telephone":"","email":"","sameAs":""},"global_id":"www.ull.es\/portal\/agenda?id=1132","global_id_lineage":["www.ull.es\/portal\/agenda?id=1132"]},{"id":11374,"author":"43","status":"draft","date":"2019-03-22 10:46:11","date_utc":"0000-00-00 00:00:00","modified":"2019-03-22 10:46:11","modified_utc":"0000-00-00 00:00:00","url":"https:\/\/www.ull.es\/portal\/agenda\/?post_type=tribe_organizer&p=11374","organizer":"Grupo de Investigaci\u00f3n TURICOM","slug":"grupo-de-investigacion-turicom","json_ld":{"@type":"Person","name":"Grupo de Investigaci\u00f3n TURICOM","description":"","url":"http:\/\/Grupo%20de%20Investigaci\u00f3n%20TURICOM","telephone":"","email":"","sameAs":""},"global_id":"www.ull.es\/portal\/agenda?id=11374","global_id_lineage":["www.ull.es\/portal\/agenda?id=11374"]}],"json_ld":{"@context":"http:\/\/schema.org","@type":"Event","name":"Encuentros Salvajes: Arte y turismo en la era de la movilidad &#8211; 1 ECTS","description":"&lt;p&gt;Curso organizado por el Vicerrectorado de Relaciones con la Sociedad\u00a0 y el Grupo de Investigaci\u00f3n TURICOM de la ULL, que se celebrar\u00e1 los d\u00edas 7 al 15 de mayo de 2019. Colabora: TEA Tenerife Espacio de las Artes. Objetivos:\u00a0Familiarizar a los alumnos con los t\u00e9rminos del debate sobre el turismo como fen\u00f3meno cultural, abordado desde...&lt;\/p&gt;\\n","image":"https:\/\/www.ull.es\/portal\/agenda\/wp-content\/uploads\/sites\/12\/2019\/03\/EncuentrosSalvajes_agenda.jpg","url":"https:\/\/www.ull.es\/portal\/agenda\/evento\/encuentros-salvajes-arte-y-turismo-en-la-era-de-la-movilidad-1-ects\/","startDate":"2019-05-07T17:00:00+00:00","endDate":"2019-05-08T20:00:00+00:00","location":{"@type":"Place","name":"TEA-Tenerife Espacio de las Artes","description":"","url":"https:\/\/www.ull.es\/portal\/agenda\/local\/tea-tenerife-espacio-de-las-artes\/","address":{"@type":"PostalAddress","streetAddress":"Avda de San Sebasti\u00e1n n\u00ba 8","addressLocality":"Santa Cruz de Tenerife","addressRegion":"Santa Cruz de Tenerife","postalCode":"38003","addressCountry":"Espa\u00f1a"},"geo":{"@type":"GeoCoordinates","latitude":28.463528700000001236958269146271049976348876953125,"longitude":-16.250079899999999355486579588614404201507568359375},"telephone":"922 84 90 57","sameAs":"http:\/\/www.teatenerife.es\/"},"organizer":{"@type":"Person","name":"Vicerrectorado de Cultura y Extensi\u00f3n Universitaria","description":"","url":"https:\/\/www.ull.es\/portal\/agenda\/organizador\/vicerrectorado-de-relaciones-con-la-sociedad-2\/","telephone":"","email":"","sameAs":""}}}