{"id":12467,"global_id":"www.ull.es\/portal\/agenda?id=12467","global_id_lineage":["www.ull.es\/portal\/agenda?id=12467"],"author":"51","status":"publish","date":"2019-06-06 07:52:12","date_utc":"2019-06-06 07:52:12","modified":"2019-06-07 09:25:06","modified_utc":"2019-06-07 09:25:06","url":"https:\/\/www.ull.es\/portal\/agenda\/evento\/acto-de-toma-de-posesion-del-consejo-de-direccion-de-la-ull\/","rest_url":"https:\/\/www.ull.es\/portal\/agenda\/wp-json\/tribe\/events\/v1\/events\/12467","title":"Acto de toma de posesi\u00f3n del consejo de direcci\u00f3n de la ULL","description":"<div>El Aula Magna del Edificio Central acoger\u00e1 el viernes 14 de junio el acto de toma de posesi\u00f3n de los vicerrectores y vicerrectoras que conforman el nuevo equipo de gobierno de la Universidad de La Laguna, as\u00ed como de su secretaria general.<\/div>","excerpt":"","slug":"acto-de-toma-de-posesion-del-consejo-de-direccion-de-la-ull","image":{"url":"https:\/\/www.ull.es\/portal\/agenda\/wp-content\/uploads\/sites\/12\/2019\/06\/acto-de-toma-de-posesi\u00f3n.jpg","id":12513,"extension":"jpg","width":700,"height":350,"sizes":{"thumbnail":{"width":150,"height":150,"mime-type":"image\/jpeg","url":"https:\/\/www.ull.es\/portal\/agenda\/wp-content\/uploads\/sites\/12\/2019\/06\/acto-de-toma-de-posesi\u00f3n-150x150.jpg"},"medium":{"width":300,"height":150,"mime-type":"image\/jpeg","url":"https:\/\/www.ull.es\/portal\/agenda\/wp-content\/uploads\/sites\/12\/2019\/06\/acto-de-toma-de-posesi\u00f3n-300x150.jpg"},"mug-shot":{"width":150,"height":250,"mime-type":"image\/jpeg","url":"https:\/\/www.ull.es\/portal\/agenda\/wp-content\/uploads\/sites\/12\/2019\/06\/acto-de-toma-de-posesi\u00f3n-150x250.jpg"},"sidebar":{"width":375,"height":188,"mime-type":"image\/jpeg","url":"https:\/\/www.ull.es\/portal\/agenda\/wp-content\/uploads\/sites\/12\/2019\/06\/acto-de-toma-de-posesi\u00f3n-375x188.jpg"},"half":{"width":375,"height":188,"mime-type":"image\/jpeg","url":"https:\/\/www.ull.es\/portal\/agenda\/wp-content\/uploads\/sites\/12\/2019\/06\/acto-de-toma-de-posesi\u00f3n-375x188.jpg"},"thimble":{"width":50,"height":50,"mime-type":"image\/jpeg","url":"https:\/\/www.ull.es\/portal\/agenda\/wp-content\/uploads\/sites\/12\/2019\/06\/acto-de-toma-de-posesi\u00f3n-50x50.jpg"},"thumbnail-large":{"width":300,"height":300,"mime-type":"image\/jpeg","url":"https:\/\/www.ull.es\/portal\/agenda\/wp-content\/uploads\/sites\/12\/2019\/06\/acto-de-toma-de-posesi\u00f3n-300x300.jpg"},"rss":{"width":108,"height":81,"mime-type":"image\/jpeg","url":"https:\/\/www.ull.es\/portal\/agenda\/wp-content\/uploads\/sites\/12\/2019\/06\/acto-de-toma-de-posesi\u00f3n-108x81.jpg"}}},"all_day":false,"start_date":"2019-06-14 12:30:00","start_date_details":{"year":"2019","month":"06","day":"14","hour":"12","minutes":"30","seconds":"00"},"end_date":"2019-06-14 12:30:00","end_date_details":{"year":"2019","month":"06","day":"14","hour":"12","minutes":"30","seconds":"00"},"utc_start_date":"2019-06-14 12:30:00","utc_start_date_details":{"year":"2019","month":"06","day":"14","hour":"12","minutes":"30","seconds":"00"},"utc_end_date":"2019-06-14 12:30:00","utc_end_date_details":{"year":"2019","month":"06","day":"14","hour":"12","minutes":"30","seconds":"00"},"timezone":"UTC+0","timezone_abbr":"UTC+0","cost":"","cost_details":{"currency_symbol":"","currency_position":"prefix","values":[]},"website":"","show_map":true,"show_map_link":true,"hide_from_listings":false,"sticky":false,"featured":false,"categories":[{"name":"Actos Institucionales","slug":"institucional","term_group":0,"term_taxonomy_id":210,"taxonomy":"tribe_events_cat","description":"","parent":60,"count":4,"filter":"raw","id":210,"urls":{"self":"https:\/\/www.ull.es\/portal\/agenda\/wp-json\/tribe\/events\/v1\/categories\/210","collection":"https:\/\/www.ull.es\/portal\/agenda\/wp-json\/tribe\/events\/v1\/categories","up":"https:\/\/www.ull.es\/portal\/agenda\/wp-json\/tribe\/events\/v1\/categories\/60"}}],"tags":[{"name":"consejo de direcci\u00f3n","slug":"consejo-de-direccion","term_group":0,"term_taxonomy_id":2968,"taxonomy":"post_tag","description":"","parent":0,"count":0,"filter":"raw","id":2968,"urls":{"self":"https:\/\/www.ull.es\/portal\/agenda\/wp-json\/tribe\/events\/v1\/tags\/2968","collection":"https:\/\/www.ull.es\/portal\/agenda\/wp-json\/tribe\/events\/v1\/tags"}},{"name":"Secretaria General","slug":"secretaria-general","term_group":0,"term_taxonomy_id":2970,"taxonomy":"post_tag","description":"","parent":0,"count":0,"filter":"raw","id":2970,"urls":{"self":"https:\/\/www.ull.es\/portal\/agenda\/wp-json\/tribe\/events\/v1\/tags\/2970","collection":"https:\/\/www.ull.es\/portal\/agenda\/wp-json\/tribe\/events\/v1\/tags"}},{"name":"Toma de posesi\u00f3n","slug":"toma-de-posesion","term_group":0,"term_taxonomy_id":2959,"taxonomy":"post_tag","description":"","parent":0,"count":0,"filter":"raw","id":2959,"urls":{"self":"https:\/\/www.ull.es\/portal\/agenda\/wp-json\/tribe\/events\/v1\/tags\/2959","collection":"https:\/\/www.ull.es\/portal\/agenda\/wp-json\/tribe\/events\/v1\/tags"}},{"name":"ULL","slug":"ull","term_group":0,"term_taxonomy_id":22,"taxonomy":"post_tag","description":"","parent":0,"count":237,"filter":"raw","id":22,"urls":{"self":"https:\/\/www.ull.es\/portal\/agenda\/wp-json\/tribe\/events\/v1\/tags\/22","collection":"https:\/\/www.ull.es\/portal\/agenda\/wp-json\/tribe\/events\/v1\/tags"}},{"name":"Vicerrectores y vicerrectoras","slug":"vicerrectores-y-vicerrectoras","term_group":0,"term_taxonomy_id":2969,"taxonomy":"post_tag","description":"","parent":0,"count":0,"filter":"raw","id":2969,"urls":{"self":"https:\/\/www.ull.es\/portal\/agenda\/wp-json\/tribe\/events\/v1\/tags\/2969","collection":"https:\/\/www.ull.es\/portal\/agenda\/wp-json\/tribe\/events\/v1\/tags"}}],"venue":{"id":11441,"author":"67","status":"publish","date":"2019-06-28 12:49:00","date_utc":"2019-06-28 12:49:00","modified":"2019-10-15 09:45:32","modified_utc":"2019-10-15 09:45:32","url":"https:\/\/www.ull.es\/portal\/agenda\/local\/aula-magna-del-edificio-central-de-la-universidad-de-la-laguna\/","venue":"Aula Magna del Edificio Central de la Universidad de La Laguna","slug":"aula-magna-del-edificio-central-de-la-universidad-de-la-laguna","address":"Pabell\u00f3n del Gobierno, C\/ Padre Herrera s\/n","city":"San Crist\u00f3bal de La Laguna","country":"Espa\u00f1a","province":"Santa Cruz de Tenerife","zip":"38200","stateprovince":"Santa Cruz de Tenerife","json_ld":{"@type":"Place","name":"Aula Magna del Edificio Central de la Universidad de La Laguna","description":"","url":"https:\/\/www.ull.es\/portal\/agenda\/local\/aula-magna-del-edificio-central-de-la-universidad-de-la-laguna\/","address":{"@type":"PostalAddress","streetAddress":"Pabell\u00f3n del Gobierno, C\/ Padre Herrera s\/n","addressLocality":"San Crist\u00f3bal de La Laguna","addressRegion":"Santa Cruz de Tenerife","postalCode":"38200","addressCountry":"Espa\u00f1a"},"telephone":"","sameAs":""},"show_map":false,"show_map_link":true,"global_id":"www.ull.es\/portal\/agenda?id=11441","global_id_lineage":["www.ull.es\/portal\/agenda?id=11441"]},"organizer":[],"json_ld":{"@context":"http:\/\/schema.org","@type":"Event","name":"Acto de toma de posesi\u00f3n del consejo de direcci\u00f3n de la ULL","description":"&lt;p&gt;El Aula Magna del Edificio Central acoger\u00e1 el viernes 14 de junio el acto de toma de posesi\u00f3n de los vicerrectores y vicerrectoras que conforman el nuevo equipo de gobierno de la Universidad de La Laguna, as\u00ed como de su secretaria general.&lt;\/p&gt;\\n","image":"https:\/\/www.ull.es\/portal\/agenda\/wp-content\/uploads\/sites\/12\/2019\/06\/acto-de-toma-de-posesi\u00f3n.jpg","url":"https:\/\/www.ull.es\/portal\/agenda\/evento\/acto-de-toma-de-posesion-del-consejo-de-direccion-de-la-ull\/","startDate":"2019-06-14T12:30:00+00:00","endDate":"2019-06-14T12:30:00+00:00","location":{"@type":"Place","name":"Aula Magna del Edificio Central de la Universidad de La Laguna","description":"","url":"https:\/\/www.ull.es\/portal\/agenda\/local\/aula-magna-del-edificio-central-de-la-universidad-de-la-laguna\/","address":{"@type":"PostalAddress","streetAddress":"Pabell\u00f3n del Gobierno, C\/ Padre Herrera s\/n","addressLocality":"San Crist\u00f3bal de La Laguna","addressRegion":"Santa Cruz de Tenerife","postalCode":"38200","addressCountry":"Espa\u00f1a"},"telephone":"","sameAs":""}}}