{"id":12506,"global_id":"www.ull.es\/portal\/agenda?id=12506","global_id_lineage":["www.ull.es\/portal\/agenda?id=12506"],"author":"35","status":"publish","date":"2019-06-07 09:03:40","date_utc":"2019-06-07 09:03:40","modified":"2019-06-25 11:21:26","modified_utc":"2019-06-25 11:21:26","url":"https:\/\/www.ull.es\/portal\/agenda\/evento\/seminario-internacional-dos-ciudades-de-san-cristobal-en-el-siglo-xxi-2019-06-28\/","rest_url":"https:\/\/www.ull.es\/portal\/agenda\/wp-json\/tribe\/events\/v1\/events\/12506","title":"Seminario Internacional Dos ciudades de San Crist\u00f3bal en el siglo XXI","description":"<p>Homenaje a las dos ciudades Patrimonio Mundial en el 500 aniversario de la fundaci\u00f3n de la capital cubana dentro del marco de Campus Am\u00e9rica 2019, pero organizada por el Centro Internacional para la conservaci\u00f3n\u00a0 el Patrimonio ( CICOP).<\/p>\n<p><strong>26 junio<\/strong><br \/>\nSal\u00f3n de Plenos del Excmo.Ayuntamiento de La Laguna.<br \/>\n19.00 h. <strong><em>Homenaje a las dos ciudades Patrimonio Mundial en el<\/em><\/strong><br \/>\n<strong><em>500 Aniversario de la fundaci\u00f3n de la capital cubana dentro del<\/em><\/strong><br \/>\n<em><strong>marco del Campus Am\u00e9rica 2019<\/strong>.<\/em><br \/>\nProyecto Cuba en un espejo ilustrada con dibujos realizados por ni\u00f1os de<br \/>\nLa Habana Vieja.<br \/>\nConferencia a cargo de Tatiana Fern\u00e1ndez de los Santos, Directora de<br \/>\nRESTAURA de la Oficina del Historiador de la ciudad de La Habana<br \/>\nConcierto a cargo del Cuarteto de C\u00e1mara Corelli<\/p>\n<p><strong>27 junio<\/strong><br \/>\nSal\u00f3n de Actos del Exconvento de Santo Domingo (Sala Capitular)<br \/>\n9.30 &#8211; 17.00 h.<em><strong> Inauguraci\u00f3n del seminario Internacional Dos<\/strong><\/em><br \/>\n<em><strong>ciudades de San Crist\u00f3bal en el siglo XXI y actos<\/strong><\/em><br \/>\n<strong>28 junio<\/strong><br \/>\n10.00 a 13..30 h. <em><strong>Actos y clausura del Seminario<\/strong><\/em><br \/>\nAntiguo Convento de Sto. Domingo en San Cristobal de La Laguna.<\/p>\n<p>&nbsp;<\/p>\n<p>El resto de actividades adem\u00e1s de la inscripci\u00f3n se puede acceder a trav\u00e9s de:\u00a0http:\/\/www.cicop.com\/talleres.asp<\/p>","excerpt":"","slug":"seminario-internacional-dos-ciudades-de-san-cristobal-en-el-siglo-xxi-2019-06-28","image":{"url":"https:\/\/www.ull.es\/portal\/agenda\/wp-content\/uploads\/sites\/12\/2019\/06\/BannerGen\u00e9ricoWeb-logos.jpg","id":12496,"extension":"jpg","width":1140,"height":285,"sizes":{"thumbnail":{"width":150,"height":150,"mime-type":"image\/jpeg","url":"https:\/\/www.ull.es\/portal\/agenda\/wp-content\/uploads\/sites\/12\/2019\/06\/BannerGen\u00e9ricoWeb-logos-150x150.jpg"},"medium":{"width":300,"height":75,"mime-type":"image\/jpeg","url":"https:\/\/www.ull.es\/portal\/agenda\/wp-content\/uploads\/sites\/12\/2019\/06\/BannerGen\u00e9ricoWeb-logos-300x75.jpg"},"medium_large":{"width":768,"height":192,"mime-type":"image\/jpeg","url":"https:\/\/www.ull.es\/portal\/agenda\/wp-content\/uploads\/sites\/12\/2019\/06\/BannerGen\u00e9ricoWeb-logos-768x192.jpg"},"large":{"width":1024,"height":256,"mime-type":"image\/jpeg","url":"https:\/\/www.ull.es\/portal\/agenda\/wp-content\/uploads\/sites\/12\/2019\/06\/BannerGen\u00e9ricoWeb-logos-1024x256.jpg"},"mug-shot":{"width":150,"height":250,"mime-type":"image\/jpeg","url":"https:\/\/www.ull.es\/portal\/agenda\/wp-content\/uploads\/sites\/12\/2019\/06\/BannerGen\u00e9ricoWeb-logos-150x250.jpg"},"sidebar":{"width":375,"height":94,"mime-type":"image\/jpeg","url":"https:\/\/www.ull.es\/portal\/agenda\/wp-content\/uploads\/sites\/12\/2019\/06\/BannerGen\u00e9ricoWeb-logos-375x94.jpg"},"half":{"width":375,"height":94,"mime-type":"image\/jpeg","url":"https:\/\/www.ull.es\/portal\/agenda\/wp-content\/uploads\/sites\/12\/2019\/06\/BannerGen\u00e9ricoWeb-logos-375x94.jpg"},"full-content":{"width":750,"height":188,"mime-type":"image\/jpeg","url":"https:\/\/www.ull.es\/portal\/agenda\/wp-content\/uploads\/sites\/12\/2019\/06\/BannerGen\u00e9ricoWeb-logos-750x188.jpg"},"page":{"width":1140,"height":285,"mime-type":"image\/jpeg","url":"https:\/\/www.ull.es\/portal\/agenda\/wp-content\/uploads\/sites\/12\/2019\/06\/BannerGen\u00e9ricoWeb-logos-1140x285.jpg"},"thimble":{"width":50,"height":50,"mime-type":"image\/jpeg","url":"https:\/\/www.ull.es\/portal\/agenda\/wp-content\/uploads\/sites\/12\/2019\/06\/BannerGen\u00e9ricoWeb-logos-50x50.jpg"},"thumbnail-large":{"width":300,"height":285,"mime-type":"image\/jpeg","url":"https:\/\/www.ull.es\/portal\/agenda\/wp-content\/uploads\/sites\/12\/2019\/06\/BannerGen\u00e9ricoWeb-logos-300x285.jpg"},"rss":{"width":108,"height":81,"mime-type":"image\/jpeg","url":"https:\/\/www.ull.es\/portal\/agenda\/wp-content\/uploads\/sites\/12\/2019\/06\/BannerGen\u00e9ricoWeb-logos-108x81.jpg"}}},"all_day":false,"start_date":"2019-06-28 10:00:00","start_date_details":{"year":"2019","month":"06","day":"28","hour":"10","minutes":"00","seconds":"00"},"end_date":"2019-06-28 13:30:00","end_date_details":{"year":"2019","month":"06","day":"28","hour":"13","minutes":"30","seconds":"00"},"utc_start_date":"2019-06-28 10:00:00","utc_start_date_details":{"year":"2019","month":"06","day":"28","hour":"10","minutes":"00","seconds":"00"},"utc_end_date":"2019-06-28 13:30:00","utc_end_date_details":{"year":"2019","month":"06","day":"28","hour":"13","minutes":"30","seconds":"00"},"timezone":"UTC+0","timezone_abbr":"","cost":"","cost_details":{"currency_symbol":"","currency_position":"prefix","values":[]},"website":"https:\/\/www.ull.es\/portal\/campusamerica","show_map":false,"show_map_link":true,"hide_from_listings":true,"sticky":false,"featured":false,"categories":[{"name":"Actividades divulgativas y culturales Canarias-Am\u00e9rica","slug":"actividades-divulgativas-y-culturales-canarias-america","term_group":0,"term_taxonomy_id":2974,"taxonomy":"tribe_events_cat","description":"","parent":0,"count":0,"filter":"raw","id":2974,"urls":{"self":"https:\/\/www.ull.es\/portal\/agenda\/wp-json\/tribe\/events\/v1\/categories\/2974","collection":"https:\/\/www.ull.es\/portal\/agenda\/wp-json\/tribe\/events\/v1\/categories"}},{"name":"Actividades divulgativas y culturales Canarias-Am\u00e9rica","slug":"actividades-divulgativas-y-culturales-canarias-america-campus-america","term_group":0,"term_taxonomy_id":2975,"taxonomy":"tribe_events_cat","description":"","parent":392,"count":0,"filter":"raw","id":2975,"urls":{"self":"https:\/\/www.ull.es\/portal\/agenda\/wp-json\/tribe\/events\/v1\/categories\/2975","collection":"https:\/\/www.ull.es\/portal\/agenda\/wp-json\/tribe\/events\/v1\/categories","up":"https:\/\/www.ull.es\/portal\/agenda\/wp-json\/tribe\/events\/v1\/categories\/392"}},{"name":"Campus Am\u00e9rica","slug":"campus-america","term_group":0,"term_taxonomy_id":392,"taxonomy":"tribe_events_cat","description":"","parent":0,"count":124,"filter":"raw","id":392,"urls":{"self":"https:\/\/www.ull.es\/portal\/agenda\/wp-json\/tribe\/events\/v1\/categories\/392","collection":"https:\/\/www.ull.es\/portal\/agenda\/wp-json\/tribe\/events\/v1\/categories"}}],"tags":[{"name":"Campus Am\u00e9rica 2019","slug":"campus-america-2019","term_group":0,"term_taxonomy_id":2953,"taxonomy":"post_tag","description":"","parent":0,"count":0,"filter":"raw","id":2953,"urls":{"self":"https:\/\/www.ull.es\/portal\/agenda\/wp-json\/tribe\/events\/v1\/tags\/2953","collection":"https:\/\/www.ull.es\/portal\/agenda\/wp-json\/tribe\/events\/v1\/tags"}}],"venue":{"id":2210,"author":"35","status":"publish","date":"2017-09-01 10:54:14","date_utc":"2017-09-01 10:54:14","modified":"2026-01-28 11:58:24","modified_utc":"2026-01-28 11:58:24","url":"https:\/\/www.ull.es\/portal\/agenda\/local\/ex-convento-santo-domingo\/","venue":"Antiguo Convento de Santo Domingo","slug":"ex-convento-santo-domingo","address":"Calle Santo Domingo, 7","city":"San Crist\u00f3bal de La Laguna","country":"Espa\u00f1a","province":"Santa Cruz de Tenerife","zip":"38207","stateprovince":"Santa Cruz de Tenerife","geo_lat":28.485800000000001119815351557917892932891845703125,"geo_lng":-16.312650000000001426769813406281173229217529296875,"json_ld":{"@type":"Place","name":"Antiguo Convento de Santo Domingo","description":"","url":"https:\/\/www.ull.es\/portal\/agenda\/local\/ex-convento-santo-domingo\/","address":{"@type":"PostalAddress","streetAddress":"Calle Santo Domingo, 7","addressLocality":"San Crist\u00f3bal de La Laguna","addressRegion":"Santa Cruz de Tenerife","postalCode":"38207","addressCountry":"Espa\u00f1a"},"geo":{"@type":"GeoCoordinates","latitude":28.485800000000001119815351557917892932891845703125,"longitude":-16.312650000000001426769813406281173229217529296875},"telephone":"","sameAs":""},"show_map":false,"show_map_link":true,"global_id":"www.ull.es\/portal\/agenda?id=2210","global_id_lineage":["www.ull.es\/portal\/agenda?id=2210"]},"organizer":[],"json_ld":{"@context":"http:\/\/schema.org","@type":"Event","name":"Seminario Internacional Dos ciudades de San Crist\u00f3bal en el siglo XXI","description":"&lt;p&gt;Homenaje a las dos ciudades Patrimonio Mundial en el 500 aniversario de la fundaci\u00f3n de la capital cubana dentro del marco de Campus Am\u00e9rica 2019, pero organizada por el Centro Internacional para la conservaci\u00f3n\u00a0 el Patrimonio ( CICOP). 26 junio Sal\u00f3n de Plenos del Excmo.Ayuntamiento de La Laguna. 19.00 h. Homenaje a las dos ciudades...&lt;\/p&gt;\\n","image":"https:\/\/www.ull.es\/portal\/agenda\/wp-content\/uploads\/sites\/12\/2019\/06\/BannerGen\u00e9ricoWeb-logos.jpg","url":"https:\/\/www.ull.es\/portal\/agenda\/evento\/seminario-internacional-dos-ciudades-de-san-cristobal-en-el-siglo-xxi-2019-06-28\/","startDate":"2019-06-28T10:00:00+00:00","endDate":"2019-06-28T13:30:00+00:00","location":{"@type":"Place","name":"Antiguo Convento de Santo Domingo","description":"","url":"https:\/\/www.ull.es\/portal\/agenda\/local\/ex-convento-santo-domingo\/","address":{"@type":"PostalAddress","streetAddress":"Calle Santo Domingo, 7","addressLocality":"San Crist\u00f3bal de La Laguna","addressRegion":"Santa Cruz de Tenerife","postalCode":"38207","addressCountry":"Espa\u00f1a"},"geo":{"@type":"GeoCoordinates","latitude":28.485800000000001119815351557917892932891845703125,"longitude":-16.312650000000001426769813406281173229217529296875},"telephone":"","sameAs":""}}}