{"id":13321,"global_id":"www.ull.es\/portal\/agenda?id=13321","global_id_lineage":["www.ull.es\/portal\/agenda?id=13321"],"author":"51","status":"publish","date":"2019-09-02 10:10:35","date_utc":"2019-09-02 10:10:35","modified":"2019-09-12 09:58:48","modified_utc":"2019-09-12 09:58:48","url":"https:\/\/www.ull.es\/portal\/agenda\/evento\/premio-anual-al-mejor-trabajo-fin-de-grado-jose-luis-moreno-becerra\/","rest_url":"https:\/\/www.ull.es\/portal\/agenda\/wp-json\/tribe\/events\/v1\/events\/13321","title":"Premio anual al mejor Trabajo Fin de Grado \u201cJos\u00e9 Luis Moreno Becerra\u201d","description":"<p class=\"m_6585450273024925767m_5217525727713407146gmail-Prrafobsico\"><span lang=\"ES-TRAD\">La Real Sociedad Econ\u00f3mica Amigos del Pa\u00eds de Tenerife, la Facultad de Econom\u00eda, Empresa y Turismo y la Fundaci\u00f3n Caja Siete-Pedro Modesto Campos, consideran necesaria la generaci\u00f3n de conocimiento en el \u00e1mbito de la econom\u00eda, las finanzas, la empresa y el turismo, a trav\u00e9s del desarrollo de actividades formativas y de investigaci\u00f3n dirigidas a los estudiantes universitarios y a los profesionales del sector.<\/span><\/p>\n<p class=\"m_6585450273024925767m_5217525727713407146gmail-Prrafobsico\"><span lang=\"ES-TRAD\">En esta l\u00ednea la Fundaci\u00f3n Caja Siete-Pedro Modesto Campos convoca 4 premios otorgados a Trabajos Fin de Grado, elaborados en la Facultad de Econom\u00eda, Empresa y Turismo: Grados en Econom\u00eda, en Administraci\u00f3n y Direcci\u00f3n de Empresas, en Contabilidad y Finanzas y en Turismo.<\/span><\/p>\n<p class=\"m_6585450273024925767m_5217525727713407146gmail-Prrafobsico\"><span lang=\"ES-TRAD\">&nbsp;<\/span><span lang=\"ES-TRAD\">Con esta iniciativa se pretende estimular a los estudiantes a investigar en temas que preocupan a la sociedad de Tenerife en particular y por extensi\u00f3n a toda Canarias. Se trata de potenciar el af\u00e1n de superaci\u00f3n y la creatividad, as\u00ed como a difundir y otorgar el reconocimiento que merecen las iniciativas de las nuevas generaciones de estudiantes.<\/span><\/p>\n<p class=\"m_6585450273024925767m_5217525727713407146gmail-Prrafobsico\"><b><span lang=\"ES-TRAD\">Plazo de presentaci\u00f3n de solicitudes:<\/span><\/b><span lang=\"ES-TRAD\">&nbsp;del 3 de septiembre al 3 de octubre de 2019.<\/span><\/p>\n<p><strong><a href=\"https:\/\/drive.google.com\/file\/d\/1bKZ0fCjghEaxQM716P8nmTaqCu_mJRXu\/view\" target=\"_blank\" rel=\"noopener noreferrer\" target=\"_blank\" rel=\"noopener\">Bases<\/a><\/strong><\/p>\n<p><a href=\"https:\/\/drive.google.com\/file\/d\/1DvNvIFp_KuKNN_flL2fTAMXtdSbcbNgU\/view\" target=\"_blank\" rel=\"noopener noreferrer\" target=\"_blank\" rel=\"noopener\"><strong>Formulario de solicitud<\/strong><\/a><\/p>","excerpt":"","slug":"premio-anual-al-mejor-trabajo-fin-de-grado-jose-luis-moreno-becerra","image":{"url":"https:\/\/www.ull.es\/portal\/agenda\/wp-content\/uploads\/sites\/12\/2019\/09\/PremioJLMB_agenda.jpg","id":13322,"extension":"jpg","width":700,"height":350,"sizes":{"thumbnail":{"width":150,"height":150,"mime-type":"image\/jpeg","url":"https:\/\/www.ull.es\/portal\/agenda\/wp-content\/uploads\/sites\/12\/2019\/09\/PremioJLMB_agenda-150x150.jpg"},"medium":{"width":300,"height":150,"mime-type":"image\/jpeg","url":"https:\/\/www.ull.es\/portal\/agenda\/wp-content\/uploads\/sites\/12\/2019\/09\/PremioJLMB_agenda-300x150.jpg"},"mug-shot":{"width":150,"height":250,"mime-type":"image\/jpeg","url":"https:\/\/www.ull.es\/portal\/agenda\/wp-content\/uploads\/sites\/12\/2019\/09\/PremioJLMB_agenda-150x250.jpg"},"sidebar":{"width":375,"height":188,"mime-type":"image\/jpeg","url":"https:\/\/www.ull.es\/portal\/agenda\/wp-content\/uploads\/sites\/12\/2019\/09\/PremioJLMB_agenda-375x188.jpg"},"half":{"width":375,"height":188,"mime-type":"image\/jpeg","url":"https:\/\/www.ull.es\/portal\/agenda\/wp-content\/uploads\/sites\/12\/2019\/09\/PremioJLMB_agenda-375x188.jpg"},"thimble":{"width":50,"height":50,"mime-type":"image\/jpeg","url":"https:\/\/www.ull.es\/portal\/agenda\/wp-content\/uploads\/sites\/12\/2019\/09\/PremioJLMB_agenda-50x50.jpg"},"thumbnail-large":{"width":300,"height":300,"mime-type":"image\/jpeg","url":"https:\/\/www.ull.es\/portal\/agenda\/wp-content\/uploads\/sites\/12\/2019\/09\/PremioJLMB_agenda-300x300.jpg"},"rss":{"width":108,"height":81,"mime-type":"image\/jpeg","url":"https:\/\/www.ull.es\/portal\/agenda\/wp-content\/uploads\/sites\/12\/2019\/09\/PremioJLMB_agenda-108x81.jpg"}}},"all_day":true,"start_date":"2019-09-03 00:00:00","start_date_details":{"year":"2019","month":"09","day":"03","hour":"00","minutes":"00","seconds":"00"},"end_date":"2019-10-03 23:59:59","end_date_details":{"year":"2019","month":"10","day":"03","hour":"23","minutes":"59","seconds":"59"},"utc_start_date":"2019-09-03 00:00:00","utc_start_date_details":{"year":"2019","month":"09","day":"03","hour":"00","minutes":"00","seconds":"00"},"utc_end_date":"2019-10-03 23:59:59","utc_end_date_details":{"year":"2019","month":"10","day":"03","hour":"23","minutes":"59","seconds":"59"},"timezone":"UTC+0","timezone_abbr":"UTC+0","cost":"","cost_details":{"currency_symbol":"","currency_position":"prefix","values":[]},"website":"","show_map":false,"show_map_link":false,"hide_from_listings":false,"sticky":false,"featured":false,"categories":[{"name":"Facultad de Econom\u00eda, Empresa y Turismo","slug":"facultad-de-economia-empresa-y-turismo","term_group":0,"term_taxonomy_id":937,"taxonomy":"tribe_events_cat","description":"","parent":788,"count":243,"filter":"raw","id":937,"urls":{"self":"https:\/\/www.ull.es\/portal\/agenda\/wp-json\/tribe\/events\/v1\/categories\/937","collection":"https:\/\/www.ull.es\/portal\/agenda\/wp-json\/tribe\/events\/v1\/categories","up":"https:\/\/www.ull.es\/portal\/agenda\/wp-json\/tribe\/events\/v1\/categories\/788"}},{"name":"Perfil Estudiante","slug":"perfil-estudiante","term_group":0,"term_taxonomy_id":186,"taxonomy":"tribe_events_cat","description":"","parent":185,"count":2760,"filter":"raw","id":186,"urls":{"self":"https:\/\/www.ull.es\/portal\/agenda\/wp-json\/tribe\/events\/v1\/categories\/186","collection":"https:\/\/www.ull.es\/portal\/agenda\/wp-json\/tribe\/events\/v1\/categories","up":"https:\/\/www.ull.es\/portal\/agenda\/wp-json\/tribe\/events\/v1\/categories\/185"}}],"tags":[{"name":"Jose Luis Moreno Becerra","slug":"jose-luis-moreno-becerra","term_group":0,"term_taxonomy_id":1661,"taxonomy":"post_tag","description":"","parent":0,"count":1,"filter":"raw","id":1661,"urls":{"self":"https:\/\/www.ull.es\/portal\/agenda\/wp-json\/tribe\/events\/v1\/tags\/1661","collection":"https:\/\/www.ull.es\/portal\/agenda\/wp-json\/tribe\/events\/v1\/tags"}},{"name":"Premio anual","slug":"premio-anual","term_group":0,"term_taxonomy_id":3071,"taxonomy":"post_tag","description":"","parent":0,"count":0,"filter":"raw","id":3071,"urls":{"self":"https:\/\/www.ull.es\/portal\/agenda\/wp-json\/tribe\/events\/v1\/tags\/3071","collection":"https:\/\/www.ull.es\/portal\/agenda\/wp-json\/tribe\/events\/v1\/tags"}},{"name":"TFG","slug":"tfg","term_group":0,"term_taxonomy_id":744,"taxonomy":"post_tag","description":"","parent":0,"count":6,"filter":"raw","id":744,"urls":{"self":"https:\/\/www.ull.es\/portal\/agenda\/wp-json\/tribe\/events\/v1\/tags\/744","collection":"https:\/\/www.ull.es\/portal\/agenda\/wp-json\/tribe\/events\/v1\/tags"}}],"venue":[],"organizer":[{"id":315,"author":"22","status":"publish","date":"2017-02-15 12:18:47","date_utc":"2017-02-15 12:18:47","modified":"2019-04-11 11:53:42","modified_utc":"2019-04-11 11:53:42","url":"https:\/\/www.ull.es\/portal\/agenda\/organizador\/facultad-de-economia-empresa-y-turismo-campus-de-guajara\/","organizer":"Facultad de Econom\u00eda, Empresa y Turismo","slug":"facultad-de-economia-empresa-y-turismo-campus-de-guajara","phone":"922 31 71 63","website":"https:\/\/www.ull.es\/centros\/facultad-de-economia-empresa-y-turismo\/","email":"seceet@ull.es","json_ld":{"@type":"Person","name":"Facultad de Econom\u00eda, Empresa y Turismo","description":"","url":"https:\/\/www.ull.es\/portal\/agenda\/organizador\/facultad-de-economia-empresa-y-turismo-campus-de-guajara\/","telephone":"922 31 71 63","email":"&#115;&#101;c&#101;e&#116;&#64;u&#108;l.es","sameAs":"https:\/\/www.ull.es\/centros\/facultad-de-economia-empresa-y-turismo\/"},"global_id":"www.ull.es\/portal\/agenda?id=315","global_id_lineage":["www.ull.es\/portal\/agenda?id=315"]},{"id":7840,"author":"51","status":"publish","date":"2018-06-25 20:31:27","date_utc":"2018-06-25 20:31:27","modified":"2018-06-25 20:31:27","modified_utc":"2018-06-25 20:31:27","url":"https:\/\/www.ull.es\/portal\/agenda\/organizador\/fundacion-cajasiete-siete-pedro-modesto-campos\/","organizer":"Fundaci\u00f3n CajaSiete Siete-Pedro Modesto Campos","slug":"fundacion-cajasiete-siete-pedro-modesto-campos","website":"https:\/\/www.cajasiete.com\/cms\/estatico\/rvia\/cajasiete\/ruralvia\/es\/empresas\/informacion_institucional\/la_caja\/index.html","json_ld":{"@type":"Person","name":"Fundaci\u00f3n CajaSiete Siete-Pedro Modesto Campos","description":"","url":"https:\/\/www.ull.es\/portal\/agenda\/organizador\/fundacion-cajasiete-siete-pedro-modesto-campos\/","telephone":"","email":"","sameAs":"https:\/\/www.cajasiete.com\/cms\/estatico\/rvia\/cajasiete\/ruralvia\/es\/empresas\/informacion_institucional\/la_caja\/index.html"},"global_id":"www.ull.es\/portal\/agenda?id=7840","global_id_lineage":["www.ull.es\/portal\/agenda?id=7840"]},{"id":3669,"author":"43","status":"publish","date":"2017-10-24 11:56:12","date_utc":"2017-10-24 11:56:12","modified":"2017-10-24 11:56:12","modified_utc":"2017-10-24 11:56:12","url":"https:\/\/www.ull.es\/portal\/agenda\/organizador\/real-sociedad-economica-de-amigos-del-pais-de-tenerife\/","organizer":"Real Sociedad Econ\u00f3mica de Amigos del Pa\u00eds de Tenerife","slug":"real-sociedad-economica-de-amigos-del-pais-de-tenerife","json_ld":{"@type":"Person","name":"Real Sociedad Econ\u00f3mica de Amigos del Pa\u00eds de Tenerife","description":"","url":"https:\/\/www.ull.es\/portal\/agenda\/organizador\/real-sociedad-economica-de-amigos-del-pais-de-tenerife\/","telephone":"","email":"","sameAs":""},"global_id":"www.ull.es\/portal\/agenda?id=3669","global_id_lineage":["www.ull.es\/portal\/agenda?id=3669"]}],"json_ld":{"@context":"http:\/\/schema.org","@type":"Event","name":"Premio anual al mejor Trabajo Fin de Grado \u201cJos\u00e9 Luis Moreno Becerra\u201d","description":"&lt;p&gt;La Real Sociedad Econ\u00f3mica Amigos del Pa\u00eds de Tenerife, la Facultad de Econom\u00eda, Empresa y Turismo y la Fundaci\u00f3n Caja Siete-Pedro Modesto Campos, consideran necesaria la generaci\u00f3n de conocimiento en el \u00e1mbito de la econom\u00eda, las finanzas, la empresa y el turismo, a trav\u00e9s del desarrollo de actividades formativas y de investigaci\u00f3n dirigidas a los...&lt;\/p&gt;\\n","image":"https:\/\/www.ull.es\/portal\/agenda\/wp-content\/uploads\/sites\/12\/2019\/09\/PremioJLMB_agenda.jpg","url":"https:\/\/www.ull.es\/portal\/agenda\/evento\/premio-anual-al-mejor-trabajo-fin-de-grado-jose-luis-moreno-becerra\/","startDate":"2019-09-03T00:00:00+00:00","endDate":"2019-10-03T23:59:59+00:00","organizer":{"@type":"Person","name":"Facultad de Econom\u00eda, Empresa y Turismo","description":"","url":"https:\/\/www.ull.es\/portal\/agenda\/organizador\/facultad-de-economia-empresa-y-turismo-campus-de-guajara\/","telephone":"922 31 71 63","email":"s&#101;&#99;&#101;&#101;&#116;&#64;&#117;l&#108;&#46;es","sameAs":"https:\/\/www.ull.es\/centros\/facultad-de-economia-empresa-y-turismo\/"}}}