{"id":14945,"global_id":"www.ull.es\/portal\/agenda?id=14945","global_id_lineage":["www.ull.es\/portal\/agenda?id=14945"],"author":"65","status":"publish","date":"2019-12-10 09:44:20","date_utc":"2019-12-10 09:44:20","modified":"2019-12-16 14:54:43","modified_utc":"2019-12-16 14:54:43","url":"https:\/\/www.ull.es\/portal\/agenda\/evento\/programa-de-mentoria-y-movilidad-con-estados-unidos\/","rest_url":"https:\/\/www.ull.es\/portal\/agenda\/wp-json\/tribe\/events\/v1\/events\/14945","title":"Programa de mentor\u00eda y movilidad con Estados Unidos","description":"<p>Conferencia en la que se reunir\u00e1n representantes institucionales de la Universidad de La Laguna y Cient\u00edficos Espa\u00f1oles en Estados Unidos (ECUSA), as\u00ed como los participantes del programa \u00abFostering Grads\u00bb, para presentar y analizar los resultados de la colaboraci\u00f3n entre ambas instituciones y su impacto en la Internacionalizaci\u00f3n de la Universidad de La Laguna.<\/p>\n<p><a href=\"https:\/\/drive.google.com\/file\/d\/1WUUVq4nnI4cmAKGJmjUUEWAYFht4x8vo\/view?usp=sharing\" target=\"_blank\" rel=\"noopener\">Programa<\/a><\/p>","excerpt":"","slug":"programa-de-mentoria-y-movilidad-con-estados-unidos","image":{"url":"https:\/\/www.ull.es\/portal\/agenda\/wp-content\/uploads\/sites\/12\/2019\/12\/symposium-ecusa-ull-evenots.jpg","id":14946,"extension":"jpg","width":700,"height":350,"sizes":{"thumbnail":{"width":150,"height":150,"mime-type":"image\/jpeg","url":"https:\/\/www.ull.es\/portal\/agenda\/wp-content\/uploads\/sites\/12\/2019\/12\/symposium-ecusa-ull-evenots-150x150.jpg"},"medium":{"width":300,"height":150,"mime-type":"image\/jpeg","url":"https:\/\/www.ull.es\/portal\/agenda\/wp-content\/uploads\/sites\/12\/2019\/12\/symposium-ecusa-ull-evenots-300x150.jpg"},"mug-shot":{"width":150,"height":250,"mime-type":"image\/jpeg","url":"https:\/\/www.ull.es\/portal\/agenda\/wp-content\/uploads\/sites\/12\/2019\/12\/symposium-ecusa-ull-evenots-150x250.jpg"},"sidebar":{"width":375,"height":188,"mime-type":"image\/jpeg","url":"https:\/\/www.ull.es\/portal\/agenda\/wp-content\/uploads\/sites\/12\/2019\/12\/symposium-ecusa-ull-evenots-375x188.jpg"},"half":{"width":375,"height":188,"mime-type":"image\/jpeg","url":"https:\/\/www.ull.es\/portal\/agenda\/wp-content\/uploads\/sites\/12\/2019\/12\/symposium-ecusa-ull-evenots-375x188.jpg"},"thimble":{"width":50,"height":50,"mime-type":"image\/jpeg","url":"https:\/\/www.ull.es\/portal\/agenda\/wp-content\/uploads\/sites\/12\/2019\/12\/symposium-ecusa-ull-evenots-50x50.jpg"},"thumbnail-large":{"width":300,"height":300,"mime-type":"image\/jpeg","url":"https:\/\/www.ull.es\/portal\/agenda\/wp-content\/uploads\/sites\/12\/2019\/12\/symposium-ecusa-ull-evenots-300x300.jpg"},"rss":{"width":108,"height":81,"mime-type":"image\/jpeg","url":"https:\/\/www.ull.es\/portal\/agenda\/wp-content\/uploads\/sites\/12\/2019\/12\/symposium-ecusa-ull-evenots-108x81.jpg"}}},"all_day":false,"start_date":"2019-12-19 10:00:00","start_date_details":{"year":"2019","month":"12","day":"19","hour":"10","minutes":"00","seconds":"00"},"end_date":"2019-12-19 12:00:00","end_date_details":{"year":"2019","month":"12","day":"19","hour":"12","minutes":"00","seconds":"00"},"utc_start_date":"2019-12-19 10:00:00","utc_start_date_details":{"year":"2019","month":"12","day":"19","hour":"10","minutes":"00","seconds":"00"},"utc_end_date":"2019-12-19 12:00:00","utc_end_date_details":{"year":"2019","month":"12","day":"19","hour":"12","minutes":"00","seconds":"00"},"timezone":"UTC+0","timezone_abbr":"UTC+0","cost":"","cost_details":{"currency_symbol":"","currency_position":"prefix","values":[]},"website":"","show_map":false,"show_map_link":false,"hide_from_listings":false,"sticky":false,"featured":false,"categories":[{"name":"Destacado ULL","slug":"destacado-ull","term_group":0,"term_taxonomy_id":4,"taxonomy":"tribe_events_cat","description":"","parent":0,"count":4578,"filter":"raw","id":4,"urls":{"self":"https:\/\/www.ull.es\/portal\/agenda\/wp-json\/tribe\/events\/v1\/categories\/4","collection":"https:\/\/www.ull.es\/portal\/agenda\/wp-json\/tribe\/events\/v1\/categories"}},{"name":"Internacionalizaci\u00f3n","slug":"internacionalizacion","term_group":0,"term_taxonomy_id":345,"taxonomy":"tribe_events_cat","description":"","parent":0,"count":124,"filter":"raw","id":345,"urls":{"self":"https:\/\/www.ull.es\/portal\/agenda\/wp-json\/tribe\/events\/v1\/categories\/345","collection":"https:\/\/www.ull.es\/portal\/agenda\/wp-json\/tribe\/events\/v1\/categories"}},{"name":"Portada ULL","slug":"portada-ull","term_group":0,"term_taxonomy_id":191,"taxonomy":"tribe_events_cat","description":"","parent":0,"count":2106,"filter":"raw","id":191,"urls":{"self":"https:\/\/www.ull.es\/portal\/agenda\/wp-json\/tribe\/events\/v1\/categories\/191","collection":"https:\/\/www.ull.es\/portal\/agenda\/wp-json\/tribe\/events\/v1\/categories"}}],"tags":[],"venue":{"id":11615,"author":"51","status":"publish","date":"2019-04-05 10:13:34","date_utc":"2019-04-05 10:13:34","modified":"2026-01-28 11:57:07","modified_utc":"2026-01-28 11:57:07","url":"https:\/\/www.ull.es\/portal\/agenda\/local\/aula-magna-del-edificio-central-de-la-ull\/","venue":"Aula Magna del Edificio Central","slug":"aula-magna-del-edificio-central-de-la-ull","address":"c\/ Delgado Barreto, s\/n","city":"San Crist\u00f3bal de La Laguna","country":"Espa\u00f1a","province":"Santa Cruz de Tenerife","zip":"38200","stateprovince":"Santa Cruz de Tenerife","json_ld":{"@type":"Place","name":"Aula Magna del Edificio Central","description":"","url":"https:\/\/www.ull.es\/portal\/agenda\/local\/aula-magna-del-edificio-central-de-la-ull\/","address":{"@type":"PostalAddress","streetAddress":"c\/ Delgado Barreto, s\/n","addressLocality":"San Crist\u00f3bal de La Laguna","addressRegion":"Santa Cruz de Tenerife","postalCode":"38200","addressCountry":"Espa\u00f1a"},"telephone":"","sameAs":""},"show_map":false,"show_map_link":true,"global_id":"www.ull.es\/portal\/agenda?id=11615","global_id_lineage":["www.ull.es\/portal\/agenda?id=11615"]},"organizer":[{"id":1666,"author":"21","status":"publish","date":"2017-06-01 09:23:19","date_utc":"2017-06-01 09:23:19","modified":"2023-09-27 10:11:34","modified_utc":"2023-09-27 10:11:34","url":"https:\/\/www.ull.es\/portal\/agenda\/organizador\/vicerrectorado-de-internacionalizacion\/","organizer":"Vicerrectorado de Internacionalizaci\u00f3n y Cooperaci\u00f3n","slug":"vicerrectorado-de-internacionalizacion","phone":"(+34) 922 31 96 32","website":"https:\/\/www.ull.es\/la-universidad\/equipo-gobierno\/vicerrectorado-proyeccion-internacionalizacion-cooperacion\/","email":"vicerrectorado.internacional@ull.es","json_ld":{"@type":"Person","name":"Vicerrectorado de Internacionalizaci\u00f3n y Cooperaci\u00f3n","description":"","url":"https:\/\/www.ull.es\/portal\/agenda\/organizador\/vicerrectorado-de-internacionalizacion\/","telephone":"(+34) 922 31 96 32","email":"&#118;icer&#114;&#101;&#99;&#116;&#111;&#114;ado&#46;inte&#114;na&#99;&#105;o&#110;&#97;l&#64;&#117;&#108;l.&#101;&#115;","sameAs":"https:\/\/www.ull.es\/la-universidad\/equipo-gobierno\/vicerrectorado-proyeccion-internacionalizacion-cooperacion\/"},"global_id":"www.ull.es\/portal\/agenda?id=1666","global_id_lineage":["www.ull.es\/portal\/agenda?id=1666"]}],"json_ld":{"@context":"http:\/\/schema.org","@type":"Event","name":"Programa de mentor\u00eda y movilidad con Estados Unidos","description":"&lt;p&gt;Conferencia en la que se reunir\u00e1n representantes institucionales de la Universidad de La Laguna y Cient\u00edficos Espa\u00f1oles en Estados Unidos (ECUSA), as\u00ed como los participantes del programa \u00abFostering Grads\u00bb, para presentar y analizar los resultados de la colaboraci\u00f3n entre ambas instituciones y su impacto en la Internacionalizaci\u00f3n de la Universidad de La Laguna. Programa&lt;\/p&gt;\\n","image":"https:\/\/www.ull.es\/portal\/agenda\/wp-content\/uploads\/sites\/12\/2019\/12\/symposium-ecusa-ull-evenots.jpg","url":"https:\/\/www.ull.es\/portal\/agenda\/evento\/programa-de-mentoria-y-movilidad-con-estados-unidos\/","startDate":"2019-12-19T10:00:00+00:00","endDate":"2019-12-19T12:00:00+00:00","location":{"@type":"Place","name":"Aula Magna del Edificio Central","description":"","url":"https:\/\/www.ull.es\/portal\/agenda\/local\/aula-magna-del-edificio-central-de-la-ull\/","address":{"@type":"PostalAddress","streetAddress":"c\/ Delgado Barreto, s\/n","addressLocality":"San Crist\u00f3bal de La Laguna","addressRegion":"Santa Cruz de Tenerife","postalCode":"38200","addressCountry":"Espa\u00f1a"},"telephone":"","sameAs":""},"organizer":{"@type":"Person","name":"Vicerrectorado de Internacionalizaci\u00f3n y Cooperaci\u00f3n","description":"","url":"https:\/\/www.ull.es\/portal\/agenda\/organizador\/vicerrectorado-de-internacionalizacion\/","telephone":"(+34) 922 31 96 32","email":"&#118;&#105;&#99;&#101;&#114;&#114;ector&#97;do.inte&#114;&#110;a&#99;&#105;o&#110;al&#64;ull.es","sameAs":"https:\/\/www.ull.es\/la-universidad\/equipo-gobierno\/vicerrectorado-proyeccion-internacionalizacion-cooperacion\/"}}}