{"id":15579,"global_id":"www.ull.es\/portal\/agenda?id=15579","global_id_lineage":["www.ull.es\/portal\/agenda?id=15579"],"author":"65","status":"publish","date":"2020-02-14 15:05:39","date_utc":"2020-02-14 15:05:39","modified":"2020-02-14 15:05:39","modified_utc":"2020-02-14 15:05:39","url":"https:\/\/www.ull.es\/portal\/agenda\/evento\/concierto-el-sonido-de-las-caracolas\/","rest_url":"https:\/\/www.ull.es\/portal\/agenda\/wp-json\/tribe\/events\/v1\/events\/15579","title":"Concierto: &#8216;El sonido de las caracolas&#8217;","description":"<p>Un concierto ac\u00fastico. Un acto de sororidad, hermandad y entrega. Un reconocimiento de la energ\u00eda femenina como parte del todo integrado.<\/p>\n<p>El universo creativo de \u00abCaracoles\u00bb se presenta interpretado desde la perspectiva femenina de las integrantes de este proyecto tinerfe\u00f1o, cuyo mensaje habla de la diversidad, la alegr\u00eda, el arte del amor a la cotidiano, la armon\u00eda y cohesi\u00f3n social como<span class=\"gmail_default\">\u00a0<\/span>tejido vital.<\/p>\n<p>Un encuentro con el sonido de \u00abLas Caracolas\u00bb.<\/p>\n<p>Esta propuesta musical va dirigida a todas aquellas actividades que giren en torno a la tem\u00e1tica de \u201cla mujer\u201d. Es la aportaci\u00f3n art\u00edstica de Caracoles a una necesidad social actual. Esta propuesta se sostiene por todos los integrantes del proyecto musical origen,\u201cCaracoles\u201d, sensibles a la realidad que nos rodea.<\/p>\n<div><\/div>\n<div>Estudiantes: 8\u20ac<\/div>","excerpt":"","slug":"concierto-el-sonido-de-las-caracolas","image":{"url":"https:\/\/www.ull.es\/portal\/agenda\/wp-content\/uploads\/sites\/12\/2020\/02\/el-sonido-de-las-caracolas-eventos.jpg","id":15580,"extension":"jpg","width":700,"height":350,"sizes":{"medium":{"width":300,"height":150,"mime-type":"image\/jpeg","url":"https:\/\/www.ull.es\/portal\/agenda\/wp-content\/uploads\/sites\/12\/2020\/02\/el-sonido-de-las-caracolas-eventos-300x150.jpg"},"thumbnail":{"width":150,"height":150,"mime-type":"image\/jpeg","url":"https:\/\/www.ull.es\/portal\/agenda\/wp-content\/uploads\/sites\/12\/2020\/02\/el-sonido-de-las-caracolas-eventos-150x150.jpg"},"mug-shot":{"width":150,"height":250,"mime-type":"image\/jpeg","url":"https:\/\/www.ull.es\/portal\/agenda\/wp-content\/uploads\/sites\/12\/2020\/02\/el-sonido-de-las-caracolas-eventos-150x250.jpg"},"sidebar":{"width":375,"height":188,"mime-type":"image\/jpeg","url":"https:\/\/www.ull.es\/portal\/agenda\/wp-content\/uploads\/sites\/12\/2020\/02\/el-sonido-de-las-caracolas-eventos-375x188.jpg"},"half":{"width":375,"height":188,"mime-type":"image\/jpeg","url":"https:\/\/www.ull.es\/portal\/agenda\/wp-content\/uploads\/sites\/12\/2020\/02\/el-sonido-de-las-caracolas-eventos-375x188.jpg"},"thimble":{"width":50,"height":50,"mime-type":"image\/jpeg","url":"https:\/\/www.ull.es\/portal\/agenda\/wp-content\/uploads\/sites\/12\/2020\/02\/el-sonido-de-las-caracolas-eventos-50x50.jpg"},"thumbnail-large":{"width":300,"height":300,"mime-type":"image\/jpeg","url":"https:\/\/www.ull.es\/portal\/agenda\/wp-content\/uploads\/sites\/12\/2020\/02\/el-sonido-de-las-caracolas-eventos-300x300.jpg"},"rss":{"width":108,"height":81,"mime-type":"image\/jpeg","url":"https:\/\/www.ull.es\/portal\/agenda\/wp-content\/uploads\/sites\/12\/2020\/02\/el-sonido-de-las-caracolas-eventos-108x81.jpg"}}},"all_day":false,"start_date":"2020-03-08 19:30:00","start_date_details":{"year":"2020","month":"03","day":"08","hour":"19","minutes":"30","seconds":"00"},"end_date":"2020-03-08 21:30:00","end_date_details":{"year":"2020","month":"03","day":"08","hour":"21","minutes":"30","seconds":"00"},"utc_start_date":"2020-03-08 19:30:00","utc_start_date_details":{"year":"2020","month":"03","day":"08","hour":"19","minutes":"30","seconds":"00"},"utc_end_date":"2020-03-08 21:30:00","utc_end_date_details":{"year":"2020","month":"03","day":"08","hour":"21","minutes":"30","seconds":"00"},"timezone":"UTC+0","timezone_abbr":"UTC+0","cost":"10\u20ac","cost_details":{"currency_symbol":"\u20ac","currency_position":"suffix","values":["10"]},"website":"","show_map":false,"show_map_link":false,"hide_from_listings":false,"sticky":false,"featured":false,"categories":[{"name":"Destacado ULL","slug":"destacado-ull","term_group":0,"term_taxonomy_id":4,"taxonomy":"tribe_events_cat","description":"","parent":0,"count":4578,"filter":"raw","id":4,"urls":{"self":"https:\/\/www.ull.es\/portal\/agenda\/wp-json\/tribe\/events\/v1\/categories\/4","collection":"https:\/\/www.ull.es\/portal\/agenda\/wp-json\/tribe\/events\/v1\/categories"}},{"name":"Paraninfo","slug":"paraninfo","term_group":0,"term_taxonomy_id":343,"taxonomy":"tribe_events_cat","description":"","parent":0,"count":580,"filter":"raw","id":343,"urls":{"self":"https:\/\/www.ull.es\/portal\/agenda\/wp-json\/tribe\/events\/v1\/categories\/343","collection":"https:\/\/www.ull.es\/portal\/agenda\/wp-json\/tribe\/events\/v1\/categories"}},{"name":"Portada ULL","slug":"portada-ull","term_group":0,"term_taxonomy_id":191,"taxonomy":"tribe_events_cat","description":"","parent":0,"count":2106,"filter":"raw","id":191,"urls":{"self":"https:\/\/www.ull.es\/portal\/agenda\/wp-json\/tribe\/events\/v1\/categories\/191","collection":"https:\/\/www.ull.es\/portal\/agenda\/wp-json\/tribe\/events\/v1\/categories"}}],"tags":[],"venue":{"id":4360,"author":"21","status":"publish","date":"2017-12-01 08:50:55","date_utc":"2017-12-01 08:50:55","modified":"2026-01-29 08:50:08","modified_utc":"2026-01-29 08:50:08","url":"https:\/\/www.ull.es\/portal\/agenda\/local\/paraninfo-de-la-universidad-de-la-laguna\/","venue":"Paraninfo","slug":"paraninfo-de-la-universidad-de-la-laguna","address":"C\/ Pedro Zerolo, s\/n","city":"San Crist\u00f3bal de La Laguna","country":"Espa\u00f1a","province":"Santa Cruz de Tenerife","zip":"38200","phone":"922 31 96 08","website":"https:\/\/www.ull.es\/cultura\/paraninfo\/","stateprovince":"Santa Cruz de Tenerife","geo_lat":28.48162930000000159225237439386546611785888671875,"geo_lng":-16.317014000000000351064954884350299835205078125,"json_ld":{"@type":"Place","name":"Paraninfo","description":"","url":"https:\/\/www.ull.es\/portal\/agenda\/local\/paraninfo-de-la-universidad-de-la-laguna\/","address":{"@type":"PostalAddress","streetAddress":"C\/ Pedro Zerolo, s\/n","addressLocality":"San Crist\u00f3bal de La Laguna","addressRegion":"Santa Cruz de Tenerife","postalCode":"38200","addressCountry":"Espa\u00f1a"},"geo":{"@type":"GeoCoordinates","latitude":28.48162930000000159225237439386546611785888671875,"longitude":-16.317014000000000351064954884350299835205078125},"telephone":"922 31 96 08","sameAs":"https:\/\/www.ull.es\/cultura\/paraninfo\/"},"show_map":false,"show_map_link":true,"global_id":"www.ull.es\/portal\/agenda?id=4360","global_id_lineage":["www.ull.es\/portal\/agenda?id=4360"]},"organizer":[{"id":1908,"author":"30","status":"publish","date":"2017-06-30 09:51:59","date_utc":"2017-06-30 09:51:59","modified":"2017-06-30 09:51:59","modified_utc":"2017-06-30 09:51:59","url":"https:\/\/www.ull.es\/portal\/agenda\/organizador\/paraninfo-universidad-de-la-laguna\/","organizer":"Paraninfo Universidad de La Laguna","slug":"paraninfo-universidad-de-la-laguna","json_ld":{"@type":"Person","name":"Paraninfo Universidad de La Laguna","description":"","url":"https:\/\/www.ull.es\/portal\/agenda\/organizador\/paraninfo-universidad-de-la-laguna\/","telephone":"","email":"","sameAs":""},"global_id":"www.ull.es\/portal\/agenda?id=1908","global_id_lineage":["www.ull.es\/portal\/agenda?id=1908"]}],"json_ld":{"@context":"http:\/\/schema.org","@type":"Event","name":"Concierto: &#8216;El sonido de las caracolas&#8217;","description":"&lt;p&gt;Un concierto ac\u00fastico. Un acto de sororidad, hermandad y entrega. Un reconocimiento de la energ\u00eda femenina como parte del todo integrado. El universo creativo de \u00abCaracoles\u00bb se presenta interpretado desde la perspectiva femenina de las integrantes de este proyecto tinerfe\u00f1o, cuyo mensaje habla de la diversidad, la alegr\u00eda, el arte del amor a la cotidiano,...&lt;\/p&gt;\\n","image":"https:\/\/www.ull.es\/portal\/agenda\/wp-content\/uploads\/sites\/12\/2020\/02\/el-sonido-de-las-caracolas-eventos.jpg","url":"https:\/\/www.ull.es\/portal\/agenda\/evento\/concierto-el-sonido-de-las-caracolas\/","startDate":"2020-03-08T19:30:00+00:00","endDate":"2020-03-08T21:30:00+00:00","location":{"@type":"Place","name":"Paraninfo","description":"","url":"https:\/\/www.ull.es\/portal\/agenda\/local\/paraninfo-de-la-universidad-de-la-laguna\/","address":{"@type":"PostalAddress","streetAddress":"C\/ Pedro Zerolo, s\/n","addressLocality":"San Crist\u00f3bal de La Laguna","addressRegion":"Santa Cruz de Tenerife","postalCode":"38200","addressCountry":"Espa\u00f1a"},"geo":{"@type":"GeoCoordinates","latitude":28.48162930000000159225237439386546611785888671875,"longitude":-16.317014000000000351064954884350299835205078125},"telephone":"922 31 96 08","sameAs":"https:\/\/www.ull.es\/cultura\/paraninfo\/"},"organizer":{"@type":"Person","name":"Paraninfo Universidad de La Laguna","description":"","url":"https:\/\/www.ull.es\/portal\/agenda\/organizador\/paraninfo-universidad-de-la-laguna\/","telephone":"","email":"","sameAs":""},"offers":{"@type":"Offer","price":"10","url":"https:\/\/www.ull.es\/portal\/agenda\/evento\/concierto-el-sonido-de-las-caracolas\/"}}}