{"id":18104,"global_id":"www.ull.es\/portal\/agenda?id=18104","global_id_lineage":["www.ull.es\/portal\/agenda?id=18104"],"author":"67","status":"publish","date":"2021-01-08 10:54:53","date_utc":"2021-01-08 10:54:53","modified":"2021-01-18 12:38:36","modified_utc":"2021-01-18 12:38:36","url":"https:\/\/www.ull.es\/portal\/agenda\/evento\/jornada-virtual-de-puertas-abiertas-2021\/","rest_url":"https:\/\/www.ull.es\/portal\/agenda\/wp-json\/tribe\/events\/v1\/events\/18104","title":"Jornada virtual de Puertas Abiertas 2021","description":"<p>La Jornada virtual de Puertas Abiertas de la Universidad de La Laguna es una responsabilidad y una oportunidad tanto para la universidad como para el futuro alumnado de nuestra instituci\u00f3n, pues en ella le damos a conocer nuestra oferta acad\u00e9mica y los servicios de apoyo esenciales con los que cuenta para la toma de decisiones de cara a iniciar estudios con nosotros en 2021\/22. Adem\u00e1s de estar dirigida esta jornada, de 9 a 14 horas, al alumnado de 2\u00ba de bachillerato o de Ciclo Formativo de Grado Superior, invitamos a todas aquellas personas que optan por otras v\u00edas de acceso y est\u00e9n pensando acceder el pr\u00f3ximo curso a la Universidad de La Laguna (mayores de 25 y 45 a\u00f1os, mayores de 40 a\u00f1os con experiencia profesional acreditada, titulados universitarios, etc.). Y en horario de tarde (de 19:00 a 20:00h) del mismo d\u00eda 21 de enero, ser\u00e1n las familias de estos estudiantes las invitadas a la jornada en una sesi\u00f3n especial donde se les informar\u00e1 con detalle de las cuestiones importantes y que preocupan e interesan a las familias (acceso, matr\u00edcula, importes, becas, ayudas, alojamiento, ser estudiante en la universidad, etc.).<\/p>\n<p><a href=\"https:\/\/drive.google.com\/file\/d\/15H5_fIScEhobdRCIAitdbQUclvVK-QI0\/view?usp=sharing\" target=\"_blank\" rel=\"noopener noreferrer\" target=\"_blank\" rel=\"noopener\">Programa<\/a><\/p>\n<div><a href=\"https:\/\/hopin.com\/events\/puertas-abiertas-ull-2021\" target=\"_blank\" rel=\"noopener noreferrer\" target=\"_blank\" rel=\"noopener\">Inscripci\u00f3n a la jornada<\/a><\/div>\n<div><\/div>\n<div><a href=\"https:\/\/drive.google.com\/file\/d\/1N9PKuRMhm020v4rCK3i_rF-sB8bwmN2l\/view?usp=sharing\" target=\"_blank\" rel=\"noopener noreferrer\" target=\"_blank\" rel=\"noopener\">Instrucciones para realizar la inscripci\u00f3n<\/a><\/div>\n<div><\/div>\n<div>Para poder seguir este evento, una vez realizada la inscripci\u00f3n, pulse este <a href=\"https:\/\/hopin.com\/sign_in\" target=\"_blank\" rel=\"noopener noreferrer\" target=\"_blank\" rel=\"noopener\">enlace.<\/a><\/div>\n<div><\/div>\n<div>\n<div><\/div>\n<\/div>","excerpt":"","slug":"jornada-virtual-de-puertas-abiertas-2021","image":{"url":"https:\/\/www.ull.es\/portal\/agenda\/wp-content\/uploads\/sites\/12\/2021\/01\/Banner-700x350-1.jpg","id":18165,"extension":"jpg","width":751,"height":351,"sizes":{"medium":{"width":300,"height":140,"mime-type":"image\/jpeg","url":"https:\/\/www.ull.es\/portal\/agenda\/wp-content\/uploads\/sites\/12\/2021\/01\/Banner-700x350-1-300x140.jpg"},"thumbnail":{"width":150,"height":150,"mime-type":"image\/jpeg","url":"https:\/\/www.ull.es\/portal\/agenda\/wp-content\/uploads\/sites\/12\/2021\/01\/Banner-700x350-1-150x150.jpg"},"mug-shot":{"width":150,"height":250,"mime-type":"image\/jpeg","url":"https:\/\/www.ull.es\/portal\/agenda\/wp-content\/uploads\/sites\/12\/2021\/01\/Banner-700x350-1-150x250.jpg"},"sidebar":{"width":375,"height":175,"mime-type":"image\/jpeg","url":"https:\/\/www.ull.es\/portal\/agenda\/wp-content\/uploads\/sites\/12\/2021\/01\/Banner-700x350-1-375x175.jpg"},"half":{"width":375,"height":175,"mime-type":"image\/jpeg","url":"https:\/\/www.ull.es\/portal\/agenda\/wp-content\/uploads\/sites\/12\/2021\/01\/Banner-700x350-1-375x175.jpg"},"thimble":{"width":50,"height":50,"mime-type":"image\/jpeg","url":"https:\/\/www.ull.es\/portal\/agenda\/wp-content\/uploads\/sites\/12\/2021\/01\/Banner-700x350-1-50x50.jpg"},"thumbnail-large":{"width":300,"height":300,"mime-type":"image\/jpeg","url":"https:\/\/www.ull.es\/portal\/agenda\/wp-content\/uploads\/sites\/12\/2021\/01\/Banner-700x350-1-300x300.jpg"},"rss":{"width":108,"height":81,"mime-type":"image\/jpeg","url":"https:\/\/www.ull.es\/portal\/agenda\/wp-content\/uploads\/sites\/12\/2021\/01\/Banner-700x350-1-108x81.jpg"}}},"all_day":false,"start_date":"2021-01-21 09:00:00","start_date_details":{"year":"2021","month":"01","day":"21","hour":"09","minutes":"00","seconds":"00"},"end_date":"2021-01-21 20:00:00","end_date_details":{"year":"2021","month":"01","day":"21","hour":"20","minutes":"00","seconds":"00"},"utc_start_date":"2021-01-21 09:00:00","utc_start_date_details":{"year":"2021","month":"01","day":"21","hour":"09","minutes":"00","seconds":"00"},"utc_end_date":"2021-01-21 20:00:00","utc_end_date_details":{"year":"2021","month":"01","day":"21","hour":"20","minutes":"00","seconds":"00"},"timezone":"UTC+0","timezone_abbr":"UTC+0","cost":"","cost_details":{"currency_symbol":"","currency_position":"prefix","values":[]},"website":"","show_map":false,"show_map_link":false,"hide_from_listings":false,"sticky":false,"featured":false,"categories":[{"name":"Jornadas","slug":"jornadas","term_group":0,"term_taxonomy_id":3,"taxonomy":"tribe_events_cat","description":"","parent":0,"count":62,"filter":"raw","id":3,"urls":{"self":"https:\/\/www.ull.es\/portal\/agenda\/wp-json\/tribe\/events\/v1\/categories\/3","collection":"https:\/\/www.ull.es\/portal\/agenda\/wp-json\/tribe\/events\/v1\/categories"}},{"name":"Perfil Estudiante","slug":"perfil-estudiante","term_group":0,"term_taxonomy_id":186,"taxonomy":"tribe_events_cat","description":"","parent":185,"count":2760,"filter":"raw","id":186,"urls":{"self":"https:\/\/www.ull.es\/portal\/agenda\/wp-json\/tribe\/events\/v1\/categories\/186","collection":"https:\/\/www.ull.es\/portal\/agenda\/wp-json\/tribe\/events\/v1\/categories","up":"https:\/\/www.ull.es\/portal\/agenda\/wp-json\/tribe\/events\/v1\/categories\/185"}},{"name":"Puertas abiertas","slug":"puertas-abiertas","term_group":0,"term_taxonomy_id":6,"taxonomy":"tribe_events_cat","description":"","parent":3,"count":7,"filter":"raw","id":6,"urls":{"self":"https:\/\/www.ull.es\/portal\/agenda\/wp-json\/tribe\/events\/v1\/categories\/6","collection":"https:\/\/www.ull.es\/portal\/agenda\/wp-json\/tribe\/events\/v1\/categories","up":"https:\/\/www.ull.es\/portal\/agenda\/wp-json\/tribe\/events\/v1\/categories\/3"}}],"tags":[],"venue":{"id":7279,"author":"43","status":"publish","date":"2018-05-09 13:28:48","date_utc":"2018-05-09 13:28:48","modified":"2020-04-22 10:23:25","modified_utc":"2020-04-22 10:23:25","url":"https:\/\/www.ull.es\/portal\/agenda\/local\/online-por-video-conferencia\/","venue":"Online","slug":"online-por-video-conferencia","json_ld":{"@type":"Place","name":"Online","description":"","url":"https:\/\/www.ull.es\/portal\/agenda\/local\/online-por-video-conferencia\/","address":{"@type":"PostalAddress"},"telephone":"","sameAs":""},"show_map":false,"show_map_link":true,"global_id":"www.ull.es\/portal\/agenda?id=7279","global_id_lineage":["www.ull.es\/portal\/agenda?id=7279"]},"organizer":[{"id":174,"author":"1","status":"publish","date":"2017-01-19 11:58:52","date_utc":"2017-01-19 11:58:52","modified":"2024-01-30 08:31:21","modified_utc":"2024-01-30 08:31:21","url":"https:\/\/www.ull.es\/portal\/agenda\/organizador\/vicerrectorado-de-estudiantes\/","organizer":"Vicerrectorado de Estudiantes","slug":"vicerrectorado-de-estudiantes","phone":"(+34) 922 31 96 00","website":"https:\/\/www.ull.es\/la-universidad\/equipo-gobierno\/vicerrectorado-de-estudiantes\/","email":"vicerrectorado.estudiantes@ull.es","json_ld":{"@type":"Person","name":"Vicerrectorado de Estudiantes","description":"","url":"https:\/\/www.ull.es\/portal\/agenda\/organizador\/vicerrectorado-de-estudiantes\/","telephone":"(+34) 922 31 96 00","email":"&#118;&#105;cerr&#101;c&#116;o&#114;&#97;d&#111;.est&#117;dia&#110;&#116;&#101;s&#64;&#117;l&#108;.e&#115;","sameAs":"https:\/\/www.ull.es\/la-universidad\/equipo-gobierno\/vicerrectorado-de-estudiantes\/"},"global_id":"www.ull.es\/portal\/agenda?id=174","global_id_lineage":["www.ull.es\/portal\/agenda?id=174"]}],"json_ld":{"@context":"http:\/\/schema.org","@type":"Event","name":"Jornada virtual de Puertas Abiertas 2021","description":"&lt;p&gt;La Jornada virtual de Puertas Abiertas de la Universidad de La Laguna es una responsabilidad y una oportunidad tanto para la universidad como para el futuro alumnado de nuestra instituci\u00f3n, pues en ella le damos a conocer nuestra oferta acad\u00e9mica y los servicios de apoyo esenciales con los que cuenta para la toma de decisiones...&lt;\/p&gt;\\n","image":"https:\/\/www.ull.es\/portal\/agenda\/wp-content\/uploads\/sites\/12\/2021\/01\/Banner-700x350-1.jpg","url":"https:\/\/www.ull.es\/portal\/agenda\/evento\/jornada-virtual-de-puertas-abiertas-2021\/","startDate":"2021-01-21T09:00:00+00:00","endDate":"2021-01-21T20:00:00+00:00","location":{"@type":"Place","name":"Online","description":"","url":"https:\/\/www.ull.es\/portal\/agenda\/local\/online-por-video-conferencia\/","address":{"@type":"PostalAddress"},"telephone":"","sameAs":""},"organizer":{"@type":"Person","name":"Vicerrectorado de Estudiantes","description":"","url":"https:\/\/www.ull.es\/portal\/agenda\/organizador\/vicerrectorado-de-estudiantes\/","telephone":"(+34) 922 31 96 00","email":"&#118;i&#99;e&#114;&#114;&#101;c&#116;or&#97;&#100;o&#46;&#101;stu&#100;&#105;a&#110;t&#101;&#115;&#64;&#117;ll.&#101;&#115;","sameAs":"https:\/\/www.ull.es\/la-universidad\/equipo-gobierno\/vicerrectorado-de-estudiantes\/"}}}