{"id":19906,"global_id":"www.ull.es\/portal\/agenda?id=19906","global_id_lineage":["www.ull.es\/portal\/agenda?id=19906"],"author":"65","status":"publish","date":"2021-06-15 09:24:33","date_utc":"2021-06-15 09:24:33","modified":"2021-06-17 07:40:30","modified_utc":"2021-06-17 07:40:30","url":"https:\/\/www.ull.es\/portal\/agenda\/evento\/seminario-titulado-el-interfaz-de-la-economia-y-la-salud-en-razon-de-la-crisis-covid-19\/","rest_url":"https:\/\/www.ull.es\/portal\/agenda\/wp-json\/tribe\/events\/v1\/events\/19906","title":"Seminario: \u00abEl interfaz de la econom\u00eda y la salud en raz\u00f3n de la crisis Covid-19\u00bb","description":"<div>\n<p>El profesor <a href=\"https:\/\/www.upf.edu\/es\/web\/cres\/entry\/-\/-\/16486\/adscripcion\/guillem-lopez\" target=\"_blank\" rel=\"noopener\" target=\"_blank\" rel=\"noopener\">Guillem L\u00f3pez-Casasnovas<\/a>, catedr\u00e1tico de econom\u00eda de la Universidad Pompeu Fabra de Barcelona, fundador y director del Centro de Investigaci\u00f3n en Econom\u00eda de la Salud de la misma Universidad y ex-consejero del Banco de Espa\u00f1a, impartir\u00e1 el pr\u00f3ximo viernes 18 a las 12:00 en el Aula F0.1. de la Facultad de Econom\u00eda, Empresa y Turismo de la Universidad de La Laguna, el Seminario titulado <em>\u00abEl interfaz de la econom\u00eda y la salud en raz\u00f3n de la crisis Covid-19\u00bb<\/em>. Entre otros asuntos, tratar\u00e1 sobre los efectos de la pandemia, una aproximaci\u00f3n a los da\u00f1os colaterales -impl\u00edcitos y expl\u00edcitos- tanto desde el punto de vista cl\u00ednico como para el bienestar intergeneracional. Los aprendizajes que de esta pandemia se derivan para la gesti\u00f3n p\u00fablica y sanitaria. Los caminos de la transformaci\u00f3n econ\u00f3mica exigidos para con las nuevas generaciones. Y las ayudas europeas relacionadas con la pandemia.<\/p>\n<p>El profesor L\u00f3pez Casasnovas est\u00e1 en Tenerife en una estancia corta de investigaci\u00f3n organizada y financiada por la Universidad de La Laguna.<\/p>\n<p>El seminario tendr\u00e1 un aforo m\u00e1ximo de 40 personas (que se ocupar\u00e1 por orden de llegada) y el Aula contar\u00e1 con ventilaci\u00f3n, distancia de seguridad, limpieza e higienizaci\u00f3n de los espacios y dem\u00e1s medidas de seguridad establecidas en el Centro<\/p>\n<\/div>\n<div><\/div>","excerpt":"","slug":"seminario-titulado-el-interfaz-de-la-economia-y-la-salud-en-razon-de-la-crisis-covid-19","image":{"url":"https:\/\/www.ull.es\/portal\/agenda\/wp-content\/uploads\/sites\/12\/2021\/06\/Seminario-El-interfaz-de-la-economia-y-la-salud-en-razon-de-la-crisis-Covid-19_banner.jpg","id":19938,"extension":"jpg","width":700,"height":350,"sizes":{"medium":{"width":300,"height":150,"mime-type":"image\/jpeg","url":"https:\/\/www.ull.es\/portal\/agenda\/wp-content\/uploads\/sites\/12\/2021\/06\/Seminario-El-interfaz-de-la-economia-y-la-salud-en-razon-de-la-crisis-Covid-19_banner-300x150.jpg"},"thumbnail":{"width":150,"height":150,"mime-type":"image\/jpeg","url":"https:\/\/www.ull.es\/portal\/agenda\/wp-content\/uploads\/sites\/12\/2021\/06\/Seminario-El-interfaz-de-la-economia-y-la-salud-en-razon-de-la-crisis-Covid-19_banner-150x150.jpg"},"mug-shot":{"width":150,"height":250,"mime-type":"image\/jpeg","url":"https:\/\/www.ull.es\/portal\/agenda\/wp-content\/uploads\/sites\/12\/2021\/06\/Seminario-El-interfaz-de-la-economia-y-la-salud-en-razon-de-la-crisis-Covid-19_banner-150x250.jpg"},"sidebar":{"width":375,"height":188,"mime-type":"image\/jpeg","url":"https:\/\/www.ull.es\/portal\/agenda\/wp-content\/uploads\/sites\/12\/2021\/06\/Seminario-El-interfaz-de-la-economia-y-la-salud-en-razon-de-la-crisis-Covid-19_banner-375x188.jpg"},"half":{"width":375,"height":188,"mime-type":"image\/jpeg","url":"https:\/\/www.ull.es\/portal\/agenda\/wp-content\/uploads\/sites\/12\/2021\/06\/Seminario-El-interfaz-de-la-economia-y-la-salud-en-razon-de-la-crisis-Covid-19_banner-375x188.jpg"},"thimble":{"width":50,"height":50,"mime-type":"image\/jpeg","url":"https:\/\/www.ull.es\/portal\/agenda\/wp-content\/uploads\/sites\/12\/2021\/06\/Seminario-El-interfaz-de-la-economia-y-la-salud-en-razon-de-la-crisis-Covid-19_banner-50x50.jpg"},"thumbnail-large":{"width":300,"height":300,"mime-type":"image\/jpeg","url":"https:\/\/www.ull.es\/portal\/agenda\/wp-content\/uploads\/sites\/12\/2021\/06\/Seminario-El-interfaz-de-la-economia-y-la-salud-en-razon-de-la-crisis-Covid-19_banner-300x300.jpg"},"rss":{"width":108,"height":81,"mime-type":"image\/jpeg","url":"https:\/\/www.ull.es\/portal\/agenda\/wp-content\/uploads\/sites\/12\/2021\/06\/Seminario-El-interfaz-de-la-economia-y-la-salud-en-razon-de-la-crisis-Covid-19_banner-108x81.jpg"}}},"all_day":false,"start_date":"2021-06-18 12:00:00","start_date_details":{"year":"2021","month":"06","day":"18","hour":"12","minutes":"00","seconds":"00"},"end_date":"2021-06-18 13:30:00","end_date_details":{"year":"2021","month":"06","day":"18","hour":"13","minutes":"30","seconds":"00"},"utc_start_date":"2021-06-18 12:00:00","utc_start_date_details":{"year":"2021","month":"06","day":"18","hour":"12","minutes":"00","seconds":"00"},"utc_end_date":"2021-06-18 13:30:00","utc_end_date_details":{"year":"2021","month":"06","day":"18","hour":"13","minutes":"30","seconds":"00"},"timezone":"UTC+0","timezone_abbr":"UTC+0","cost":"","cost_details":{"currency_symbol":"","currency_position":"prefix","values":[]},"website":"","show_map":false,"show_map_link":false,"hide_from_listings":false,"sticky":false,"featured":false,"categories":[{"name":"Destacado ULL","slug":"destacado-ull","term_group":0,"term_taxonomy_id":4,"taxonomy":"tribe_events_cat","description":"","parent":0,"count":4576,"filter":"raw","id":4,"urls":{"self":"https:\/\/www.ull.es\/portal\/agenda\/wp-json\/tribe\/events\/v1\/categories\/4","collection":"https:\/\/www.ull.es\/portal\/agenda\/wp-json\/tribe\/events\/v1\/categories"}},{"name":"Econom\u00eda Aplicada y M\u00e9todos Cuantitativos","slug":"economia-aplicada-y-metodos-cuantitativos","term_group":0,"term_taxonomy_id":400,"taxonomy":"tribe_events_cat","description":"","parent":346,"count":11,"filter":"raw","id":400,"urls":{"self":"https:\/\/www.ull.es\/portal\/agenda\/wp-json\/tribe\/events\/v1\/categories\/400","collection":"https:\/\/www.ull.es\/portal\/agenda\/wp-json\/tribe\/events\/v1\/categories","up":"https:\/\/www.ull.es\/portal\/agenda\/wp-json\/tribe\/events\/v1\/categories\/346"}},{"name":"Facultad de Econom\u00eda, Empresa y Turismo","slug":"facultad-de-economia-empresa-y-turismo","term_group":0,"term_taxonomy_id":937,"taxonomy":"tribe_events_cat","description":"","parent":788,"count":242,"filter":"raw","id":937,"urls":{"self":"https:\/\/www.ull.es\/portal\/agenda\/wp-json\/tribe\/events\/v1\/categories\/937","collection":"https:\/\/www.ull.es\/portal\/agenda\/wp-json\/tribe\/events\/v1\/categories","up":"https:\/\/www.ull.es\/portal\/agenda\/wp-json\/tribe\/events\/v1\/categories\/788"}},{"name":"Portada ULL","slug":"portada-ull","term_group":0,"term_taxonomy_id":191,"taxonomy":"tribe_events_cat","description":"","parent":0,"count":2105,"filter":"raw","id":191,"urls":{"self":"https:\/\/www.ull.es\/portal\/agenda\/wp-json\/tribe\/events\/v1\/categories\/191","collection":"https:\/\/www.ull.es\/portal\/agenda\/wp-json\/tribe\/events\/v1\/categories"}}],"tags":[],"venue":{"id":352,"author":"21","status":"publish","date":"2017-02-16 10:51:14","date_utc":"2017-02-16 10:51:14","modified":"2018-04-30 13:20:57","modified_utc":"2018-04-30 13:20:57","url":"https:\/\/www.ull.es\/portal\/agenda\/local\/facultad-de-economia-empresa-y-turismo\/","venue":"Facultad de Econom\u00eda, Empresa y Turismo de la ULL","slug":"facultad-de-economia-empresa-y-turismo","address":"Campus de Guajara, Universidad de La Laguna","city":"La Laguna","province":"Santa Cruz de Tenerife","zip":"38200","stateprovince":"Santa Cruz de Tenerife","geo_lat":28.469754699999999303372533177025616168975830078125,"geo_lng":-16.304417799999999516558091272599995136260986328125,"json_ld":{"@type":"Place","name":"Facultad de Econom\u00eda, Empresa y Turismo de la ULL","description":"","url":"https:\/\/www.ull.es\/portal\/agenda\/local\/facultad-de-economia-empresa-y-turismo\/","address":{"@type":"PostalAddress","streetAddress":"Campus de Guajara, Universidad de La Laguna","addressLocality":"La Laguna","addressRegion":"Santa Cruz de Tenerife","postalCode":"38200"},"geo":{"@type":"GeoCoordinates","latitude":28.469754699999999303372533177025616168975830078125,"longitude":-16.304417799999999516558091272599995136260986328125},"telephone":"","sameAs":""},"show_map":true,"show_map_link":true,"global_id":"www.ull.es\/portal\/agenda?id=352","global_id_lineage":["www.ull.es\/portal\/agenda?id=352"]},"organizer":[{"id":4163,"author":"21","status":"publish","date":"2017-11-17 11:20:03","date_utc":"2017-11-17 11:20:03","modified":"2017-11-17 11:20:03","modified_utc":"2017-11-17 11:20:03","url":"https:\/\/www.ull.es\/portal\/agenda\/organizador\/departamento-de-economia-aplicada-y-metodos-cuantitativos\/","organizer":"Departamento de Econom\u00eda Aplicada y M\u00e9todos Cuantitativos.","slug":"departamento-de-economia-aplicada-y-metodos-cuantitativos","json_ld":{"@type":"Person","name":"Departamento de Econom\u00eda Aplicada y M\u00e9todos Cuantitativos.","description":"","url":"https:\/\/www.ull.es\/portal\/agenda\/organizador\/departamento-de-economia-aplicada-y-metodos-cuantitativos\/","telephone":"","email":"","sameAs":""},"global_id":"www.ull.es\/portal\/agenda?id=4163","global_id_lineage":["www.ull.es\/portal\/agenda?id=4163"]}],"json_ld":{"@context":"http:\/\/schema.org","@type":"Event","name":"Seminario: \u00abEl interfaz de la econom\u00eda y la salud en raz\u00f3n de la crisis Covid-19\u00bb","description":"&lt;p&gt;El profesor Guillem L\u00f3pez-Casasnovas, catedr\u00e1tico de econom\u00eda de la Universidad Pompeu Fabra de Barcelona, fundador y director del Centro de Investigaci\u00f3n en Econom\u00eda de la Salud de la misma Universidad y ex-consejero del Banco de Espa\u00f1a, impartir\u00e1 el pr\u00f3ximo viernes 18 a las 12:00 en el Aula F0.1. de la Facultad de Econom\u00eda, Empresa y...&lt;\/p&gt;\\n","image":"https:\/\/www.ull.es\/portal\/agenda\/wp-content\/uploads\/sites\/12\/2021\/06\/Seminario-El-interfaz-de-la-economia-y-la-salud-en-razon-de-la-crisis-Covid-19_banner.jpg","url":"https:\/\/www.ull.es\/portal\/agenda\/evento\/seminario-titulado-el-interfaz-de-la-economia-y-la-salud-en-razon-de-la-crisis-covid-19\/","startDate":"2021-06-18T12:00:00+00:00","endDate":"2021-06-18T13:30:00+00:00","location":{"@type":"Place","name":"Facultad de Econom\u00eda, Empresa y Turismo de la ULL","description":"","url":"https:\/\/www.ull.es\/portal\/agenda\/local\/facultad-de-economia-empresa-y-turismo\/","address":{"@type":"PostalAddress","streetAddress":"Campus de Guajara, Universidad de La Laguna","addressLocality":"La Laguna","addressRegion":"Santa Cruz de Tenerife","postalCode":"38200"},"geo":{"@type":"GeoCoordinates","latitude":28.469754699999999303372533177025616168975830078125,"longitude":-16.304417799999999516558091272599995136260986328125},"telephone":"","sameAs":""},"organizer":{"@type":"Person","name":"Departamento de Econom\u00eda Aplicada y M\u00e9todos Cuantitativos.","description":"","url":"https:\/\/www.ull.es\/portal\/agenda\/organizador\/departamento-de-economia-aplicada-y-metodos-cuantitativos\/","telephone":"","email":"","sameAs":""}}}