{"id":21313,"global_id":"www.ull.es\/portal\/agenda?id=21313","global_id_lineage":["www.ull.es\/portal\/agenda?id=21313"],"author":"43","status":"publish","date":"2021-10-15 10:51:25","date_utc":"2021-10-15 10:51:25","modified":"2021-10-28 12:50:19","modified_utc":"2021-10-28 12:50:19","url":"https:\/\/www.ull.es\/portal\/agenda\/evento\/empleo-publico-internacional-retos-y-oportunidades-de-futuro\/","rest_url":"https:\/\/www.ull.es\/portal\/agenda\/wp-json\/tribe\/events\/v1\/events\/21313","title":"Empleo p\u00fablico internacional: retos y oportunidades de futuro","description":"<p>Actividad de Extensi\u00f3n Universitaria organizada por el Ministerio de Asuntos Exteriores, Uni\u00f3n Europea y Cooperaci\u00f3n, en colaboraci\u00f3n el Ministerio de Hacienda y Funci\u00f3n P\u00fablica y la Universidad de La Laguna.<\/p>\n<p>Si dominas uno o varios idiomas extranjeros, tienes alta capacidad de adaptaci\u00f3n, trabajas bien en equipo, te gusta comunicar, conocer otras realidades, viajar y querr\u00edas que tu trabajo sirviera para mejorar la vida de los dem\u00e1s, no dejes de considerar el empleo p\u00fablico con vocaci\u00f3n internacional, ya sea en una organizaci\u00f3n internacional, en la Uni\u00f3n Europea o a trav\u00e9s de la Carrera Diplom\u00e1tica espa\u00f1ola, como una salida profesional para ti. En la sesi\u00f3n #HorizontExterior te contaremos en qu\u00e9 consisten estos trabajos y c\u00f3mo se puede acceder a ellos.<\/p>\n<p>Dirigido a estudiantes de grado, m\u00e1ster y doctorado de la ULL, que est\u00e9n plante\u00e1ndose una salida profesional dentro de la Funci\u00f3n P\u00fablica.<\/p>\n<p>Ponentes:<\/p>\n<ul>\n<li>C\u00e9sar Pla. Jefe de Servicio en la Consejer\u00eda de Funci\u00f3n P\u00fablica y en la Unidad de Apoyo para la presencia de espa\u00f1oles en las Instituciones de la UE en la Representaci\u00f3n Permanente de Espa\u00f1a ante la UE en Bruselas.<\/li>\n<li>Fernando Fern\u00e1ndez-Arias. Vocal asesor en el Gabinete T\u00e9cnico de la Subsecretar\u00eda del Ministerio de Asuntos Exteriores, Uni\u00f3n Europea y Cooperaci\u00f3n.<\/li>\n<li>Juan Gala. Director de la Unidad de Funcionarios Internacionales del Ministerio de Asuntos Exteriores, Uni\u00f3n Europea y Cooperaci\u00f3n.<\/li>\n<li>Miguel Pastor Moreno. EU Careers Ambassador &#8211; ULL.<\/li>\n<\/ul>\n<p>Dirigen: Carlos Efr\u00e9n Mora Luis y Mar\u00eda Dolores Morera Bello, Directores de Secretariado del Vicerrectorado de Estudiantes y Empleabilidad de la ULL.<\/p>\n<p>Coordina: David P\u00e9rez Jorge. Director de Secretariado del Vicerrectorado de Estudiantes y Empleabilidad de la ULL.<\/p>\n<p>CERTIFICADO DE ASISTENCIA: La ULL, a trav\u00e9s del Vicerrectorado de Cultura y Participaci\u00f3n Social, emitir\u00e1 un certificado de asistencia a todas aquellas personas que participen, previa inscripci\u00f3n en la actividad.<\/p>\n<p><a href=\"https:\/\/sede.fg.ull.es\/es\/curso\/detalle\/a21020239\/empleo-publico-internacional-retos-y-oportunidades-de-futuro\" target=\"_blank\" rel=\"noopener noreferrer\" target=\"_blank\" rel=\"noopener\"><strong><u>Consulta el programa e inscr\u00edbete aqu\u00ed.<\/u><\/strong><\/a><\/p>\n<p><span style=\"color: #ff0000\"><strong>\u00a1PLAZAS AGOTADAS!<\/strong><\/span><\/p>\n<p><strong>Contacto: 922 319 616 \/ 922 319 626 \u2013\u00a0<\/strong><a href=\"mailto:extuni@ull.edu.es\" target=\"_blank\" rel=\"noopener\"><strong>extuni@ull.es<\/strong><\/a><\/p>","excerpt":"","slug":"empleo-publico-internacional-retos-y-oportunidades-de-futuro","image":{"url":"https:\/\/www.ull.es\/portal\/agenda\/wp-content\/uploads\/sites\/12\/2021\/10\/HorizontExterior_LA-LAGUNA.png","id":21314,"extension":"png","width":699,"height":350,"sizes":{"medium":{"width":300,"height":150,"mime-type":"image\/png","url":"https:\/\/www.ull.es\/portal\/agenda\/wp-content\/uploads\/sites\/12\/2021\/10\/HorizontExterior_LA-LAGUNA-300x150.png"},"thumbnail":{"width":150,"height":150,"mime-type":"image\/png","url":"https:\/\/www.ull.es\/portal\/agenda\/wp-content\/uploads\/sites\/12\/2021\/10\/HorizontExterior_LA-LAGUNA-150x150.png"},"mug-shot":{"width":150,"height":250,"mime-type":"image\/png","url":"https:\/\/www.ull.es\/portal\/agenda\/wp-content\/uploads\/sites\/12\/2021\/10\/HorizontExterior_LA-LAGUNA-150x250.png"},"sidebar":{"width":375,"height":188,"mime-type":"image\/png","url":"https:\/\/www.ull.es\/portal\/agenda\/wp-content\/uploads\/sites\/12\/2021\/10\/HorizontExterior_LA-LAGUNA-375x188.png"},"half":{"width":375,"height":188,"mime-type":"image\/png","url":"https:\/\/www.ull.es\/portal\/agenda\/wp-content\/uploads\/sites\/12\/2021\/10\/HorizontExterior_LA-LAGUNA-375x188.png"},"thimble":{"width":50,"height":50,"mime-type":"image\/png","url":"https:\/\/www.ull.es\/portal\/agenda\/wp-content\/uploads\/sites\/12\/2021\/10\/HorizontExterior_LA-LAGUNA-50x50.png"},"thumbnail-large":{"width":300,"height":300,"mime-type":"image\/png","url":"https:\/\/www.ull.es\/portal\/agenda\/wp-content\/uploads\/sites\/12\/2021\/10\/HorizontExterior_LA-LAGUNA-300x300.png"},"rss":{"width":108,"height":81,"mime-type":"image\/png","url":"https:\/\/www.ull.es\/portal\/agenda\/wp-content\/uploads\/sites\/12\/2021\/10\/HorizontExterior_LA-LAGUNA-108x81.png"}}},"all_day":false,"start_date":"2021-10-29 11:00:00","start_date_details":{"year":"2021","month":"10","day":"29","hour":"11","minutes":"00","seconds":"00"},"end_date":"2021-10-29 12:30:00","end_date_details":{"year":"2021","month":"10","day":"29","hour":"12","minutes":"30","seconds":"00"},"utc_start_date":"2021-10-29 11:00:00","utc_start_date_details":{"year":"2021","month":"10","day":"29","hour":"11","minutes":"00","seconds":"00"},"utc_end_date":"2021-10-29 12:30:00","utc_end_date_details":{"year":"2021","month":"10","day":"29","hour":"12","minutes":"30","seconds":"00"},"timezone":"UTC+0","timezone_abbr":"UTC+0","cost":"","cost_details":{"currency_symbol":"","currency_position":"prefix","values":[]},"website":"https:\/\/www.ull.es\/cultura\/cursos-extension-universitaria\/","show_map":false,"show_map_link":false,"hide_from_listings":false,"sticky":false,"featured":false,"categories":[{"name":"Actividades de Extensi\u00f3n","slug":"actividades-de-extension","term_group":0,"term_taxonomy_id":472,"taxonomy":"tribe_events_cat","description":"","parent":468,"count":1637,"filter":"raw","id":472,"urls":{"self":"https:\/\/www.ull.es\/portal\/agenda\/wp-json\/tribe\/events\/v1\/categories\/472","collection":"https:\/\/www.ull.es\/portal\/agenda\/wp-json\/tribe\/events\/v1\/categories","up":"https:\/\/www.ull.es\/portal\/agenda\/wp-json\/tribe\/events\/v1\/categories\/468"}},{"name":"Destacado ULL","slug":"destacado-ull","term_group":0,"term_taxonomy_id":4,"taxonomy":"tribe_events_cat","description":"","parent":0,"count":4576,"filter":"raw","id":4,"urls":{"self":"https:\/\/www.ull.es\/portal\/agenda\/wp-json\/tribe\/events\/v1\/categories\/4","collection":"https:\/\/www.ull.es\/portal\/agenda\/wp-json\/tribe\/events\/v1\/categories"}},{"name":"Perfil Estudiante","slug":"perfil-estudiante","term_group":0,"term_taxonomy_id":186,"taxonomy":"tribe_events_cat","description":"","parent":185,"count":2752,"filter":"raw","id":186,"urls":{"self":"https:\/\/www.ull.es\/portal\/agenda\/wp-json\/tribe\/events\/v1\/categories\/186","collection":"https:\/\/www.ull.es\/portal\/agenda\/wp-json\/tribe\/events\/v1\/categories","up":"https:\/\/www.ull.es\/portal\/agenda\/wp-json\/tribe\/events\/v1\/categories\/185"}},{"name":"Portada ULL","slug":"portada-ull","term_group":0,"term_taxonomy_id":191,"taxonomy":"tribe_events_cat","description":"","parent":0,"count":2105,"filter":"raw","id":191,"urls":{"self":"https:\/\/www.ull.es\/portal\/agenda\/wp-json\/tribe\/events\/v1\/categories\/191","collection":"https:\/\/www.ull.es\/portal\/agenda\/wp-json\/tribe\/events\/v1\/categories"}}],"tags":[{"name":"Carrera Diplom\u00e1tica","slug":"carrera-diplomatica","term_group":0,"term_taxonomy_id":1048,"taxonomy":"post_tag","description":"","parent":0,"count":1,"filter":"raw","id":1048,"urls":{"self":"https:\/\/www.ull.es\/portal\/agenda\/wp-json\/tribe\/events\/v1\/tags\/1048","collection":"https:\/\/www.ull.es\/portal\/agenda\/wp-json\/tribe\/events\/v1\/tags"}},{"name":"Cursos ULL","slug":"cursos-ull","term_group":0,"term_taxonomy_id":977,"taxonomy":"post_tag","description":"","parent":0,"count":1429,"filter":"raw","id":977,"urls":{"self":"https:\/\/www.ull.es\/portal\/agenda\/wp-json\/tribe\/events\/v1\/tags\/977","collection":"https:\/\/www.ull.es\/portal\/agenda\/wp-json\/tribe\/events\/v1\/tags"}},{"name":"empleo p\u00fabico internacional","slug":"empleo-pubico-internacional","term_group":0,"term_taxonomy_id":4239,"taxonomy":"post_tag","description":"","parent":0,"count":0,"filter":"raw","id":4239,"urls":{"self":"https:\/\/www.ull.es\/portal\/agenda\/wp-json\/tribe\/events\/v1\/tags\/4239","collection":"https:\/\/www.ull.es\/portal\/agenda\/wp-json\/tribe\/events\/v1\/tags"}},{"name":"empleo p\u00fablico","slug":"empleo-publico","term_group":0,"term_taxonomy_id":4238,"taxonomy":"post_tag","description":"","parent":0,"count":0,"filter":"raw","id":4238,"urls":{"self":"https:\/\/www.ull.es\/portal\/agenda\/wp-json\/tribe\/events\/v1\/tags\/4238","collection":"https:\/\/www.ull.es\/portal\/agenda\/wp-json\/tribe\/events\/v1\/tags"}},{"name":"Extensi\u00f3n Universitaria ULL","slug":"extension-universitaria-ull","term_group":0,"term_taxonomy_id":3812,"taxonomy":"post_tag","description":"","parent":0,"count":1381,"filter":"raw","id":3812,"urls":{"self":"https:\/\/www.ull.es\/portal\/agenda\/wp-json\/tribe\/events\/v1\/tags\/3812","collection":"https:\/\/www.ull.es\/portal\/agenda\/wp-json\/tribe\/events\/v1\/tags"}},{"name":"Seminarios ULL","slug":"seminarios-ull","term_group":0,"term_taxonomy_id":3751,"taxonomy":"post_tag","description":"","parent":0,"count":1167,"filter":"raw","id":3751,"urls":{"self":"https:\/\/www.ull.es\/portal\/agenda\/wp-json\/tribe\/events\/v1\/tags\/3751","collection":"https:\/\/www.ull.es\/portal\/agenda\/wp-json\/tribe\/events\/v1\/tags"}}],"venue":{"id":4260,"author":"43","status":"publish","date":"2017-11-23 09:48:02","date_utc":"2017-11-23 09:48:02","modified":"2020-04-14 20:12:58","modified_utc":"2020-04-14 20:12:58","url":"https:\/\/www.ull.es\/portal\/agenda\/local\/curso-online\/","venue":"Formaci\u00f3n online","slug":"curso-online","json_ld":{"@type":"Place","name":"Formaci\u00f3n online","description":"","url":"https:\/\/www.ull.es\/portal\/agenda\/local\/curso-online\/","address":{"@type":"PostalAddress"},"telephone":"","sameAs":""},"show_map":false,"show_map_link":true,"global_id":"www.ull.es\/portal\/agenda?id=4260","global_id_lineage":["www.ull.es\/portal\/agenda?id=4260"]},"organizer":[{"id":1132,"author":"21","status":"publish","date":"2017-03-27 12:15:57","date_utc":"2017-03-27 12:15:57","modified":"2023-05-02 10:28:59","modified_utc":"2023-05-02 10:28:59","url":"https:\/\/www.ull.es\/portal\/agenda\/organizador\/vicerrectorado-de-relaciones-con-la-sociedad-2\/","organizer":"Vicerrectorado de Cultura y Extensi\u00f3n Universitaria","slug":"vicerrectorado-de-relaciones-con-la-sociedad-2","json_ld":{"@type":"Person","name":"Vicerrectorado de Cultura y Extensi\u00f3n Universitaria","description":"","url":"https:\/\/www.ull.es\/portal\/agenda\/organizador\/vicerrectorado-de-relaciones-con-la-sociedad-2\/","telephone":"","email":"","sameAs":""},"global_id":"www.ull.es\/portal\/agenda?id=1132","global_id_lineage":["www.ull.es\/portal\/agenda?id=1132"]},{"id":174,"author":"1","status":"publish","date":"2017-01-19 11:58:52","date_utc":"2017-01-19 11:58:52","modified":"2024-01-30 08:31:21","modified_utc":"2024-01-30 08:31:21","url":"https:\/\/www.ull.es\/portal\/agenda\/organizador\/vicerrectorado-de-estudiantes\/","organizer":"Vicerrectorado de Estudiantes","slug":"vicerrectorado-de-estudiantes","phone":"(+34) 922 31 96 00","website":"https:\/\/www.ull.es\/la-universidad\/equipo-gobierno\/vicerrectorado-de-estudiantes\/","email":"vicerrectorado.estudiantes@ull.es","json_ld":{"@type":"Person","name":"Vicerrectorado de Estudiantes","description":"","url":"https:\/\/www.ull.es\/portal\/agenda\/organizador\/vicerrectorado-de-estudiantes\/","telephone":"(+34) 922 31 96 00","email":"v&#105;cer&#114;&#101;ct&#111;&#114;a&#100;o&#46;&#101;&#115;&#116;&#117;&#100;i&#97;n&#116;e&#115;&#64;u&#108;l&#46;e&#115;","sameAs":"https:\/\/www.ull.es\/la-universidad\/equipo-gobierno\/vicerrectorado-de-estudiantes\/"},"global_id":"www.ull.es\/portal\/agenda?id=174","global_id_lineage":["www.ull.es\/portal\/agenda?id=174"]},{"id":21316,"author":"43","status":"publish","date":"2021-10-15 10:51:26","date_utc":"2021-10-15 10:51:26","modified":"2021-10-15 10:51:26","modified_utc":"2021-10-15 10:51:26","url":"https:\/\/www.ull.es\/portal\/agenda\/organizador\/ministerio-de-asuntos-exteriores-union-europea-y-cooperacion\/","organizer":"Ministerio de Asuntos Exteriores, Uni\u00f3n Europea y Cooperaci\u00f3n","slug":"ministerio-de-asuntos-exteriores-union-europea-y-cooperacion","website":"http:\/\/www.exteriores.gob.es\/Portal\/es\/Paginas\/inicio.aspx","json_ld":{"@type":"Person","name":"Ministerio de Asuntos Exteriores, Uni\u00f3n Europea y Cooperaci\u00f3n","description":"","url":"https:\/\/www.ull.es\/portal\/agenda\/organizador\/ministerio-de-asuntos-exteriores-union-europea-y-cooperacion\/","telephone":"","email":"","sameAs":"http:\/\/www.exteriores.gob.es\/Portal\/es\/Paginas\/inicio.aspx"},"global_id":"www.ull.es\/portal\/agenda?id=21316","global_id_lineage":["www.ull.es\/portal\/agenda?id=21316"]}],"json_ld":{"@context":"http:\/\/schema.org","@type":"Event","name":"Empleo p\u00fablico internacional: retos y oportunidades de futuro","description":"&lt;p&gt;Actividad de Extensi\u00f3n Universitaria organizada por el Ministerio de Asuntos Exteriores, Uni\u00f3n Europea y Cooperaci\u00f3n, en colaboraci\u00f3n el Ministerio de Hacienda y Funci\u00f3n P\u00fablica y la Universidad de La Laguna. Si dominas uno o varios idiomas extranjeros, tienes alta capacidad de adaptaci\u00f3n, trabajas bien en equipo, te gusta comunicar, conocer otras realidades, viajar y querr\u00edas...&lt;\/p&gt;\\n","image":"https:\/\/www.ull.es\/portal\/agenda\/wp-content\/uploads\/sites\/12\/2021\/10\/HorizontExterior_LA-LAGUNA.png","url":"https:\/\/www.ull.es\/portal\/agenda\/evento\/empleo-publico-internacional-retos-y-oportunidades-de-futuro\/","startDate":"2021-10-29T11:00:00+00:00","endDate":"2021-10-29T12:30:00+00:00","location":{"@type":"Place","name":"Formaci\u00f3n online","description":"","url":"https:\/\/www.ull.es\/portal\/agenda\/local\/curso-online\/","address":{"@type":"PostalAddress"},"telephone":"","sameAs":""},"organizer":{"@type":"Person","name":"Vicerrectorado de Cultura y Extensi\u00f3n Universitaria","description":"","url":"https:\/\/www.ull.es\/portal\/agenda\/organizador\/vicerrectorado-de-relaciones-con-la-sociedad-2\/","telephone":"","email":"","sameAs":""}}}