{"id":22168,"global_id":"www.ull.es\/portal\/agenda?id=22168","global_id_lineage":["www.ull.es\/portal\/agenda?id=22168"],"author":"65","status":"publish","date":"2021-12-03 09:20:03","date_utc":"2021-12-03 09:20:03","modified":"2021-12-03 14:01:59","modified_utc":"2021-12-03 14:01:59","url":"https:\/\/www.ull.es\/portal\/agenda\/evento\/taller-busqueda-de-informacion-y-bases-de-datos-bibliograficos\/","rest_url":"https:\/\/www.ull.es\/portal\/agenda\/wp-json\/tribe\/events\/v1\/events\/22168","title":"Taller: \u00abB\u00fasqueda de informaci\u00f3n y bases de datos bibliogr\u00e1ficos\u00bb","description":"<p>El pr\u00f3ximo <strong>17 de diciembre de 2021, de 11:00 a 13:00<\/strong> horas en el Aula 1.3 de la Facultad de Ciencias Sociales y de la Comunicaci\u00f3n, tendr\u00e1 lugar la actividad POAT sobre la b\u00fasqueda de informaci\u00f3n y bases de datos bibliogr\u00e1ficos.<\/p>\n<p><a href=\"https:\/\/meet.google.com\/zgw-arzt-fxy\" target=\"_blank\" rel=\"noopener\" target=\"_blank\" rel=\"noopener\">Enlace Google Meet<\/a><\/p>","excerpt":"","slug":"taller-busqueda-de-informacion-y-bases-de-datos-bibliograficos","image":{"url":"https:\/\/www.ull.es\/portal\/agenda\/wp-content\/uploads\/sites\/12\/2021\/12\/Nuevo-proyecto.png","id":22182,"extension":"png","width":700,"height":350,"sizes":{"medium":{"width":300,"height":150,"mime-type":"image\/png","url":"https:\/\/www.ull.es\/portal\/agenda\/wp-content\/uploads\/sites\/12\/2021\/12\/Nuevo-proyecto-300x150.png"},"thumbnail":{"width":150,"height":150,"mime-type":"image\/png","url":"https:\/\/www.ull.es\/portal\/agenda\/wp-content\/uploads\/sites\/12\/2021\/12\/Nuevo-proyecto-150x150.png"},"mug-shot":{"width":150,"height":250,"mime-type":"image\/png","url":"https:\/\/www.ull.es\/portal\/agenda\/wp-content\/uploads\/sites\/12\/2021\/12\/Nuevo-proyecto-150x250.png"},"sidebar":{"width":375,"height":188,"mime-type":"image\/png","url":"https:\/\/www.ull.es\/portal\/agenda\/wp-content\/uploads\/sites\/12\/2021\/12\/Nuevo-proyecto-375x188.png"},"half":{"width":375,"height":188,"mime-type":"image\/png","url":"https:\/\/www.ull.es\/portal\/agenda\/wp-content\/uploads\/sites\/12\/2021\/12\/Nuevo-proyecto-375x188.png"},"thimble":{"width":50,"height":50,"mime-type":"image\/png","url":"https:\/\/www.ull.es\/portal\/agenda\/wp-content\/uploads\/sites\/12\/2021\/12\/Nuevo-proyecto-50x50.png"},"thumbnail-large":{"width":300,"height":300,"mime-type":"image\/png","url":"https:\/\/www.ull.es\/portal\/agenda\/wp-content\/uploads\/sites\/12\/2021\/12\/Nuevo-proyecto-300x300.png"},"rss":{"width":108,"height":81,"mime-type":"image\/png","url":"https:\/\/www.ull.es\/portal\/agenda\/wp-content\/uploads\/sites\/12\/2021\/12\/Nuevo-proyecto-108x81.png"}}},"all_day":false,"start_date":"2021-12-17 11:00:00","start_date_details":{"year":"2021","month":"12","day":"17","hour":"11","minutes":"00","seconds":"00"},"end_date":"2021-12-17 13:00:00","end_date_details":{"year":"2021","month":"12","day":"17","hour":"13","minutes":"00","seconds":"00"},"utc_start_date":"2021-12-17 11:00:00","utc_start_date_details":{"year":"2021","month":"12","day":"17","hour":"11","minutes":"00","seconds":"00"},"utc_end_date":"2021-12-17 13:00:00","utc_end_date_details":{"year":"2021","month":"12","day":"17","hour":"13","minutes":"00","seconds":"00"},"timezone":"UTC+0","timezone_abbr":"UTC+0","cost":"","cost_details":{"currency_symbol":"","currency_position":"prefix","values":[]},"website":"","show_map":false,"show_map_link":false,"hide_from_listings":false,"sticky":false,"featured":false,"categories":[{"name":"Destacado ULL","slug":"destacado-ull","term_group":0,"term_taxonomy_id":4,"taxonomy":"tribe_events_cat","description":"","parent":0,"count":4572,"filter":"raw","id":4,"urls":{"self":"https:\/\/www.ull.es\/portal\/agenda\/wp-json\/tribe\/events\/v1\/categories\/4","collection":"https:\/\/www.ull.es\/portal\/agenda\/wp-json\/tribe\/events\/v1\/categories"}},{"name":"Facultad de Ciencias Sociales y de la Comunicaci\u00f3n","slug":"facultad-de-ciencias-politicas-sociales-y-de-la-comunicacion","term_group":0,"term_taxonomy_id":848,"taxonomy":"tribe_events_cat","description":"","parent":788,"count":195,"filter":"raw","id":848,"urls":{"self":"https:\/\/www.ull.es\/portal\/agenda\/wp-json\/tribe\/events\/v1\/categories\/848","collection":"https:\/\/www.ull.es\/portal\/agenda\/wp-json\/tribe\/events\/v1\/categories","up":"https:\/\/www.ull.es\/portal\/agenda\/wp-json\/tribe\/events\/v1\/categories\/788"}}],"tags":[],"venue":{"id":21992,"author":"65","status":"publish","date":"2021-11-22 13:46:15","date_utc":"2021-11-22 13:46:15","modified":"2022-04-29 12:09:24","modified_utc":"2022-04-29 12:09:24","url":"https:\/\/www.ull.es\/portal\/agenda\/local\/aula-1-3-de-la-facultad-de-ciencias-sociales-y-de-la-comunicacion\/","venue":"Aula 1. Planta 0 de la Facultad de Ciencias Sociales y de la Comunicaci\u00f3n. Campus de Guajara","slug":"aula-1-3-de-la-facultad-de-ciencias-sociales-y-de-la-comunicacion","website":"https:\/\/www.ull.es\/centros\/facultad-de-ciencias-sociales-y-de-la-comunicacion\/","json_ld":{"@type":"Place","name":"Aula 1. Planta 0 de la Facultad de Ciencias Sociales y de la Comunicaci\u00f3n. Campus de Guajara","description":"","url":"https:\/\/www.ull.es\/portal\/agenda\/local\/aula-1-3-de-la-facultad-de-ciencias-sociales-y-de-la-comunicacion\/","address":{"@type":"PostalAddress"},"telephone":"","sameAs":"https:\/\/www.ull.es\/centros\/facultad-de-ciencias-sociales-y-de-la-comunicacion\/"},"show_map":false,"show_map_link":true,"global_id":"www.ull.es\/portal\/agenda?id=21992","global_id_lineage":["www.ull.es\/portal\/agenda?id=21992"]},"organizer":[{"id":22170,"author":"65","status":"publish","date":"2021-12-03 09:20:03","date_utc":"2021-12-03 09:20:03","modified":"2021-12-03 09:21:34","modified_utc":"2021-12-03 09:21:34","url":"https:\/\/www.ull.es\/portal\/agenda\/organizador\/area-de-antropologia-facultad-de-ciencias-sociales-y-de-la-comunicacion\/","organizer":"\u00c1rea de Antropolog\u00eda. Facultad de Ciencias Sociales y de la Comunicaci\u00f3n","slug":"area-de-antropologia-facultad-de-ciencias-sociales-y-de-la-comunicacion","json_ld":{"@type":"Person","name":"\u00c1rea de Antropolog\u00eda. Facultad de Ciencias Sociales y de la Comunicaci\u00f3n","description":"","url":"https:\/\/www.ull.es\/portal\/agenda\/organizador\/area-de-antropologia-facultad-de-ciencias-sociales-y-de-la-comunicacion\/","telephone":"","email":"","sameAs":""},"global_id":"www.ull.es\/portal\/agenda?id=22170","global_id_lineage":["www.ull.es\/portal\/agenda?id=22170"]}],"json_ld":{"@context":"http:\/\/schema.org","@type":"Event","name":"Taller: \u00abB\u00fasqueda de informaci\u00f3n y bases de datos bibliogr\u00e1ficos\u00bb","description":"&lt;p&gt;El pr\u00f3ximo 17 de diciembre de 2021, de 11:00 a 13:00 horas en el Aula 1.3 de la Facultad de Ciencias Sociales y de la Comunicaci\u00f3n, tendr\u00e1 lugar la actividad POAT sobre la b\u00fasqueda de informaci\u00f3n y bases de datos bibliogr\u00e1ficos. Enlace Google Meet&lt;\/p&gt;\\n","image":"https:\/\/www.ull.es\/portal\/agenda\/wp-content\/uploads\/sites\/12\/2021\/12\/Nuevo-proyecto.png","url":"https:\/\/www.ull.es\/portal\/agenda\/evento\/taller-busqueda-de-informacion-y-bases-de-datos-bibliograficos\/","startDate":"2021-12-17T11:00:00+00:00","endDate":"2021-12-17T13:00:00+00:00","location":{"@type":"Place","name":"Aula 1. Planta 0 de la Facultad de Ciencias Sociales y de la Comunicaci\u00f3n. Campus de Guajara","description":"","url":"https:\/\/www.ull.es\/portal\/agenda\/local\/aula-1-3-de-la-facultad-de-ciencias-sociales-y-de-la-comunicacion\/","address":{"@type":"PostalAddress"},"telephone":"","sameAs":"https:\/\/www.ull.es\/centros\/facultad-de-ciencias-sociales-y-de-la-comunicacion\/"},"organizer":{"@type":"Person","name":"\u00c1rea de Antropolog\u00eda. Facultad de Ciencias Sociales y de la Comunicaci\u00f3n","description":"","url":"https:\/\/www.ull.es\/portal\/agenda\/organizador\/area-de-antropologia-facultad-de-ciencias-sociales-y-de-la-comunicacion\/","telephone":"","email":"","sameAs":""}}}