{"id":23826,"global_id":"www.ull.es\/portal\/agenda?id=23826","global_id_lineage":["www.ull.es\/portal\/agenda?id=23826"],"author":"65","status":"publish","date":"2022-04-04 15:39:37","date_utc":"2022-04-04 15:39:37","modified":"2022-04-05 07:39:21","modified_utc":"2022-04-05 07:39:21","url":"https:\/\/www.ull.es\/portal\/agenda\/evento\/i-jornadas-de-investigacion-comunicacion-y-gestion-del-patrimonio-cultural\/","rest_url":"https:\/\/www.ull.es\/portal\/agenda\/wp-json\/tribe\/events\/v1\/events\/23826","title":"I Jornadas de Investigaci\u00f3n, Comunicaci\u00f3n y Gesti\u00f3n del Patrimonio Cultural","description":"<p>\u00abI Jornadas de Investigaci\u00f3n, Comunicaci\u00f3n y Gesti\u00f3n del Patrimonio Cultural\u00bb organizadas por el M\u00e1ster Universitario de Teor\u00eda e Historia del Arte y Gesti\u00f3n Cultural de la Universidad de La Laguna\u00a0 junto con el Grupo de Investigaci\u00f3n Cultura Urbana y Creaci\u00f3n Audiovisual, y con la colaboraci\u00f3n de TEA Tenerife Espacio de las Artes, bajo el lema Redes, Digitalizaci\u00f3n y Nuevos Medios, durante los d\u00edas 5 y 6 de abril 2022, en el Sal\u00f3n de Actos de TEA, en Santa Cruz de Tenerife.<\/p>\n<p><a href=\"https:\/\/drive.google.com\/file\/d\/1gO9QPHFZsS5csynrik170wumLZX_fu3c\/view?usp=sharing\" target=\"_blank\" rel=\"noopener\" target=\"_blank\" rel=\"noopener\">Programa<\/a><\/p>","excerpt":"","slug":"i-jornadas-de-investigacion-comunicacion-y-gestion-del-patrimonio-cultural","image":{"url":"https:\/\/www.ull.es\/portal\/agenda\/wp-content\/uploads\/sites\/12\/2022\/04\/I-Jornadas-de-investigacio\u0301n-comunicacio\u0301n-y-gestio\u0301n-del-patrimonio-cultural_Banner-evento.png","id":23827,"extension":"png","width":700,"height":350,"sizes":{"medium":{"width":300,"height":150,"mime-type":"image\/png","url":"https:\/\/www.ull.es\/portal\/agenda\/wp-content\/uploads\/sites\/12\/2022\/04\/I-Jornadas-de-investigacio\u0301n-comunicacio\u0301n-y-gestio\u0301n-del-patrimonio-cultural_Banner-evento-300x150.png"},"thumbnail":{"width":150,"height":150,"mime-type":"image\/png","url":"https:\/\/www.ull.es\/portal\/agenda\/wp-content\/uploads\/sites\/12\/2022\/04\/I-Jornadas-de-investigacio\u0301n-comunicacio\u0301n-y-gestio\u0301n-del-patrimonio-cultural_Banner-evento-150x150.png"},"mug-shot":{"width":150,"height":250,"mime-type":"image\/png","url":"https:\/\/www.ull.es\/portal\/agenda\/wp-content\/uploads\/sites\/12\/2022\/04\/I-Jornadas-de-investigacio\u0301n-comunicacio\u0301n-y-gestio\u0301n-del-patrimonio-cultural_Banner-evento-150x250.png"},"sidebar":{"width":375,"height":188,"mime-type":"image\/png","url":"https:\/\/www.ull.es\/portal\/agenda\/wp-content\/uploads\/sites\/12\/2022\/04\/I-Jornadas-de-investigacio\u0301n-comunicacio\u0301n-y-gestio\u0301n-del-patrimonio-cultural_Banner-evento-375x188.png"},"half":{"width":375,"height":188,"mime-type":"image\/png","url":"https:\/\/www.ull.es\/portal\/agenda\/wp-content\/uploads\/sites\/12\/2022\/04\/I-Jornadas-de-investigacio\u0301n-comunicacio\u0301n-y-gestio\u0301n-del-patrimonio-cultural_Banner-evento-375x188.png"},"thimble":{"width":50,"height":50,"mime-type":"image\/png","url":"https:\/\/www.ull.es\/portal\/agenda\/wp-content\/uploads\/sites\/12\/2022\/04\/I-Jornadas-de-investigacio\u0301n-comunicacio\u0301n-y-gestio\u0301n-del-patrimonio-cultural_Banner-evento-50x50.png"},"thumbnail-large":{"width":300,"height":300,"mime-type":"image\/png","url":"https:\/\/www.ull.es\/portal\/agenda\/wp-content\/uploads\/sites\/12\/2022\/04\/I-Jornadas-de-investigacio\u0301n-comunicacio\u0301n-y-gestio\u0301n-del-patrimonio-cultural_Banner-evento-300x300.png"},"rss":{"width":108,"height":81,"mime-type":"image\/png","url":"https:\/\/www.ull.es\/portal\/agenda\/wp-content\/uploads\/sites\/12\/2022\/04\/I-Jornadas-de-investigacio\u0301n-comunicacio\u0301n-y-gestio\u0301n-del-patrimonio-cultural_Banner-evento-108x81.png"}}},"all_day":false,"start_date":"2022-04-05 10:00:00","start_date_details":{"year":"2022","month":"04","day":"05","hour":"10","minutes":"00","seconds":"00"},"end_date":"2022-04-06 20:00:00","end_date_details":{"year":"2022","month":"04","day":"06","hour":"20","minutes":"00","seconds":"00"},"utc_start_date":"2022-04-05 10:00:00","utc_start_date_details":{"year":"2022","month":"04","day":"05","hour":"10","minutes":"00","seconds":"00"},"utc_end_date":"2022-04-06 20:00:00","utc_end_date_details":{"year":"2022","month":"04","day":"06","hour":"20","minutes":"00","seconds":"00"},"timezone":"UTC+0","timezone_abbr":"UTC+0","cost":"","cost_details":{"currency_symbol":"","currency_position":"prefix","values":[]},"website":"","show_map":false,"show_map_link":false,"hide_from_listings":false,"sticky":false,"featured":false,"categories":[{"name":"Escuela de Doctorado y Estudios de Posgrado","slug":"escuela-de-doctorado-y-estudios-de-posgrado","term_group":0,"term_taxonomy_id":1103,"taxonomy":"tribe_events_cat","description":"","parent":788,"count":222,"filter":"raw","id":1103,"urls":{"self":"https:\/\/www.ull.es\/portal\/agenda\/wp-json\/tribe\/events\/v1\/categories\/1103","collection":"https:\/\/www.ull.es\/portal\/agenda\/wp-json\/tribe\/events\/v1\/categories","up":"https:\/\/www.ull.es\/portal\/agenda\/wp-json\/tribe\/events\/v1\/categories\/788"}}],"tags":[],"venue":{"id":23836,"author":"65","status":"publish","date":"2022-04-05 07:36:29","date_utc":"2022-04-05 07:36:29","modified":"2022-04-05 07:36:29","modified_utc":"2022-04-05 07:36:29","url":"https:\/\/www.ull.es\/portal\/agenda\/local\/salon-de-actos-de-tea\/","venue":"Sal\u00f3n de Actos de TEA","slug":"salon-de-actos-de-tea","address":"Avenida de San Sebasti\u00e1n 8","city":"Santa Cruz de Tenerife","country":"Espa\u00f1a","province":"Santa Cruz de Tenerife","zip":"38003","phone":"922 84 90 90","website":"https:\/\/teatenerife.es\/","stateprovince":"Santa Cruz de Tenerife","json_ld":{"@type":"Place","name":"Sal\u00f3n de Actos de TEA","description":"","url":"https:\/\/www.ull.es\/portal\/agenda\/local\/salon-de-actos-de-tea\/","address":{"@type":"PostalAddress","streetAddress":"Avenida de San Sebasti\u00e1n 8","addressLocality":"Santa Cruz de Tenerife","addressRegion":"Santa Cruz de Tenerife","postalCode":"38003","addressCountry":"Espa\u00f1a"},"telephone":"922 84 90 90","sameAs":"https:\/\/teatenerife.es\/"},"show_map":true,"show_map_link":true,"global_id":"www.ull.es\/portal\/agenda?id=23836","global_id_lineage":["www.ull.es\/portal\/agenda?id=23836"]},"organizer":[{"id":4485,"author":"23","status":"publish","date":"2017-12-11 15:45:46","date_utc":"2017-12-11 15:45:46","modified":"2017-12-11 15:45:46","modified_utc":"2017-12-11 15:45:46","url":"https:\/\/www.ull.es\/portal\/agenda\/organizador\/escuela-de-doctorado-y-estudios-de-posgrado-2\/","organizer":"Escuela de Doctorado y Estudios de Posgrado","slug":"escuela-de-doctorado-y-estudios-de-posgrado-2","json_ld":{"@type":"Person","name":"Escuela de Doctorado y Estudios de Posgrado","description":"","url":"https:\/\/www.ull.es\/portal\/agenda\/organizador\/escuela-de-doctorado-y-estudios-de-posgrado-2\/","telephone":"","email":"","sameAs":""},"global_id":"www.ull.es\/portal\/agenda?id=4485","global_id_lineage":["www.ull.es\/portal\/agenda?id=4485"]},{"id":23829,"author":"65","status":"publish","date":"2022-04-04 15:39:37","date_utc":"2022-04-04 15:39:37","modified":"2022-04-05 07:38:57","modified_utc":"2022-04-05 07:38:57","url":"https:\/\/www.ull.es\/portal\/agenda\/organizador\/master-iuniversitario-de-teoria-historia-del-arte-y-gestion-cultural\/","organizer":"M\u00e1ster Universitario de Teor\u00eda, Historia del Arte y Gesti\u00f3n Cultural","slug":"master-iuniversitario-de-teoria-historia-del-arte-y-gestion-cultural","json_ld":{"@type":"Person","name":"M\u00e1ster Universitario de Teor\u00eda, Historia del Arte y Gesti\u00f3n Cultural","description":"","url":"https:\/\/www.ull.es\/portal\/agenda\/organizador\/master-iuniversitario-de-teoria-historia-del-arte-y-gestion-cultural\/","telephone":"","email":"","sameAs":""},"global_id":"www.ull.es\/portal\/agenda?id=23829","global_id_lineage":["www.ull.es\/portal\/agenda?id=23829"]},{"id":23830,"author":"65","status":"publish","date":"2022-04-04 15:39:37","date_utc":"2022-04-04 15:39:37","modified":"2022-04-05 07:39:42","modified_utc":"2022-04-05 07:39:42","url":"https:\/\/www.ull.es\/portal\/agenda\/organizador\/grupo-de-investigacion-cultural-urbana-y-creacion-audiovisula\/","organizer":"Grupo de Investigaci\u00f3n Cultural Urbana y Creaci\u00f3n Audiovisual","slug":"grupo-de-investigacion-cultural-urbana-y-creacion-audiovisula","json_ld":{"@type":"Person","name":"Grupo de Investigaci\u00f3n Cultural Urbana y Creaci\u00f3n Audiovisual","description":"","url":"https:\/\/www.ull.es\/portal\/agenda\/organizador\/grupo-de-investigacion-cultural-urbana-y-creacion-audiovisula\/","telephone":"","email":"","sameAs":""},"global_id":"www.ull.es\/portal\/agenda?id=23830","global_id_lineage":["www.ull.es\/portal\/agenda?id=23830"]}],"json_ld":{"@context":"http:\/\/schema.org","@type":"Event","name":"I Jornadas de Investigaci\u00f3n, Comunicaci\u00f3n y Gesti\u00f3n del Patrimonio Cultural","description":"&lt;p&gt;&quot;I Jornadas de Investigaci\u00f3n, Comunicaci\u00f3n y Gesti\u00f3n del Patrimonio Cultural&quot; organizadas por el M\u00e1ster Universitario de Teor\u00eda e Historia del Arte y Gesti\u00f3n Cultural de la Universidad de La Laguna\u00a0 junto con el Grupo de Investigaci\u00f3n Cultura Urbana y Creaci\u00f3n Audiovisual, y con la colaboraci\u00f3n de TEA Tenerife Espacio de las Artes, bajo el lema...&lt;\/p&gt;\\n","image":"https:\/\/www.ull.es\/portal\/agenda\/wp-content\/uploads\/sites\/12\/2022\/04\/I-Jornadas-de-investigacio\u0301n-comunicacio\u0301n-y-gestio\u0301n-del-patrimonio-cultural_Banner-evento.png","url":"https:\/\/www.ull.es\/portal\/agenda\/evento\/i-jornadas-de-investigacion-comunicacion-y-gestion-del-patrimonio-cultural\/","startDate":"2022-04-05T10:00:00+00:00","endDate":"2022-04-06T20:00:00+00:00","location":{"@type":"Place","name":"Sal\u00f3n de Actos de TEA","description":"","url":"https:\/\/www.ull.es\/portal\/agenda\/local\/salon-de-actos-de-tea\/","address":{"@type":"PostalAddress","streetAddress":"Avenida de San Sebasti\u00e1n 8","addressLocality":"Santa Cruz de Tenerife","addressRegion":"Santa Cruz de Tenerife","postalCode":"38003","addressCountry":"Espa\u00f1a"},"telephone":"922 84 90 90","sameAs":"https:\/\/teatenerife.es\/"},"organizer":{"@type":"Person","name":"M\u00e1ster Universitario de Teor\u00eda, Historia del Arte y Gesti\u00f3n Cultural","description":"","url":"https:\/\/www.ull.es\/portal\/agenda\/organizador\/master-iuniversitario-de-teoria-historia-del-arte-y-gestion-cultural\/","telephone":"","email":"","sameAs":""}}}