{"id":23895,"global_id":"www.ull.es\/portal\/agenda?id=23895","global_id_lineage":["www.ull.es\/portal\/agenda?id=23895"],"author":"43","status":"publish","date":"2022-04-07 12:40:17","date_utc":"2022-04-07 12:40:17","modified":"2022-04-26 11:44:18","modified_utc":"2022-04-26 11:44:18","url":"https:\/\/www.ull.es\/portal\/agenda\/evento\/xxxvi-semana-de-la-empresa-hacia-un-nuevo-escenario-economico\/","rest_url":"https:\/\/www.ull.es\/portal\/agenda\/wp-json\/tribe\/events\/v1\/events\/23895","title":"XXXVI Semana de la Empresa: Hacia un nuevo escenario econ\u00f3mico","description":"<p>Jornadas de tres d\u00edas en las que, por parte de distintas C\u00e1tedras Institucionales y de Empresa de la Universidad de La Laguna, se le trasladar\u00e1 al alumnado el entorno econ\u00f3mico y social al que nos enfrentamos en los pr\u00f3ximos a\u00f1os como consecuencia del covid y de la situaci\u00f3n de enfrentamiento armado actualmente existente.<\/p>\n<p>Se plantea al alumnado los nuevos paradigmas a que nos enfrentamos, as\u00ed como a las posibilidades profesionales que desde nuestra Universidad le podemos ofrecer a trav\u00e9s de las ofertas que desde las distintas instituciones p\u00fablicas y privadas se les ofrece en funci\u00f3n de c\u00f3mo plantean ellos la realidad y el futuro.<\/p>\n<p>Dirigido al alumnado\u00a0de \u00faltimo curso de la Facultad de Econom\u00eda, Empresa y Turismo en particular y a todo el alumnado de la Universidad de La Laguna en general.<\/p>\n<p>Dirigen:<\/p>\n<ul>\n<li>\u00c1ngel Chinea Mart\u00edn. Profesor Titular de Universidad. Departamento de Empresas e Historia Econ\u00f3mica de la ULL.<\/li>\n<li>Jos\u00e9 Adri\u00e1n Garc\u00eda Rojas. Profesor Titular de Universidad. Facultad de Econom\u00eda, Empresa y Turismo de la ULL.<\/li>\n<\/ul>\n<p>Coordina: Manuel Gonz\u00e1lez de la Rosa. Director de Secretariado de C\u00e1tedras Institucionales y de Empresa, Responsabilidad Social de la ULL.<\/p>\n<p><strong>CERTIFICADO DE ASISTENCIA, APTITUD Y RECONOCIMIENTO POR CR\u00c9DITO ECTS<\/strong><\/p>\n<p>La ULL, a trav\u00e9s del Vicerrectorado de Cultura, Participaci\u00f3n Social y Campus Ofra y La Palma, emitir\u00e1 un certificado de asistencia a todas aquellas personas <strong>previamente inscritas<\/strong> que asistan a un m\u00ednimo del 80% de las horas lectivas presenciales. Asimismo, aquellas personas que superen el trabajo aut\u00f3nomo del alumnado, recibir\u00e1n un certificado de asistencia y aprovechamiento, reconocible a su vez por un cr\u00e9dito ECTS.<\/p>\n<p><strong><a href=\"https:\/\/sede.fg.ull.es\/es\/curso\/detalle\/a22020115\/xxxvi-semana-de-la-empresa-hacia-un-nuevo-escenario-economico\" target=\"_blank\" rel=\"noopener\" target=\"_blank\" rel=\"noopener\">Consulta el programa e inscr\u00edbete aqu\u00ed.<\/a><\/strong><\/p>\n<p>Las personas que no puedan acudir presencialmente a todas las sesiones, podr\u00e1n seguirlas por streaming.<span style=\"color: #000000\">\u00a0<a href=\"https:\/\/drive.google.com\/file\/d\/1ceLpIBwaJTUzUqkenXeRaHaXVNRymajY\/view?usp=sharing\" target=\"_blank\" rel=\"noopener\" target=\"_blank\" rel=\"noopener\"><b>ENLACES DE CONEXI\u00d3N AQU\u00cd<\/b><\/a><\/span><\/p>\n<p><strong>Contacto: 922 319 616 \/ 922 319 626 \u2013\u00a0<\/strong><a href=\"mailto:extuni@ull.edu.es\" target=\"_blank\" rel=\"noopener\"><strong>extuni@ull.es<\/strong><\/a><\/p>","excerpt":"","slug":"xxxvi-semana-de-la-empresa-hacia-un-nuevo-escenario-economico","image":{"url":"https:\/\/www.ull.es\/portal\/agenda\/wp-content\/uploads\/sites\/12\/2022\/04\/Bannersemanaempresa-1.png","id":24139,"extension":"png","width":700,"height":350,"sizes":{"medium":{"width":300,"height":150,"mime-type":"image\/png","url":"https:\/\/www.ull.es\/portal\/agenda\/wp-content\/uploads\/sites\/12\/2022\/04\/Bannersemanaempresa-1-300x150.png"},"thumbnail":{"width":150,"height":150,"mime-type":"image\/png","url":"https:\/\/www.ull.es\/portal\/agenda\/wp-content\/uploads\/sites\/12\/2022\/04\/Bannersemanaempresa-1-150x150.png"},"mug-shot":{"width":150,"height":250,"mime-type":"image\/png","url":"https:\/\/www.ull.es\/portal\/agenda\/wp-content\/uploads\/sites\/12\/2022\/04\/Bannersemanaempresa-1-150x250.png"},"sidebar":{"width":375,"height":188,"mime-type":"image\/png","url":"https:\/\/www.ull.es\/portal\/agenda\/wp-content\/uploads\/sites\/12\/2022\/04\/Bannersemanaempresa-1-375x188.png"},"half":{"width":375,"height":188,"mime-type":"image\/png","url":"https:\/\/www.ull.es\/portal\/agenda\/wp-content\/uploads\/sites\/12\/2022\/04\/Bannersemanaempresa-1-375x188.png"},"thimble":{"width":50,"height":50,"mime-type":"image\/png","url":"https:\/\/www.ull.es\/portal\/agenda\/wp-content\/uploads\/sites\/12\/2022\/04\/Bannersemanaempresa-1-50x50.png"},"thumbnail-large":{"width":300,"height":300,"mime-type":"image\/png","url":"https:\/\/www.ull.es\/portal\/agenda\/wp-content\/uploads\/sites\/12\/2022\/04\/Bannersemanaempresa-1-300x300.png"},"rss":{"width":108,"height":81,"mime-type":"image\/png","url":"https:\/\/www.ull.es\/portal\/agenda\/wp-content\/uploads\/sites\/12\/2022\/04\/Bannersemanaempresa-1-108x81.png"}}},"all_day":true,"start_date":"2022-04-27 00:00:00","start_date_details":{"year":"2022","month":"04","day":"27","hour":"00","minutes":"00","seconds":"00"},"end_date":"2022-04-27 23:59:59","end_date_details":{"year":"2022","month":"04","day":"27","hour":"23","minutes":"59","seconds":"59"},"utc_start_date":"2022-04-27 00:00:00","utc_start_date_details":{"year":"2022","month":"04","day":"27","hour":"00","minutes":"00","seconds":"00"},"utc_end_date":"2022-04-27 23:59:59","utc_end_date_details":{"year":"2022","month":"04","day":"27","hour":"23","minutes":"59","seconds":"59"},"timezone":"UTC+0","timezone_abbr":"UTC+0","cost":"","cost_details":{"currency_symbol":"","currency_position":"prefix","values":[]},"website":"https:\/\/www.ull.es\/cultura\/cursos-extension-universitaria\/","show_map":false,"show_map_link":false,"hide_from_listings":false,"sticky":false,"featured":false,"categories":[{"name":"Actividades de Extensi\u00f3n","slug":"actividades-de-extension","term_group":0,"term_taxonomy_id":472,"taxonomy":"tribe_events_cat","description":"","parent":468,"count":1641,"filter":"raw","id":472,"urls":{"self":"https:\/\/www.ull.es\/portal\/agenda\/wp-json\/tribe\/events\/v1\/categories\/472","collection":"https:\/\/www.ull.es\/portal\/agenda\/wp-json\/tribe\/events\/v1\/categories","up":"https:\/\/www.ull.es\/portal\/agenda\/wp-json\/tribe\/events\/v1\/categories\/468"}},{"name":"C\u00e1tedra de Econom\u00eda y Movilidad CajaCanarias Cabildo de Tenerife","slug":"catedra-de-economia-y-movilidad-cajacanarias","term_group":0,"term_taxonomy_id":3555,"taxonomy":"tribe_events_cat","description":"","parent":2118,"count":49,"filter":"raw","id":3555,"urls":{"self":"https:\/\/www.ull.es\/portal\/agenda\/wp-json\/tribe\/events\/v1\/categories\/3555","collection":"https:\/\/www.ull.es\/portal\/agenda\/wp-json\/tribe\/events\/v1\/categories","up":"https:\/\/www.ull.es\/portal\/agenda\/wp-json\/tribe\/events\/v1\/categories\/2118"}},{"name":"Cursos de C\u00e1tedras Institucionales y de Empresa","slug":"cursos-de-catedras-institucionales-y-de-empresa","term_group":0,"term_taxonomy_id":3165,"taxonomy":"tribe_events_cat","description":"","parent":468,"count":264,"filter":"raw","id":3165,"urls":{"self":"https:\/\/www.ull.es\/portal\/agenda\/wp-json\/tribe\/events\/v1\/categories\/3165","collection":"https:\/\/www.ull.es\/portal\/agenda\/wp-json\/tribe\/events\/v1\/categories","up":"https:\/\/www.ull.es\/portal\/agenda\/wp-json\/tribe\/events\/v1\/categories\/468"}},{"name":"Destacado ULL","slug":"destacado-ull","term_group":0,"term_taxonomy_id":4,"taxonomy":"tribe_events_cat","description":"","parent":0,"count":4586,"filter":"raw","id":4,"urls":{"self":"https:\/\/www.ull.es\/portal\/agenda\/wp-json\/tribe\/events\/v1\/categories\/4","collection":"https:\/\/www.ull.es\/portal\/agenda\/wp-json\/tribe\/events\/v1\/categories"}},{"name":"Facultad de Econom\u00eda, Empresa y Turismo","slug":"facultad-de-economia-empresa-y-turismo","term_group":0,"term_taxonomy_id":937,"taxonomy":"tribe_events_cat","description":"","parent":788,"count":243,"filter":"raw","id":937,"urls":{"self":"https:\/\/www.ull.es\/portal\/agenda\/wp-json\/tribe\/events\/v1\/categories\/937","collection":"https:\/\/www.ull.es\/portal\/agenda\/wp-json\/tribe\/events\/v1\/categories","up":"https:\/\/www.ull.es\/portal\/agenda\/wp-json\/tribe\/events\/v1\/categories\/788"}},{"name":"Perfil Estudiante","slug":"perfil-estudiante","term_group":0,"term_taxonomy_id":186,"taxonomy":"tribe_events_cat","description":"","parent":185,"count":2760,"filter":"raw","id":186,"urls":{"self":"https:\/\/www.ull.es\/portal\/agenda\/wp-json\/tribe\/events\/v1\/categories\/186","collection":"https:\/\/www.ull.es\/portal\/agenda\/wp-json\/tribe\/events\/v1\/categories","up":"https:\/\/www.ull.es\/portal\/agenda\/wp-json\/tribe\/events\/v1\/categories\/185"}},{"name":"Responsabilidad Social Universitaria","slug":"responsabilidad-social-universitaria","term_group":0,"term_taxonomy_id":3254,"taxonomy":"tribe_events_cat","description":"","parent":468,"count":66,"filter":"raw","id":3254,"urls":{"self":"https:\/\/www.ull.es\/portal\/agenda\/wp-json\/tribe\/events\/v1\/categories\/3254","collection":"https:\/\/www.ull.es\/portal\/agenda\/wp-json\/tribe\/events\/v1\/categories","up":"https:\/\/www.ull.es\/portal\/agenda\/wp-json\/tribe\/events\/v1\/categories\/468"}}],"tags":[{"name":"alumnado ULL","slug":"alumnado-ull","term_group":0,"term_taxonomy_id":4259,"taxonomy":"post_tag","description":"","parent":0,"count":1177,"filter":"raw","id":4259,"urls":{"self":"https:\/\/www.ull.es\/portal\/agenda\/wp-json\/tribe\/events\/v1\/tags\/4259","collection":"https:\/\/www.ull.es\/portal\/agenda\/wp-json\/tribe\/events\/v1\/tags"}},{"name":"Cursos ULL","slug":"cursos-ull","term_group":0,"term_taxonomy_id":977,"taxonomy":"post_tag","description":"","parent":0,"count":1435,"filter":"raw","id":977,"urls":{"self":"https:\/\/www.ull.es\/portal\/agenda\/wp-json\/tribe\/events\/v1\/tags\/977","collection":"https:\/\/www.ull.es\/portal\/agenda\/wp-json\/tribe\/events\/v1\/tags"}},{"name":"econom\u00eda","slug":"economia","term_group":0,"term_taxonomy_id":114,"taxonomy":"post_tag","description":"","parent":0,"count":10,"filter":"raw","id":114,"urls":{"self":"https:\/\/www.ull.es\/portal\/agenda\/wp-json\/tribe\/events\/v1\/tags\/114","collection":"https:\/\/www.ull.es\/portal\/agenda\/wp-json\/tribe\/events\/v1\/tags"}},{"name":"empresa","slug":"empresa","term_group":0,"term_taxonomy_id":258,"taxonomy":"post_tag","description":"","parent":0,"count":2,"filter":"raw","id":258,"urls":{"self":"https:\/\/www.ull.es\/portal\/agenda\/wp-json\/tribe\/events\/v1\/tags\/258","collection":"https:\/\/www.ull.es\/portal\/agenda\/wp-json\/tribe\/events\/v1\/tags"}},{"name":"Extensi\u00f3n Universitaria ULL","slug":"extension-universitaria-ull","term_group":0,"term_taxonomy_id":3812,"taxonomy":"post_tag","description":"","parent":0,"count":1387,"filter":"raw","id":3812,"urls":{"self":"https:\/\/www.ull.es\/portal\/agenda\/wp-json\/tribe\/events\/v1\/tags\/3812","collection":"https:\/\/www.ull.es\/portal\/agenda\/wp-json\/tribe\/events\/v1\/tags"}},{"name":"semana empresa","slug":"semana-empresa","term_group":0,"term_taxonomy_id":4606,"taxonomy":"post_tag","description":"","parent":0,"count":0,"filter":"raw","id":4606,"urls":{"self":"https:\/\/www.ull.es\/portal\/agenda\/wp-json\/tribe\/events\/v1\/tags\/4606","collection":"https:\/\/www.ull.es\/portal\/agenda\/wp-json\/tribe\/events\/v1\/tags"}},{"name":"Seminarios ULL","slug":"seminarios-ull","term_group":0,"term_taxonomy_id":3751,"taxonomy":"post_tag","description":"","parent":0,"count":1173,"filter":"raw","id":3751,"urls":{"self":"https:\/\/www.ull.es\/portal\/agenda\/wp-json\/tribe\/events\/v1\/tags\/3751","collection":"https:\/\/www.ull.es\/portal\/agenda\/wp-json\/tribe\/events\/v1\/tags"}}],"venue":{"id":352,"author":"21","status":"publish","date":"2017-02-16 10:51:14","date_utc":"2017-02-16 10:51:14","modified":"2018-04-30 13:20:57","modified_utc":"2018-04-30 13:20:57","url":"https:\/\/www.ull.es\/portal\/agenda\/local\/facultad-de-economia-empresa-y-turismo\/","venue":"Facultad de Econom\u00eda, Empresa y Turismo de la ULL","slug":"facultad-de-economia-empresa-y-turismo","address":"Campus de Guajara, Universidad de La Laguna","city":"La Laguna","province":"Santa Cruz de Tenerife","zip":"38200","stateprovince":"Santa Cruz de Tenerife","geo_lat":28.469754699999999303372533177025616168975830078125,"geo_lng":-16.304417799999999516558091272599995136260986328125,"json_ld":{"@type":"Place","name":"Facultad de Econom\u00eda, Empresa y Turismo de la ULL","description":"","url":"https:\/\/www.ull.es\/portal\/agenda\/local\/facultad-de-economia-empresa-y-turismo\/","address":{"@type":"PostalAddress","streetAddress":"Campus de Guajara, Universidad de La Laguna","addressLocality":"La Laguna","addressRegion":"Santa Cruz de Tenerife","postalCode":"38200"},"geo":{"@type":"GeoCoordinates","latitude":28.469754699999999303372533177025616168975830078125,"longitude":-16.304417799999999516558091272599995136260986328125},"telephone":"","sameAs":""},"show_map":true,"show_map_link":true,"global_id":"www.ull.es\/portal\/agenda?id=352","global_id_lineage":["www.ull.es\/portal\/agenda?id=352"]},"organizer":[{"id":1132,"author":"21","status":"publish","date":"2017-03-27 12:15:57","date_utc":"2017-03-27 12:15:57","modified":"2023-05-02 10:28:59","modified_utc":"2023-05-02 10:28:59","url":"https:\/\/www.ull.es\/portal\/agenda\/organizador\/vicerrectorado-de-relaciones-con-la-sociedad-2\/","organizer":"Vicerrectorado de Cultura y Extensi\u00f3n Universitaria","slug":"vicerrectorado-de-relaciones-con-la-sociedad-2","json_ld":{"@type":"Person","name":"Vicerrectorado de Cultura y Extensi\u00f3n Universitaria","description":"","url":"https:\/\/www.ull.es\/portal\/agenda\/organizador\/vicerrectorado-de-relaciones-con-la-sociedad-2\/","telephone":"","email":"","sameAs":""},"global_id":"www.ull.es\/portal\/agenda?id=1132","global_id_lineage":["www.ull.es\/portal\/agenda?id=1132"]},{"id":315,"author":"22","status":"publish","date":"2017-02-15 12:18:47","date_utc":"2017-02-15 12:18:47","modified":"2019-04-11 11:53:42","modified_utc":"2019-04-11 11:53:42","url":"https:\/\/www.ull.es\/portal\/agenda\/organizador\/facultad-de-economia-empresa-y-turismo-campus-de-guajara\/","organizer":"Facultad de Econom\u00eda, Empresa y Turismo","slug":"facultad-de-economia-empresa-y-turismo-campus-de-guajara","phone":"922 31 71 63","website":"https:\/\/www.ull.es\/centros\/facultad-de-economia-empresa-y-turismo\/","email":"seceet@ull.es","json_ld":{"@type":"Person","name":"Facultad de Econom\u00eda, Empresa y Turismo","description":"","url":"https:\/\/www.ull.es\/portal\/agenda\/organizador\/facultad-de-economia-empresa-y-turismo-campus-de-guajara\/","telephone":"922 31 71 63","email":"&#115;&#101;&#99;e&#101;&#116;&#64;&#117;&#108;&#108;.es","sameAs":"https:\/\/www.ull.es\/centros\/facultad-de-economia-empresa-y-turismo\/"},"global_id":"www.ull.es\/portal\/agenda?id=315","global_id_lineage":["www.ull.es\/portal\/agenda?id=315"]},{"id":16365,"author":"43","status":"publish","date":"2020-06-12 09:11:13","date_utc":"2020-06-12 09:11:13","modified":"2020-06-12 09:11:13","modified_utc":"2020-06-12 09:11:13","url":"https:\/\/www.ull.es\/portal\/agenda\/organizador\/catedra-ceoe-tenerife-empresa-y-relaciones-laborales-de-la-ull\/","organizer":"C\u00e1tedra CEOE-Tenerife Empresa y Relaciones Laborales de la ULL","slug":"catedra-ceoe-tenerife-empresa-y-relaciones-laborales-de-la-ull","website":"https:\/\/www.ull.es\/portal\/agenda\/organizador\/catedra-ceoe-la-laguna-instituto-universitario-de-desarrollo-regional\/","json_ld":{"@type":"Person","name":"C\u00e1tedra CEOE-Tenerife Empresa y Relaciones Laborales de la ULL","description":"","url":"https:\/\/www.ull.es\/portal\/agenda\/organizador\/catedra-ceoe-tenerife-empresa-y-relaciones-laborales-de-la-ull\/","telephone":"","email":"","sameAs":"https:\/\/www.ull.es\/portal\/agenda\/organizador\/catedra-ceoe-la-laguna-instituto-universitario-de-desarrollo-regional\/"},"global_id":"www.ull.es\/portal\/agenda?id=16365","global_id_lineage":["www.ull.es\/portal\/agenda?id=16365"]},{"id":1946,"author":"21","status":"publish","date":"2017-07-05 11:17:55","date_utc":"2017-07-05 11:17:55","modified":"2017-07-05 11:17:55","modified_utc":"2017-07-05 11:17:55","url":"https:\/\/www.ull.es\/portal\/agenda\/organizador\/catedra-cajasiete-de-economia-social-y-cooperativa\/","organizer":"C\u00e1tedra Cajasiete de Econom\u00eda Social y Cooperativa","slug":"catedra-cajasiete-de-economia-social-y-cooperativa","json_ld":{"@type":"Person","name":"C\u00e1tedra Cajasiete de Econom\u00eda Social y Cooperativa","description":"","url":"https:\/\/www.ull.es\/portal\/agenda\/organizador\/catedra-cajasiete-de-economia-social-y-cooperativa\/","telephone":"","email":"","sameAs":""},"global_id":"www.ull.es\/portal\/agenda?id=1946","global_id_lineage":["www.ull.es\/portal\/agenda?id=1946"]},{"id":8316,"author":"65","status":"publish","date":"2018-09-17 13:03:04","date_utc":"2018-09-17 13:03:04","modified":"2018-09-18 12:22:03","modified_utc":"2018-09-18 12:22:03","url":"https:\/\/www.ull.es\/portal\/agenda\/organizador\/catedra-de-turismo-caja-canarias-ashotel-ull\/","organizer":"C\u00e1tedra de Turismo Caja Canarias-Ashotel-ULL","slug":"catedra-de-turismo-caja-canarias-ashotel-ull","json_ld":{"@type":"Person","name":"C\u00e1tedra de Turismo Caja Canarias-Ashotel-ULL","description":"","url":"https:\/\/www.ull.es\/portal\/agenda\/organizador\/catedra-de-turismo-caja-canarias-ashotel-ull\/","telephone":"","email":"","sameAs":""},"global_id":"www.ull.es\/portal\/agenda?id=8316","global_id_lineage":["www.ull.es\/portal\/agenda?id=8316"]},{"id":1103,"author":"21","status":"publish","date":"2017-03-22 15:39:44","date_utc":"2017-03-22 15:39:44","modified":"2017-03-22 15:39:44","modified_utc":"2017-03-22 15:39:44","url":"https:\/\/www.ull.es\/portal\/agenda\/organizador\/catedra-fundacion-disa-de-jovenes-emprendedores-de-la-universidad-de-la-laguna\/","organizer":"C\u00e1tedra Fundaci\u00f3n DISA de J\u00f3venes Emprendedores de la Universidad de La Laguna","slug":"catedra-fundacion-disa-de-jovenes-emprendedores-de-la-universidad-de-la-laguna","website":"https:\/\/www.jovenesemprendedores.ull.es\/ull\/","json_ld":{"@type":"Person","name":"C\u00e1tedra Fundaci\u00f3n DISA de J\u00f3venes Emprendedores de la Universidad de La Laguna","description":"","url":"https:\/\/www.ull.es\/portal\/agenda\/organizador\/catedra-fundacion-disa-de-jovenes-emprendedores-de-la-universidad-de-la-laguna\/","telephone":"","email":"","sameAs":"https:\/\/www.jovenesemprendedores.ull.es\/ull\/"},"global_id":"www.ull.es\/portal\/agenda?id=1103","global_id_lineage":["www.ull.es\/portal\/agenda?id=1103"]},{"id":1267,"author":"21","status":"publish","date":"2017-04-17 13:11:00","date_utc":"2017-04-17 13:11:00","modified":"2026-03-27 08:27:55","modified_utc":"2026-03-27 08:27:55","url":"https:\/\/www.ull.es\/portal\/agenda\/organizador\/catedra-de-economia-y-movilidad-2\/","organizer":"C\u00e1tedra de Econom\u00eda y Movilidad CajaCanarias &#8211; Cabilido de Tenerife -ULL","slug":"catedra-de-economia-y-movilidad-2","phone":"922317113","website":"http:\/\/catedraecomovil.es\/","email":"rmglzmar@ull.edu.es","json_ld":{"@type":"Person","name":"C\u00e1tedra de Econom\u00eda y Movilidad CajaCanarias &#8211; Cabilido de Tenerife -ULL","description":"","url":"https:\/\/www.ull.es\/portal\/agenda\/organizador\/catedra-de-economia-y-movilidad-2\/","telephone":"922317113","email":"&#114;m&#103;&#108;zm&#97;r&#64;&#117;ll.ed&#117;.&#101;s","sameAs":"http:\/\/catedraecomovil.es\/"},"global_id":"www.ull.es\/portal\/agenda?id=1267","global_id_lineage":["www.ull.es\/portal\/agenda?id=1267"]},{"id":7597,"author":"43","status":"publish","date":"2018-06-08 09:42:59","date_utc":"2018-06-08 09:42:59","modified":"2018-06-08 09:51:41","modified_utc":"2018-06-08 09:51:41","url":"https:\/\/www.ull.es\/portal\/agenda\/organizador\/catedra-de-medio-ambiente-y-desarrollo-sostenible-cabildo-de-tenerife-universidad-de-la-laguna\/","organizer":"C\u00e1tedra de Medio Ambiente y Desarrollo Sostenible Cabildo de Tenerife &#8211; Universidad de La Laguna","slug":"catedra-de-medio-ambiente-y-desarrollo-sostenible-cabildo-de-tenerife-universidad-de-la-laguna","json_ld":{"@type":"Person","name":"C\u00e1tedra de Medio Ambiente y Desarrollo Sostenible Cabildo de Tenerife &#8211; Universidad de La Laguna","description":"","url":"https:\/\/www.ull.es\/portal\/agenda\/organizador\/catedra-de-medio-ambiente-y-desarrollo-sostenible-cabildo-de-tenerife-universidad-de-la-laguna\/","telephone":"","email":"","sameAs":""},"global_id":"www.ull.es\/portal\/agenda?id=7597","global_id_lineage":["www.ull.es\/portal\/agenda?id=7597"]}],"json_ld":{"@context":"http:\/\/schema.org","@type":"Event","name":"XXXVI Semana de la Empresa: Hacia un nuevo escenario econ\u00f3mico","description":"&lt;p&gt;Jornadas de tres d\u00edas en las que, por parte de distintas C\u00e1tedras Institucionales y de Empresa de la Universidad de La Laguna, se le trasladar\u00e1 al alumnado el entorno econ\u00f3mico y social al que nos enfrentamos en los pr\u00f3ximos a\u00f1os como consecuencia del covid y de la situaci\u00f3n de enfrentamiento armado actualmente existente. Se plantea...&lt;\/p&gt;\\n","image":"https:\/\/www.ull.es\/portal\/agenda\/wp-content\/uploads\/sites\/12\/2022\/04\/Bannersemanaempresa-1.png","url":"https:\/\/www.ull.es\/portal\/agenda\/evento\/xxxvi-semana-de-la-empresa-hacia-un-nuevo-escenario-economico\/","startDate":"2022-04-27T00:00:00+00:00","endDate":"2022-04-27T23:59:59+00:00","location":{"@type":"Place","name":"Facultad de Econom\u00eda, Empresa y Turismo de la ULL","description":"","url":"https:\/\/www.ull.es\/portal\/agenda\/local\/facultad-de-economia-empresa-y-turismo\/","address":{"@type":"PostalAddress","streetAddress":"Campus de Guajara, Universidad de La Laguna","addressLocality":"La Laguna","addressRegion":"Santa Cruz de Tenerife","postalCode":"38200"},"geo":{"@type":"GeoCoordinates","latitude":28.469754699999999303372533177025616168975830078125,"longitude":-16.304417799999999516558091272599995136260986328125},"telephone":"","sameAs":""},"organizer":{"@type":"Person","name":"Vicerrectorado de Cultura y Extensi\u00f3n Universitaria","description":"","url":"https:\/\/www.ull.es\/portal\/agenda\/organizador\/vicerrectorado-de-relaciones-con-la-sociedad-2\/","telephone":"","email":"","sameAs":""}}}