{"id":25974,"global_id":"www.ull.es\/portal\/agenda?id=25974","global_id_lineage":["www.ull.es\/portal\/agenda?id=25974"],"author":"65","status":"publish","date":"2022-07-26 10:14:31","date_utc":"2022-07-26 10:14:31","modified":"2022-10-11 11:36:52","modified_utc":"2022-10-11 11:36:52","url":"https:\/\/www.ull.es\/portal\/agenda\/evento\/estrategias-de-comunicacion-en-el-ejercicio-profesional-farmaceutico\/","rest_url":"https:\/\/www.ull.es\/portal\/agenda\/wp-json\/tribe\/events\/v1\/events\/25974","title":"Estrategias de comunicaci\u00f3n en el ejercicio profesional farmac\u00e9utico","description":"<p>La comunicaci\u00f3n del farmac\u00e9utico con los pacientes\/usuarios, con otros profesionales sanitarios, y con la sociedad en general, es crucial para establecer un c\u00edrculo de confianza que permita mejorar la prevenci\u00f3n y detecci\u00f3n prematura de las enfermedades. La evoluci\u00f3n de nuestra sociedad hace necesario que el profesional farmac\u00e9utico gestione desde la Oficina de Farmacia todas las herramientas de comunicaci\u00f3n actuales, para mejorar y optimizar la atenci\u00f3n personalizada a los pacientes, prestigiar y dar a conocer su actuaci\u00f3n profesional, y aumentar la confianza de la poblaci\u00f3n en general.<\/p>\n<p>Desde la C\u00e1tedra Canaria de Farmacia pretendemos colaborar en la mejora de las habilidades de comunicaci\u00f3n de los profesionales farmac\u00e9uticos, haciendo uso todas las herramientas disponibles desde las m\u00e1s tradicionales a las m\u00e1s actuales. Para ello, hemos seleccionado un panel de expertos que disertar\u00e1n sobre el uso de las diferentes herramientas de comunicaci\u00f3n (RRSS, web, blogs, coaching, etc) en los diferentes \u00e1mbitos de actuaci\u00f3n profesional del farmac\u00e9utico.<\/p>\n<p><a href=\"https:\/\/docs.google.com\/forms\/d\/e\/1FAIpQLScSzI1ssphiWYnr-BBuQfJUEutXnXzANh-gLCrWL_eYxym_kQ\/viewform\" target=\"_blank\" rel=\"noopener\" target=\"_blank\" rel=\"noopener\">Formulario de inscripci\u00f3n<\/a><\/p>\n<p><a href=\"https:\/\/drive.google.com\/file\/d\/1mUqnmqqCRnTBhx8xMJtUj261NWxKlYGy\/view?usp=sharing\" target=\"_blank\" rel=\"noopener\" target=\"_blank\" rel=\"noopener\">Cartel<\/a><\/p>\n<p><a href=\"https:\/\/drive.google.com\/file\/d\/1CxSejKXxjadcb-frzhlkFVgvErQNNZun\/view?usp=sharing\" target=\"_blank\" rel=\"noopener\" target=\"_blank\" rel=\"noopener\">D\u00edptico exterior<\/a><\/p>\n<p><a href=\"https:\/\/drive.google.com\/file\/d\/18vxn6RqNLJm8N2j232yXOv-p1AifEKJp\/view?usp=sharing\" target=\"_blank\" rel=\"noopener\" target=\"_blank\" rel=\"noopener\">D\u00edptico interior<\/a><\/p>\n<p>&nbsp;<\/p>","excerpt":"","slug":"estrategias-de-comunicacion-en-el-ejercicio-profesional-farmaceutico","image":{"url":"https:\/\/www.ull.es\/portal\/agenda\/wp-content\/uploads\/sites\/12\/2022\/07\/Curso-Estrategias-de-Comunicacion.png","id":26293,"extension":"png","width":700,"height":350,"filesize":215627,"sizes":{"medium":{"width":300,"height":150,"mime-type":"image\/png","filesize":59986,"url":"https:\/\/www.ull.es\/portal\/agenda\/wp-content\/uploads\/sites\/12\/2022\/07\/Curso-Estrategias-de-Comunicacion-300x150.png"},"thumbnail":{"width":150,"height":150,"mime-type":"image\/png","filesize":30854,"url":"https:\/\/www.ull.es\/portal\/agenda\/wp-content\/uploads\/sites\/12\/2022\/07\/Curso-Estrategias-de-Comunicacion-150x150.png"},"mug-shot":{"width":150,"height":250,"mime-type":"image\/png","filesize":36775,"url":"https:\/\/www.ull.es\/portal\/agenda\/wp-content\/uploads\/sites\/12\/2022\/07\/Curso-Estrategias-de-Comunicacion-150x250.png"},"sidebar":{"width":375,"height":188,"mime-type":"image\/png","filesize":86352,"url":"https:\/\/www.ull.es\/portal\/agenda\/wp-content\/uploads\/sites\/12\/2022\/07\/Curso-Estrategias-de-Comunicacion-375x188.png"},"half":{"width":375,"height":188,"mime-type":"image\/png","filesize":86352,"url":"https:\/\/www.ull.es\/portal\/agenda\/wp-content\/uploads\/sites\/12\/2022\/07\/Curso-Estrategias-de-Comunicacion-375x188.png"},"thimble":{"width":50,"height":50,"mime-type":"image\/png","filesize":4795,"url":"https:\/\/www.ull.es\/portal\/agenda\/wp-content\/uploads\/sites\/12\/2022\/07\/Curso-Estrategias-de-Comunicacion-50x50.png"},"thumbnail-large":{"width":300,"height":300,"mime-type":"image\/png","filesize":89447,"url":"https:\/\/www.ull.es\/portal\/agenda\/wp-content\/uploads\/sites\/12\/2022\/07\/Curso-Estrategias-de-Comunicacion-300x300.png"},"rss":{"width":108,"height":81,"mime-type":"image\/png","filesize":15045,"url":"https:\/\/www.ull.es\/portal\/agenda\/wp-content\/uploads\/sites\/12\/2022\/07\/Curso-Estrategias-de-Comunicacion-108x81.png"}}},"all_day":false,"start_date":"2022-10-26 16:00:00","start_date_details":{"year":"2022","month":"10","day":"26","hour":"16","minutes":"00","seconds":"00"},"end_date":"2022-10-26 20:00:00","end_date_details":{"year":"2022","month":"10","day":"26","hour":"20","minutes":"00","seconds":"00"},"utc_start_date":"2022-10-26 16:00:00","utc_start_date_details":{"year":"2022","month":"10","day":"26","hour":"16","minutes":"00","seconds":"00"},"utc_end_date":"2022-10-26 20:00:00","utc_end_date_details":{"year":"2022","month":"10","day":"26","hour":"20","minutes":"00","seconds":"00"},"timezone":"UTC+0","timezone_abbr":"UTC+0","cost":"","cost_details":{"currency_symbol":"","currency_position":"prefix","values":[]},"website":"","show_map":false,"show_map_link":false,"hide_from_listings":false,"sticky":false,"featured":false,"categories":[{"name":"C\u00e1tedra Canaria de Farmacia","slug":"catedra-canaria-de-farmacia","term_group":0,"term_taxonomy_id":2117,"taxonomy":"tribe_events_cat","description":"","parent":2118,"count":21,"filter":"raw","id":2117,"urls":{"self":"https:\/\/www.ull.es\/portal\/agenda\/wp-json\/tribe\/events\/v1\/categories\/2117","collection":"https:\/\/www.ull.es\/portal\/agenda\/wp-json\/tribe\/events\/v1\/categories","up":"https:\/\/www.ull.es\/portal\/agenda\/wp-json\/tribe\/events\/v1\/categories\/2118"}},{"name":"Destacado ULL","slug":"destacado-ull","term_group":0,"term_taxonomy_id":4,"taxonomy":"tribe_events_cat","description":"","parent":0,"count":4573,"filter":"raw","id":4,"urls":{"self":"https:\/\/www.ull.es\/portal\/agenda\/wp-json\/tribe\/events\/v1\/categories\/4","collection":"https:\/\/www.ull.es\/portal\/agenda\/wp-json\/tribe\/events\/v1\/categories"}},{"name":"Facultad de Farmacia","slug":"facultad-de-farmacia","term_group":0,"term_taxonomy_id":2580,"taxonomy":"tribe_events_cat","description":"","parent":788,"count":99,"filter":"raw","id":2580,"urls":{"self":"https:\/\/www.ull.es\/portal\/agenda\/wp-json\/tribe\/events\/v1\/categories\/2580","collection":"https:\/\/www.ull.es\/portal\/agenda\/wp-json\/tribe\/events\/v1\/categories","up":"https:\/\/www.ull.es\/portal\/agenda\/wp-json\/tribe\/events\/v1\/categories\/788"}},{"name":"Portada ULL","slug":"portada-ull","term_group":0,"term_taxonomy_id":191,"taxonomy":"tribe_events_cat","description":"","parent":0,"count":2104,"filter":"raw","id":191,"urls":{"self":"https:\/\/www.ull.es\/portal\/agenda\/wp-json\/tribe\/events\/v1\/categories\/191","collection":"https:\/\/www.ull.es\/portal\/agenda\/wp-json\/tribe\/events\/v1\/categories"}}],"tags":[],"venue":{"id":25976,"author":"65","status":"publish","date":"2022-07-26 10:16:35","date_utc":"2022-07-26 10:16:35","modified":"2022-07-26 10:16:35","modified_utc":"2022-07-26 10:16:35","url":"https:\/\/www.ull.es\/portal\/agenda\/local\/salon-de-actos-del-colegio-oficial-de-farmaceuticos-de-santa-cruz-de-tenerife\/","venue":"Sal\u00f3n de Actos del Colegio Oficial de Farmac\u00e9uticos de Santa Cruz de Tenerife","slug":"salon-de-actos-del-colegio-oficial-de-farmaceuticos-de-santa-cruz-de-tenerife","address":"Avenida 25 de julio, 24","city":"Santa Cruz de Tenerife","country":"Espa\u00f1a","province":"Santa Cruz de Tenerife","zip":"38004","phone":"922 27 87 62","website":"https:\/\/www.coftenerife.es\/","stateprovince":"Santa Cruz de Tenerife","json_ld":{"@type":"Place","name":"Sal\u00f3n de Actos del Colegio Oficial de Farmac\u00e9uticos de Santa Cruz de Tenerife","description":"","url":"https:\/\/www.ull.es\/portal\/agenda\/local\/salon-de-actos-del-colegio-oficial-de-farmaceuticos-de-santa-cruz-de-tenerife\/","address":{"@type":"PostalAddress","streetAddress":"Avenida 25 de julio, 24","addressLocality":"Santa Cruz de Tenerife","addressRegion":"Santa Cruz de Tenerife","postalCode":"38004","addressCountry":"Espa\u00f1a"},"telephone":"922 27 87 62","sameAs":"https:\/\/www.coftenerife.es\/"},"show_map":true,"show_map_link":true,"global_id":"www.ull.es\/portal\/agenda?id=25976","global_id_lineage":["www.ull.es\/portal\/agenda?id=25976"]},"organizer":[{"id":21840,"author":"65","status":"publish","date":"2021-11-15 13:58:21","date_utc":"2021-11-15 13:58:21","modified":"2022-07-26 10:14:27","modified_utc":"2022-07-26 10:14:27","url":"https:\/\/www.ull.es\/portal\/agenda\/organizador\/catedra-canaria-de-farmacia\/","organizer":"C\u00e1tedra Canaria de Farmacia. Colegio Oficial de Farmac\u00e9uticos de Santa Cruz de Tenerife","slug":"catedra-canaria-de-farmacia","website":"https:\/\/www.ull.es\/catedras\/catedra-canaria-farmacia\/","json_ld":{"@type":"Person","name":"C\u00e1tedra Canaria de Farmacia. Colegio Oficial de Farmac\u00e9uticos de Santa Cruz de Tenerife","description":"","url":"https:\/\/www.ull.es\/portal\/agenda\/organizador\/catedra-canaria-de-farmacia\/","telephone":"","email":"","sameAs":"https:\/\/www.ull.es\/catedras\/catedra-canaria-farmacia\/"},"global_id":"www.ull.es\/portal\/agenda?id=21840","global_id_lineage":["www.ull.es\/portal\/agenda?id=21840"]}],"json_ld":{"@context":"http:\/\/schema.org","@type":"Event","name":"Estrategias de comunicaci\u00f3n en el ejercicio profesional farmac\u00e9utico","description":"&lt;p&gt;La comunicaci\u00f3n del farmac\u00e9utico con los pacientes\/usuarios, con otros profesionales sanitarios, y con la sociedad en general, es crucial para establecer un c\u00edrculo de confianza que permita mejorar la prevenci\u00f3n y detecci\u00f3n prematura de las enfermedades. La evoluci\u00f3n de nuestra sociedad hace necesario que el profesional farmac\u00e9utico gestione desde la Oficina de Farmacia todas las...&lt;\/p&gt;\\n","image":"https:\/\/www.ull.es\/portal\/agenda\/wp-content\/uploads\/sites\/12\/2022\/07\/Curso-Estrategias-de-Comunicacion.png","url":"https:\/\/www.ull.es\/portal\/agenda\/evento\/estrategias-de-comunicacion-en-el-ejercicio-profesional-farmaceutico\/","startDate":"2022-10-26T16:00:00+00:00","endDate":"2022-10-26T20:00:00+00:00","location":{"@type":"Place","name":"Sal\u00f3n de Actos del Colegio Oficial de Farmac\u00e9uticos de Santa Cruz de Tenerife","description":"","url":"https:\/\/www.ull.es\/portal\/agenda\/local\/salon-de-actos-del-colegio-oficial-de-farmaceuticos-de-santa-cruz-de-tenerife\/","address":{"@type":"PostalAddress","streetAddress":"Avenida 25 de julio, 24","addressLocality":"Santa Cruz de Tenerife","addressRegion":"Santa Cruz de Tenerife","postalCode":"38004","addressCountry":"Espa\u00f1a"},"telephone":"922 27 87 62","sameAs":"https:\/\/www.coftenerife.es\/"},"organizer":{"@type":"Person","name":"C\u00e1tedra Canaria de Farmacia. Colegio Oficial de Farmac\u00e9uticos de Santa Cruz de Tenerife","description":"","url":"https:\/\/www.ull.es\/portal\/agenda\/organizador\/catedra-canaria-de-farmacia\/","telephone":"","email":"","sameAs":"https:\/\/www.ull.es\/catedras\/catedra-canaria-farmacia\/"}}}