{"id":27946,"global_id":"www.ull.es\/portal\/agenda?id=27946","global_id_lineage":["www.ull.es\/portal\/agenda?id=27946"],"author":"65","status":"publish","date":"2022-11-21 12:29:09","date_utc":"2022-11-21 12:29:09","modified":"2022-11-22 09:35:54","modified_utc":"2022-11-22 09:35:54","url":"https:\/\/www.ull.es\/portal\/agenda\/evento\/acto-institucional-del-dia-de-los-estudios-de-ingenieria-informatica\/","rest_url":"https:\/\/www.ull.es\/portal\/agenda\/wp-json\/tribe\/events\/v1\/events\/27946","title":"Acto Institucional del D\u00eda de los Estudios de Ingenier\u00eda Inform\u00e1tica","description":"<p dir=\"ltr\">El pr\u00f3ximo mi\u00e9rcoles\u00a0<b>d\u00eda 23 de noviembre a las 18:00 horas<\/b>, se celebrar\u00e1 el\u00a0<b>acto institucional\u00a0del D\u00eda de los Estudios de Ingenier\u00eda Inform\u00e1tica<\/b>, en el Aula Magna de las secciones de F\u00edsica y Matem\u00e1ticas, cuya festividad se celebra el pr\u00f3ximo 5 de Diciembre. Este a\u00f1o el acto se adelanta unos d\u00edas, para hacerlo coincidir con la celebraci\u00f3n del VIII Congreso de Estudiantes de Ingenier\u00eda Inform\u00e1tica, que se celebrar\u00e1 los d\u00edas 23, 24 y 25 de noviembre.<\/p>\n<p>En dicho acto se presentar\u00e1 la Memoria de Actividades as\u00ed como se entregar\u00e1n los Premios a los Mejores Expedientes del curso 2021-22 del Grado en Ingenier\u00eda Inform\u00e1tica, contando con la presencia de la Sra. Rectora y del Presidente del Colegio Profesional de Ingenieros T\u00e9cnicos en Inform\u00e1tica de Canarias.<\/p>\n<p>Por otra parte la Asociaci\u00f3n de Antiguos Alumnos y Amigos de la ULL, dentro de su actividad de mecenazgo, entregar\u00e1 una bandera identificativa de la Universidad de La Laguna a la Escuela Superior de Ingenier\u00eda y Tecnolog\u00eda para sus actos acad\u00e9micos.<\/p>\n<p>Finalmente contaremos con la presencia de profesor D. Francisco Almeida Rodr\u00edguez, quien impartir\u00e1 la conferencia titulada \u00abSupercomputadores: Ediciones de bolsillo\u00bb.<\/p>\n<p><a href=\"https:\/\/drive.google.com\/file\/d\/1ET28SnHEXQoFsUcuD-scjVdRxgdoPpVv\/view?usp=share_link\" target=\"_blank\" rel=\"noopener\" data-saferedirecturl=\"https:\/\/www.google.com\/url?q=https:\/\/drive.google.com\/file\/d\/1ET28SnHEXQoFsUcuD-scjVdRxgdoPpVv\/view?usp%3Dshare_link&amp;source=gmail&amp;ust=1669119968755000&amp;usg=AOvVaw1_H1HSVCIojbxBgE_y3I5T\" target=\"_blank\" rel=\"noopener\">Programa<\/a><\/p>\n<p>&nbsp;<\/p>","excerpt":"","slug":"acto-institucional-del-dia-de-los-estudios-de-ingenieria-informatica","image":{"url":"https:\/\/www.ull.es\/portal\/agenda\/wp-content\/uploads\/sites\/12\/2022\/11\/ACTO-INSTITUCIONAL-DEL-DI\u0301A-DE-LOS-ESTUDIOS-DE-INGENIERI\u0301A-INFORMA\u0301TICA_Banner-evento.png","id":27967,"extension":"png","width":700,"height":350,"filesize":102448,"sizes":{"medium":{"width":300,"height":150,"mime-type":"image\/png","filesize":31235,"url":"https:\/\/www.ull.es\/portal\/agenda\/wp-content\/uploads\/sites\/12\/2022\/11\/ACTO-INSTITUCIONAL-DEL-DI\u0301A-DE-LOS-ESTUDIOS-DE-INGENIERI\u0301A-INFORMA\u0301TICA_Banner-evento-300x150.png"},"thumbnail":{"width":150,"height":150,"mime-type":"image\/png","filesize":9101,"url":"https:\/\/www.ull.es\/portal\/agenda\/wp-content\/uploads\/sites\/12\/2022\/11\/ACTO-INSTITUCIONAL-DEL-DI\u0301A-DE-LOS-ESTUDIOS-DE-INGENIERI\u0301A-INFORMA\u0301TICA_Banner-evento-150x150.png"},"mug-shot":{"width":150,"height":250,"mime-type":"image\/png","filesize":10617,"url":"https:\/\/www.ull.es\/portal\/agenda\/wp-content\/uploads\/sites\/12\/2022\/11\/ACTO-INSTITUCIONAL-DEL-DI\u0301A-DE-LOS-ESTUDIOS-DE-INGENIERI\u0301A-INFORMA\u0301TICA_Banner-evento-150x250.png"},"sidebar":{"width":375,"height":188,"mime-type":"image\/png","filesize":46752,"url":"https:\/\/www.ull.es\/portal\/agenda\/wp-content\/uploads\/sites\/12\/2022\/11\/ACTO-INSTITUCIONAL-DEL-DI\u0301A-DE-LOS-ESTUDIOS-DE-INGENIERI\u0301A-INFORMA\u0301TICA_Banner-evento-375x188.png"},"half":{"width":375,"height":188,"mime-type":"image\/png","filesize":46752,"url":"https:\/\/www.ull.es\/portal\/agenda\/wp-content\/uploads\/sites\/12\/2022\/11\/ACTO-INSTITUCIONAL-DEL-DI\u0301A-DE-LOS-ESTUDIOS-DE-INGENIERI\u0301A-INFORMA\u0301TICA_Banner-evento-375x188.png"},"thimble":{"width":50,"height":50,"mime-type":"image\/png","filesize":1782,"url":"https:\/\/www.ull.es\/portal\/agenda\/wp-content\/uploads\/sites\/12\/2022\/11\/ACTO-INSTITUCIONAL-DEL-DI\u0301A-DE-LOS-ESTUDIOS-DE-INGENIERI\u0301A-INFORMA\u0301TICA_Banner-evento-50x50.png"},"thumbnail-large":{"width":300,"height":300,"mime-type":"image\/png","filesize":22962,"url":"https:\/\/www.ull.es\/portal\/agenda\/wp-content\/uploads\/sites\/12\/2022\/11\/ACTO-INSTITUCIONAL-DEL-DI\u0301A-DE-LOS-ESTUDIOS-DE-INGENIERI\u0301A-INFORMA\u0301TICA_Banner-evento-300x300.png"},"rss":{"width":108,"height":81,"mime-type":"image\/png","filesize":5243,"url":"https:\/\/www.ull.es\/portal\/agenda\/wp-content\/uploads\/sites\/12\/2022\/11\/ACTO-INSTITUCIONAL-DEL-DI\u0301A-DE-LOS-ESTUDIOS-DE-INGENIERI\u0301A-INFORMA\u0301TICA_Banner-evento-108x81.png"}}},"all_day":false,"start_date":"2022-11-23 18:00:00","start_date_details":{"year":"2022","month":"11","day":"23","hour":"18","minutes":"00","seconds":"00"},"end_date":"2022-11-23 20:00:00","end_date_details":{"year":"2022","month":"11","day":"23","hour":"20","minutes":"00","seconds":"00"},"utc_start_date":"2022-11-23 18:00:00","utc_start_date_details":{"year":"2022","month":"11","day":"23","hour":"18","minutes":"00","seconds":"00"},"utc_end_date":"2022-11-23 20:00:00","utc_end_date_details":{"year":"2022","month":"11","day":"23","hour":"20","minutes":"00","seconds":"00"},"timezone":"UTC+0","timezone_abbr":"UTC+0","cost":"","cost_details":{"currency_symbol":"","currency_position":"prefix","values":[]},"website":"","show_map":false,"show_map_link":false,"hide_from_listings":false,"sticky":false,"featured":false,"categories":[{"name":"Destacado ULL","slug":"destacado-ull","term_group":0,"term_taxonomy_id":4,"taxonomy":"tribe_events_cat","description":"","parent":0,"count":4572,"filter":"raw","id":4,"urls":{"self":"https:\/\/www.ull.es\/portal\/agenda\/wp-json\/tribe\/events\/v1\/categories\/4","collection":"https:\/\/www.ull.es\/portal\/agenda\/wp-json\/tribe\/events\/v1\/categories"}},{"name":"Escuela Superior de Ingenier\u00eda y Tecnolog\u00eda","slug":"escuela-superior-de-ingenieria-y-tecnologia","term_group":0,"term_taxonomy_id":789,"taxonomy":"tribe_events_cat","description":"","parent":788,"count":158,"filter":"raw","id":789,"urls":{"self":"https:\/\/www.ull.es\/portal\/agenda\/wp-json\/tribe\/events\/v1\/categories\/789","collection":"https:\/\/www.ull.es\/portal\/agenda\/wp-json\/tribe\/events\/v1\/categories","up":"https:\/\/www.ull.es\/portal\/agenda\/wp-json\/tribe\/events\/v1\/categories\/788"}},{"name":"Portada ULL","slug":"portada-ull","term_group":0,"term_taxonomy_id":191,"taxonomy":"tribe_events_cat","description":"","parent":0,"count":2104,"filter":"raw","id":191,"urls":{"self":"https:\/\/www.ull.es\/portal\/agenda\/wp-json\/tribe\/events\/v1\/categories\/191","collection":"https:\/\/www.ull.es\/portal\/agenda\/wp-json\/tribe\/events\/v1\/categories"}}],"tags":[],"venue":{"id":2846,"author":"21","status":"publish","date":"2017-09-28 06:19:17","date_utc":"2017-09-28 06:19:17","modified":"2017-09-28 06:19:17","modified_utc":"2017-09-28 06:19:17","url":"https:\/\/www.ull.es\/portal\/agenda\/local\/aula-magna-seccion-de-fisica-y-matematicas\/","venue":"Aula Magna Secci\u00f3n de F\u00edsica y Matem\u00e1ticas","slug":"aula-magna-seccion-de-fisica-y-matematicas","json_ld":{"@type":"Place","name":"Aula Magna Secci\u00f3n de F\u00edsica y Matem\u00e1ticas","description":"","url":"https:\/\/www.ull.es\/portal\/agenda\/local\/aula-magna-seccion-de-fisica-y-matematicas\/","address":{"@type":"PostalAddress"},"telephone":"","sameAs":""},"show_map":true,"show_map_link":true,"global_id":"www.ull.es\/portal\/agenda?id=2846","global_id_lineage":["www.ull.es\/portal\/agenda?id=2846"]},"organizer":[{"id":21855,"author":"65","status":"publish","date":"2021-11-16 08:41:30","date_utc":"2021-11-16 08:41:30","modified":"2021-11-16 08:42:57","modified_utc":"2021-11-16 08:42:57","url":"https:\/\/www.ull.es\/portal\/agenda\/organizador\/escuela-superior-de-ingenieria-y-tecnologia-2\/","organizer":"Escuela Superior de Ingenier\u00eda y Tecnolog\u00eda","slug":"escuela-superior-de-ingenieria-y-tecnologia-2","website":"https:\/\/www.ull.es\/centros\/escuela-superior-de-ingenieria-y-tecnologia\/","json_ld":{"@type":"Person","name":"Escuela Superior de Ingenier\u00eda y Tecnolog\u00eda","description":"","url":"https:\/\/www.ull.es\/portal\/agenda\/organizador\/escuela-superior-de-ingenieria-y-tecnologia-2\/","telephone":"","email":"","sameAs":"https:\/\/www.ull.es\/centros\/escuela-superior-de-ingenieria-y-tecnologia\/"},"global_id":"www.ull.es\/portal\/agenda?id=21855","global_id_lineage":["www.ull.es\/portal\/agenda?id=21855"]}],"json_ld":{"@context":"http:\/\/schema.org","@type":"Event","name":"Acto Institucional del D\u00eda de los Estudios de Ingenier\u00eda Inform\u00e1tica","description":"&lt;p&gt;El pr\u00f3ximo mi\u00e9rcoles\u00a0d\u00eda 23 de noviembre a las 18:00 horas, se celebrar\u00e1 el\u00a0acto institucional\u00a0del D\u00eda de los Estudios de Ingenier\u00eda Inform\u00e1tica, en el Aula Magna de las secciones de F\u00edsica y Matem\u00e1ticas, cuya festividad se celebra el pr\u00f3ximo 5 de Diciembre. Este a\u00f1o el acto se adelanta unos d\u00edas, para hacerlo coincidir con la celebraci\u00f3n...&lt;\/p&gt;\\n","image":"https:\/\/www.ull.es\/portal\/agenda\/wp-content\/uploads\/sites\/12\/2022\/11\/ACTO-INSTITUCIONAL-DEL-DI\u0301A-DE-LOS-ESTUDIOS-DE-INGENIERI\u0301A-INFORMA\u0301TICA_Banner-evento.png","url":"https:\/\/www.ull.es\/portal\/agenda\/evento\/acto-institucional-del-dia-de-los-estudios-de-ingenieria-informatica\/","startDate":"2022-11-23T18:00:00+00:00","endDate":"2022-11-23T20:00:00+00:00","location":{"@type":"Place","name":"Aula Magna Secci\u00f3n de F\u00edsica y Matem\u00e1ticas","description":"","url":"https:\/\/www.ull.es\/portal\/agenda\/local\/aula-magna-seccion-de-fisica-y-matematicas\/","address":{"@type":"PostalAddress"},"telephone":"","sameAs":""},"organizer":{"@type":"Person","name":"Escuela Superior de Ingenier\u00eda y Tecnolog\u00eda","description":"","url":"https:\/\/www.ull.es\/portal\/agenda\/organizador\/escuela-superior-de-ingenieria-y-tecnologia-2\/","telephone":"","email":"","sameAs":"https:\/\/www.ull.es\/centros\/escuela-superior-de-ingenieria-y-tecnologia\/"}}}