{"id":28048,"global_id":"www.ull.es\/portal\/agenda?id=28048","global_id_lineage":["www.ull.es\/portal\/agenda?id=28048"],"author":"65","status":"publish","date":"2022-11-25 09:30:37","date_utc":"2022-11-25 09:30:37","modified":"2022-11-25 11:15:37","modified_utc":"2022-11-25 11:15:37","url":"https:\/\/www.ull.es\/portal\/agenda\/evento\/iii-jornadas-sobre-salud-y-vih\/","rest_url":"https:\/\/www.ull.es\/portal\/agenda\/wp-json\/tribe\/events\/v1\/events\/28048","title":"III Jornadas sobre Salud y VIH","description":"<p>Las III Jornadas de Salud y VIH pretenden ser un espacio para profundizar sobre aspectos relacionados con la salud integral, como es la sexualidad, la realidad espec\u00edfica que viven las personas con VIH, la atenci\u00f3n sanitaria a personas trans o la prevenci\u00f3n de las infecciones de transmisi\u00f3n sexual.<\/p>\n<p>As\u00ed, durante las diferentes sesiones, tendremos oportunidad de contar con Natalia Rubio, psic\u00f3loga y presidenta de la Asociaci\u00f3n Estatal Sexualidad y Discapacidad; Alfredo Pazmi\u00f1o, Nahum Cabrera y Bel\u00e9n Lamuedra, activistas VIH visibles; Mar\u00eda Elisa y Javier Castro, profesores de la Escuela Universitaria de Enfermer\u00eda Nuestra Se\u00f1ora de Candelaria.<\/p>\n<p><a href=\"https:\/\/drive.google.com\/file\/d\/1RjCJ_33T3BhMLF1G1Jgg7yUWeB_h6CL-\/view?usp=share_link\" target=\"_blank\" rel=\"noopener\" target=\"_blank\" rel=\"noopener\">Programa<\/a><\/p>\n<p><a href=\"https:\/\/docs.google.com\/forms\/d\/1BTbFI1ygMzotQDqA3hn8Vs3xrtwPgACmJ71ReV3wbVA\/viewform?edit_requested=true#responses\" target=\"_blank\" rel=\"noopener\" target=\"_blank\" rel=\"noopener\">Inscripci\u00f3n<\/a><\/p>","excerpt":"","slug":"iii-jornadas-sobre-salud-y-vih","image":{"url":"https:\/\/www.ull.es\/portal\/agenda\/wp-content\/uploads\/sites\/12\/2022\/11\/Pantalla-ULL-e1669368325475.jpg","id":28049,"extension":"jpg","width":700,"height":394,"filesize":31787,"sizes":{"medium":{"width":300,"height":169,"mime-type":"image\/jpeg","filesize":8129,"url":"https:\/\/www.ull.es\/portal\/agenda\/wp-content\/uploads\/sites\/12\/2022\/11\/Pantalla-ULL-e1669368325475-300x169.jpg"},"large":{"width":1024,"height":576,"mime-type":"image\/jpeg","filesize":60280,"url":"https:\/\/www.ull.es\/portal\/agenda\/wp-content\/uploads\/sites\/12\/2022\/11\/Pantalla-ULL-1024x576.jpg"},"thumbnail":{"width":150,"height":150,"mime-type":"image\/jpeg","filesize":4606,"url":"https:\/\/www.ull.es\/portal\/agenda\/wp-content\/uploads\/sites\/12\/2022\/11\/Pantalla-ULL-e1669368325475-150x150.jpg"},"medium_large":{"width":768,"height":432,"mime-type":"image\/jpeg","filesize":36918,"url":"https:\/\/www.ull.es\/portal\/agenda\/wp-content\/uploads\/sites\/12\/2022\/11\/Pantalla-ULL-768x432.jpg"},"1536x1536":{"width":1536,"height":864,"mime-type":"image\/jpeg","filesize":121374,"url":"https:\/\/www.ull.es\/portal\/agenda\/wp-content\/uploads\/sites\/12\/2022\/11\/Pantalla-ULL-1536x864.jpg"},"mug-shot":{"width":150,"height":250,"mime-type":"image\/jpeg","filesize":6149,"url":"https:\/\/www.ull.es\/portal\/agenda\/wp-content\/uploads\/sites\/12\/2022\/11\/Pantalla-ULL-e1669368325475-150x250.jpg"},"sidebar":{"width":375,"height":211,"mime-type":"image\/jpeg","filesize":11379,"url":"https:\/\/www.ull.es\/portal\/agenda\/wp-content\/uploads\/sites\/12\/2022\/11\/Pantalla-ULL-e1669368325475-375x211.jpg"},"half":{"width":375,"height":211,"mime-type":"image\/jpeg","filesize":11379,"url":"https:\/\/www.ull.es\/portal\/agenda\/wp-content\/uploads\/sites\/12\/2022\/11\/Pantalla-ULL-e1669368325475-375x211.jpg"},"full-content":{"width":750,"height":422,"mime-type":"image\/jpeg","filesize":35489,"url":"https:\/\/www.ull.es\/portal\/agenda\/wp-content\/uploads\/sites\/12\/2022\/11\/Pantalla-ULL-750x422.jpg"},"page":{"width":1140,"height":641,"mime-type":"image\/jpeg","filesize":73507,"url":"https:\/\/www.ull.es\/portal\/agenda\/wp-content\/uploads\/sites\/12\/2022\/11\/Pantalla-ULL-1140x641.jpg"},"thimble":{"width":50,"height":50,"mime-type":"image\/jpeg","filesize":1128,"url":"https:\/\/www.ull.es\/portal\/agenda\/wp-content\/uploads\/sites\/12\/2022\/11\/Pantalla-ULL-e1669368325475-50x50.jpg"},"thumbnail-large":{"width":300,"height":300,"mime-type":"image\/jpeg","filesize":13414,"url":"https:\/\/www.ull.es\/portal\/agenda\/wp-content\/uploads\/sites\/12\/2022\/11\/Pantalla-ULL-e1669368325475-300x300.jpg"},"rss":{"width":108,"height":81,"mime-type":"image\/jpeg","filesize":2407,"url":"https:\/\/www.ull.es\/portal\/agenda\/wp-content\/uploads\/sites\/12\/2022\/11\/Pantalla-ULL-e1669368325475-108x81.jpg"}}},"all_day":false,"start_date":"2022-11-30 09:00:00","start_date_details":{"year":"2022","month":"11","day":"30","hour":"09","minutes":"00","seconds":"00"},"end_date":"2022-11-30 14:00:00","end_date_details":{"year":"2022","month":"11","day":"30","hour":"14","minutes":"00","seconds":"00"},"utc_start_date":"2022-11-30 09:00:00","utc_start_date_details":{"year":"2022","month":"11","day":"30","hour":"09","minutes":"00","seconds":"00"},"utc_end_date":"2022-11-30 14:00:00","utc_end_date_details":{"year":"2022","month":"11","day":"30","hour":"14","minutes":"00","seconds":"00"},"timezone":"UTC+0","timezone_abbr":"UTC+0","cost":"","cost_details":{"currency_symbol":"","currency_position":"prefix","values":[]},"website":"","show_map":false,"show_map_link":false,"hide_from_listings":false,"sticky":false,"featured":false,"categories":[{"name":"Destacado ULL","slug":"destacado-ull","term_group":0,"term_taxonomy_id":4,"taxonomy":"tribe_events_cat","description":"","parent":0,"count":4578,"filter":"raw","id":4,"urls":{"self":"https:\/\/www.ull.es\/portal\/agenda\/wp-json\/tribe\/events\/v1\/categories\/4","collection":"https:\/\/www.ull.es\/portal\/agenda\/wp-json\/tribe\/events\/v1\/categories"}},{"name":"Facultad de Psicolog\u00eda y Logopedia","slug":"facultad-de-psicologia-y-logopedia","term_group":0,"term_taxonomy_id":1831,"taxonomy":"tribe_events_cat","description":"","parent":788,"count":167,"filter":"raw","id":1831,"urls":{"self":"https:\/\/www.ull.es\/portal\/agenda\/wp-json\/tribe\/events\/v1\/categories\/1831","collection":"https:\/\/www.ull.es\/portal\/agenda\/wp-json\/tribe\/events\/v1\/categories","up":"https:\/\/www.ull.es\/portal\/agenda\/wp-json\/tribe\/events\/v1\/categories\/788"}},{"name":"Perfil Estudiante","slug":"perfil-estudiante","term_group":0,"term_taxonomy_id":186,"taxonomy":"tribe_events_cat","description":"","parent":185,"count":2753,"filter":"raw","id":186,"urls":{"self":"https:\/\/www.ull.es\/portal\/agenda\/wp-json\/tribe\/events\/v1\/categories\/186","collection":"https:\/\/www.ull.es\/portal\/agenda\/wp-json\/tribe\/events\/v1\/categories","up":"https:\/\/www.ull.es\/portal\/agenda\/wp-json\/tribe\/events\/v1\/categories\/185"}},{"name":"Portada ULL","slug":"portada-ull","term_group":0,"term_taxonomy_id":191,"taxonomy":"tribe_events_cat","description":"","parent":0,"count":2106,"filter":"raw","id":191,"urls":{"self":"https:\/\/www.ull.es\/portal\/agenda\/wp-json\/tribe\/events\/v1\/categories\/191","collection":"https:\/\/www.ull.es\/portal\/agenda\/wp-json\/tribe\/events\/v1\/categories"}}],"tags":[],"venue":{"id":10953,"author":"51","status":"publish","date":"2019-02-22 20:38:10","date_utc":"2019-02-22 20:38:10","modified":"2020-01-27 13:08:52","modified_utc":"2020-01-27 13:08:52","url":"https:\/\/www.ull.es\/portal\/agenda\/local\/facultad-de-psicologia-y-logopedia\/","venue":"Facultad de Psicolog\u00eda y Logopedia","slug":"facultad-de-psicologia-y-logopedia","address":"C\/ Profesor Jos\u00e9 Luis Moreno Becerra s\/n. Campus de Guajara. Apartado 456","city":"San Crist\u00f3bal de La Laguna","country":"Espa\u00f1a","province":"Santa Cruz de Tenerife","zip":"38200","phone":"922 31 74 60","stateprovince":"Santa Cruz de Tenerife","json_ld":{"@type":"Place","name":"Facultad de Psicolog\u00eda y Logopedia","description":"","url":"https:\/\/www.ull.es\/portal\/agenda\/local\/facultad-de-psicologia-y-logopedia\/","address":{"@type":"PostalAddress","streetAddress":"C\/ Profesor Jos\u00e9 Luis Moreno Becerra s\/n. Campus de Guajara. Apartado 456","addressLocality":"San Crist\u00f3bal de La Laguna","addressRegion":"Santa Cruz de Tenerife","postalCode":"38200","addressCountry":"Espa\u00f1a"},"telephone":"922 31 74 60","sameAs":""},"show_map":false,"show_map_link":true,"global_id":"www.ull.es\/portal\/agenda?id=10953","global_id_lineage":["www.ull.es\/portal\/agenda?id=10953"]},"organizer":[{"id":174,"author":"1","status":"publish","date":"2017-01-19 11:58:52","date_utc":"2017-01-19 11:58:52","modified":"2024-01-30 08:31:21","modified_utc":"2024-01-30 08:31:21","url":"https:\/\/www.ull.es\/portal\/agenda\/organizador\/vicerrectorado-de-estudiantes\/","organizer":"Vicerrectorado de Estudiantes","slug":"vicerrectorado-de-estudiantes","phone":"(+34) 922 31 96 00","website":"https:\/\/www.ull.es\/la-universidad\/equipo-gobierno\/vicerrectorado-de-estudiantes\/","email":"vicerrectorado.estudiantes@ull.es","json_ld":{"@type":"Person","name":"Vicerrectorado de Estudiantes","description":"","url":"https:\/\/www.ull.es\/portal\/agenda\/organizador\/vicerrectorado-de-estudiantes\/","telephone":"(+34) 922 31 96 00","email":"&#118;&#105;&#99;er&#114;&#101;ct&#111;&#114;&#97;&#100;o.&#101;s&#116;udi&#97;ntes&#64;&#117;l&#108;&#46;es","sameAs":"https:\/\/www.ull.es\/la-universidad\/equipo-gobierno\/vicerrectorado-de-estudiantes\/"},"global_id":"www.ull.es\/portal\/agenda?id=174","global_id_lineage":["www.ull.es\/portal\/agenda?id=174"]},{"id":4329,"author":"21","status":"publish","date":"2017-11-29 11:02:58","date_utc":"2017-11-29 11:02:58","modified":"2017-11-29 11:02:58","modified_utc":"2017-11-29 11:02:58","url":"https:\/\/www.ull.es\/portal\/agenda\/organizador\/servicio-canario-de-salud\/","organizer":"Servicio Canario de Salud","slug":"servicio-canario-de-salud","json_ld":{"@type":"Person","name":"Servicio Canario de Salud","description":"","url":"https:\/\/www.ull.es\/portal\/agenda\/organizador\/servicio-canario-de-salud\/","telephone":"","email":"","sameAs":""},"global_id":"www.ull.es\/portal\/agenda?id=4329","global_id_lineage":["www.ull.es\/portal\/agenda?id=4329"]},{"id":28051,"author":"65","status":"publish","date":"2022-11-25 09:30:38","date_utc":"2022-11-25 09:30:38","modified":"2022-11-25 09:30:38","modified_utc":"2022-11-25 09:30:38","url":"https:\/\/www.ull.es\/portal\/agenda\/organizador\/asociacion-lgbti-diversas\/","organizer":"Asociaci\u00f3n LGBTI* Diversas","slug":"asociacion-lgbti-diversas","phone":"623 42 43 48","website":"https:\/\/diversascanarias.com\/","email":"diversas@felgtb.org","json_ld":{"@type":"Person","name":"Asociaci\u00f3n LGBTI* Diversas","description":"","url":"https:\/\/www.ull.es\/portal\/agenda\/organizador\/asociacion-lgbti-diversas\/","telephone":"623 42 43 48","email":"d&#105;&#118;e&#114;&#115;a&#115;&#64;&#102;e&#108;&#103;&#116;&#98;.&#111;&#114;&#103;","sameAs":"https:\/\/diversascanarias.com\/"},"global_id":"www.ull.es\/portal\/agenda?id=28051","global_id_lineage":["www.ull.es\/portal\/agenda?id=28051"]}],"json_ld":{"@context":"http:\/\/schema.org","@type":"Event","name":"III Jornadas sobre Salud y VIH","description":"&lt;p&gt;Las III Jornadas de Salud y VIH pretenden ser un espacio para profundizar sobre aspectos relacionados con la salud integral, como es la sexualidad, la realidad espec\u00edfica que viven las personas con VIH, la atenci\u00f3n sanitaria a personas trans o la prevenci\u00f3n de las infecciones de transmisi\u00f3n sexual. As\u00ed, durante las diferentes sesiones, tendremos oportunidad...&lt;\/p&gt;\\n","image":"https:\/\/www.ull.es\/portal\/agenda\/wp-content\/uploads\/sites\/12\/2022\/11\/Pantalla-ULL-e1669368325475.jpg","url":"https:\/\/www.ull.es\/portal\/agenda\/evento\/iii-jornadas-sobre-salud-y-vih\/","startDate":"2022-11-30T09:00:00+00:00","endDate":"2022-11-30T14:00:00+00:00","location":{"@type":"Place","name":"Facultad de Psicolog\u00eda y Logopedia","description":"","url":"https:\/\/www.ull.es\/portal\/agenda\/local\/facultad-de-psicologia-y-logopedia\/","address":{"@type":"PostalAddress","streetAddress":"C\/ Profesor Jos\u00e9 Luis Moreno Becerra s\/n. Campus de Guajara. Apartado 456","addressLocality":"San Crist\u00f3bal de La Laguna","addressRegion":"Santa Cruz de Tenerife","postalCode":"38200","addressCountry":"Espa\u00f1a"},"telephone":"922 31 74 60","sameAs":""},"organizer":{"@type":"Person","name":"Vicerrectorado de Estudiantes","description":"","url":"https:\/\/www.ull.es\/portal\/agenda\/organizador\/vicerrectorado-de-estudiantes\/","telephone":"(+34) 922 31 96 00","email":"&#118;&#105;c&#101;rr&#101;&#99;&#116;o&#114;&#97;&#100;o.estu&#100;&#105;a&#110;&#116;&#101;s&#64;&#117;&#108;l.&#101;&#115;","sameAs":"https:\/\/www.ull.es\/la-universidad\/equipo-gobierno\/vicerrectorado-de-estudiantes\/"}}}