{"id":28777,"global_id":"www.ull.es\/portal\/agenda?id=28777","global_id_lineage":["www.ull.es\/portal\/agenda?id=28777"],"author":"65","status":"publish","date":"2023-02-06 14:05:09","date_utc":"2023-02-06 14:05:09","modified":"2023-06-20 07:45:35","modified_utc":"2023-06-20 07:45:35","url":"https:\/\/www.ull.es\/portal\/agenda\/evento\/xxx-jornadas-internacionales-universitarias-de-tecnologia-educativa-2\/","rest_url":"https:\/\/www.ull.es\/portal\/agenda\/wp-json\/tribe\/events\/v1\/events\/28777","title":"XXX Jornadas Internacionales Universitarias de Tecnolog\u00eda Educativa","description":"<p>Las XXX Jornadas Internacionales Universitarias de Tecnolog\u00eda Educativa (JUTE23 Tenerife), se llevar\u00e1n a cabo en un evento h\u00edbrido en la Facultad de Educaci\u00f3n, entre el 22 y 23 de junio. Cuenta con un programa que abarca diferentes ponencias y mesas redondas con autoridades relevantes, tanto del \u00e1mbito nacional como internacional, en las que debatir\u00e1n sobre diversos retos que se plantean en torno a la docencia e investigaci\u00f3n en tecnolog\u00eda educativa.<\/p>\n<p>La primera mesa se centrar\u00e1 en los \u00faltimos 30 a\u00f1os de investigaci\u00f3n en tecnolog\u00eda educativa, contando con referentes relevantes en este \u00e1mbito,<br \/>\ncomo Julio Cabero (Catedr\u00e1tico de Did\u00e1ctica y organizaci\u00f3n escolar de la universidad de sevilla), Francisco Garc\u00eda Pe\u00f1alvo (Catedr\u00e1tico de Inform\u00e1tica y Autom\u00e1tica en la Universidad de Salamanca), Juana Sancho (Catedr\u00e1tica em\u00e9rita de Tecnolog\u00edas Educativas del Departamento de Did\u00e1ctica y Organizaci\u00f3n Educativa de la Universidad de Barcelona) y Carina Gonz\u00e1lez (Catedr\u00e1tica de Arquitectura y Tecnolog\u00eda de Computadores en la Universidad de La Laguna)<\/p>\n<p>La segunda mesa, que tendr\u00e1 lugar en el segundo d\u00edas de las jornadas, se centrar\u00e1 en la docencia con tecnolog\u00eda educativa en los planes de estudio<br \/>\nde educaci\u00f3n, contando as\u00ed con Jes\u00fas Salinas (Catedr\u00e1tico de Tecnolog\u00eda Educativa en la Universidad de las Islas Baleares), Mar\u00eda Paz Prendes (Catedr\u00e1tica de Tecnolog\u00eda Educativa en la Universidad de Murcia), Cristina Alonso (Profesora Titular de Tecnolog\u00eda Educativa en la Universidad de Barcelona) y Jes\u00fas Valverde (Profesor Titular y Director del Campus Virtual de la Universidad de Extremadura).<\/p>\n<p>La tercera y \u00faltima mesa redonda se destinar\u00e1 a abordar la tem\u00e1tica de la investigaci\u00f3n y docencia con tecnolog\u00eda educativa en el \u00e1mbito iberoamericano, contando con la compa\u00f1\u00eda de referentes como Mariana Maggio (Directora de la Maestr\u00eda en Tecnolog\u00eda Educativa de la Universidad de Buenos Aires), Magdalena Claro (profesora de la facultad de Educaci\u00f3n en la Pontificia Universidad Cat\u00f3lica de Chile), Fernando Albuquerque (Profesor de Tecnolog\u00eda Educativa en la Universidad de Lisboa), Juan de Pablos (Catedr\u00e1tico de Did\u00e1ctica y Organizaci\u00f3n Escolar en la Universidad de Sevilla), y Mar\u00eda Soledad Ram\u00edrez Montoya (Profesora del Institute for the Future in Education del Tecnol\u00f3gico de Monterrey, M\u00e9xico).<\/p>\n<p><a href=\"https:\/\/bit.ly\/ProgramaDigitalJUTE23Tenerife\" target=\"_blank\" rel=\"noopener\" target=\"_blank\" rel=\"noopener\">Programa<\/a><\/p>\n<p>Para m\u00e1s informaci\u00f3n, pulse este <a href=\"https:\/\/jute2023.webs.ull.es\/\" target=\"_blank\" rel=\"noopener\" target=\"_blank\" rel=\"noopener\">enlace.\u00a0<\/a><\/p>","excerpt":"","slug":"xxx-jornadas-internacionales-universitarias-de-tecnologia-educativa-2","image":{"url":"https:\/\/www.ull.es\/portal\/agenda\/wp-content\/uploads\/sites\/12\/2023\/02\/XXX-JJ-Internacionales-Universitarias-de-Tecnologia-Educativa_Banner-evento.png","id":28845,"extension":"png","width":750,"height":370,"filesize":120822,"sizes":{"medium":{"width":300,"height":148,"mime-type":"image\/png","filesize":36450,"url":"https:\/\/www.ull.es\/portal\/agenda\/wp-content\/uploads\/sites\/12\/2023\/02\/XXX-JJ-Internacionales-Universitarias-de-Tecnologia-Educativa_Banner-evento-300x148.png"},"thumbnail":{"width":150,"height":150,"mime-type":"image\/png","filesize":17431,"url":"https:\/\/www.ull.es\/portal\/agenda\/wp-content\/uploads\/sites\/12\/2023\/02\/XXX-JJ-Internacionales-Universitarias-de-Tecnologia-Educativa_Banner-evento-150x150.png"},"mug-shot":{"width":150,"height":250,"mime-type":"image\/png","filesize":19182,"url":"https:\/\/www.ull.es\/portal\/agenda\/wp-content\/uploads\/sites\/12\/2023\/02\/XXX-JJ-Internacionales-Universitarias-de-Tecnologia-Educativa_Banner-evento-150x250.png"},"sidebar":{"width":375,"height":185,"mime-type":"image\/png","filesize":52135,"url":"https:\/\/www.ull.es\/portal\/agenda\/wp-content\/uploads\/sites\/12\/2023\/02\/XXX-JJ-Internacionales-Universitarias-de-Tecnologia-Educativa_Banner-evento-375x185.png"},"half":{"width":375,"height":185,"mime-type":"image\/png","filesize":52135,"url":"https:\/\/www.ull.es\/portal\/agenda\/wp-content\/uploads\/sites\/12\/2023\/02\/XXX-JJ-Internacionales-Universitarias-de-Tecnologia-Educativa_Banner-evento-375x185.png"},"thimble":{"width":50,"height":50,"mime-type":"image\/png","filesize":3235,"url":"https:\/\/www.ull.es\/portal\/agenda\/wp-content\/uploads\/sites\/12\/2023\/02\/XXX-JJ-Internacionales-Universitarias-de-Tecnologia-Educativa_Banner-evento-50x50.png"},"thumbnail-large":{"width":300,"height":300,"mime-type":"image\/png","filesize":50179,"url":"https:\/\/www.ull.es\/portal\/agenda\/wp-content\/uploads\/sites\/12\/2023\/02\/XXX-JJ-Internacionales-Universitarias-de-Tecnologia-Educativa_Banner-evento-300x300.png"},"rss":{"width":108,"height":81,"mime-type":"image\/png","filesize":9228,"url":"https:\/\/www.ull.es\/portal\/agenda\/wp-content\/uploads\/sites\/12\/2023\/02\/XXX-JJ-Internacionales-Universitarias-de-Tecnologia-Educativa_Banner-evento-108x81.png"}}},"all_day":true,"start_date":"2023-06-22 00:00:00","start_date_details":{"year":"2023","month":"06","day":"22","hour":"00","minutes":"00","seconds":"00"},"end_date":"2023-06-23 23:59:59","end_date_details":{"year":"2023","month":"06","day":"23","hour":"23","minutes":"59","seconds":"59"},"utc_start_date":"2023-06-22 00:00:00","utc_start_date_details":{"year":"2023","month":"06","day":"22","hour":"00","minutes":"00","seconds":"00"},"utc_end_date":"2023-06-23 23:59:59","utc_end_date_details":{"year":"2023","month":"06","day":"23","hour":"23","minutes":"59","seconds":"59"},"timezone":"UTC+0","timezone_abbr":"UTC+0","cost":"","cost_details":{"currency_symbol":"","currency_position":"prefix","values":[]},"website":"","show_map":false,"show_map_link":false,"hide_from_listings":false,"sticky":false,"featured":false,"categories":[{"name":"Destacado ULL","slug":"destacado-ull","term_group":0,"term_taxonomy_id":4,"taxonomy":"tribe_events_cat","description":"","parent":0,"count":4578,"filter":"raw","id":4,"urls":{"self":"https:\/\/www.ull.es\/portal\/agenda\/wp-json\/tribe\/events\/v1\/categories\/4","collection":"https:\/\/www.ull.es\/portal\/agenda\/wp-json\/tribe\/events\/v1\/categories"}},{"name":"Did\u00e1ctica e Investigaci\u00f3n Educativa","slug":"didactica-e-investigacion-educativa","term_group":0,"term_taxonomy_id":367,"taxonomy":"tribe_events_cat","description":"","parent":346,"count":4,"filter":"raw","id":367,"urls":{"self":"https:\/\/www.ull.es\/portal\/agenda\/wp-json\/tribe\/events\/v1\/categories\/367","collection":"https:\/\/www.ull.es\/portal\/agenda\/wp-json\/tribe\/events\/v1\/categories","up":"https:\/\/www.ull.es\/portal\/agenda\/wp-json\/tribe\/events\/v1\/categories\/346"}},{"name":"Educaci\u00f3n y Tecnolog\u00edas de la Informaci\u00f3n y Comunicaci\u00f3n","slug":"educacion-tecnologias-informacion-comunicacion","term_group":0,"term_taxonomy_id":4667,"taxonomy":"tribe_events_cat","description":"","parent":4644,"count":8,"filter":"raw","id":4667,"urls":{"self":"https:\/\/www.ull.es\/portal\/agenda\/wp-json\/tribe\/events\/v1\/categories\/4667","collection":"https:\/\/www.ull.es\/portal\/agenda\/wp-json\/tribe\/events\/v1\/categories","up":"https:\/\/www.ull.es\/portal\/agenda\/wp-json\/tribe\/events\/v1\/categories\/4644"}},{"name":"Facultad de Educaci\u00f3n","slug":"facultad-educacion","term_group":0,"term_taxonomy_id":815,"taxonomy":"tribe_events_cat","description":"","parent":788,"count":187,"filter":"raw","id":815,"urls":{"self":"https:\/\/www.ull.es\/portal\/agenda\/wp-json\/tribe\/events\/v1\/categories\/815","collection":"https:\/\/www.ull.es\/portal\/agenda\/wp-json\/tribe\/events\/v1\/categories","up":"https:\/\/www.ull.es\/portal\/agenda\/wp-json\/tribe\/events\/v1\/categories\/788"}},{"name":"Portada ULL","slug":"portada-ull","term_group":0,"term_taxonomy_id":191,"taxonomy":"tribe_events_cat","description":"","parent":0,"count":2106,"filter":"raw","id":191,"urls":{"self":"https:\/\/www.ull.es\/portal\/agenda\/wp-json\/tribe\/events\/v1\/categories\/191","collection":"https:\/\/www.ull.es\/portal\/agenda\/wp-json\/tribe\/events\/v1\/categories"}}],"tags":[],"venue":{"id":1346,"author":"20","status":"publish","date":"2017-04-21 14:26:32","date_utc":"2017-04-21 14:26:32","modified":"2017-08-31 12:54:18","modified_utc":"2017-08-31 12:54:18","url":"https:\/\/www.ull.es\/portal\/agenda\/local\/facultad-de-educacion\/","venue":"Facultad de Educaci\u00f3n","slug":"facultad-de-educacion","address":"Calle Delgado Barreto","city":"San Crist\u00f3bal de La Laguna","country":"Espa\u00f1a","province":"Santa Cruz de Tenerife","zip":"38200","phone":"922 31 90 11","website":"http:\/\/www.facultades.ull.es\/view\/centros\/educacion\/Inicio\/es","stateprovince":"Santa Cruz de Tenerife","geo_lat":28.481798000000001280795913771726191043853759765625,"geo_lng":-16.316094199999998437533577089197933673858642578125,"json_ld":{"@type":"Place","name":"Facultad de Educaci\u00f3n","description":"","url":"https:\/\/www.ull.es\/portal\/agenda\/local\/facultad-de-educacion\/","address":{"@type":"PostalAddress","streetAddress":"Calle Delgado Barreto","addressLocality":"San Crist\u00f3bal de La Laguna","addressRegion":"Santa Cruz de Tenerife","postalCode":"38200","addressCountry":"Espa\u00f1a"},"geo":{"@type":"GeoCoordinates","latitude":28.481798000000001280795913771726191043853759765625,"longitude":-16.316094199999998437533577089197933673858642578125},"telephone":"922 31 90 11","sameAs":"http:\/\/www.facultades.ull.es\/view\/centros\/educacion\/Inicio\/es"},"show_map":true,"show_map_link":true,"global_id":"www.ull.es\/portal\/agenda?id=1346","global_id_lineage":["www.ull.es\/portal\/agenda?id=1346"]},"organizer":[{"id":692,"author":"21","status":"publish","date":"2017-03-10 12:33:25","date_utc":"2017-03-10 12:33:25","modified":"2017-03-10 12:33:25","modified_utc":"2017-03-10 12:33:25","url":"https:\/\/www.ull.es\/portal\/agenda\/organizador\/facultad-de-educacion\/","organizer":"Facultad de Educaci\u00f3n","slug":"facultad-de-educacion","json_ld":{"@type":"Person","name":"Facultad de Educaci\u00f3n","description":"","url":"https:\/\/www.ull.es\/portal\/agenda\/organizador\/facultad-de-educacion\/","telephone":"","email":"","sameAs":""},"global_id":"www.ull.es\/portal\/agenda?id=692","global_id_lineage":["www.ull.es\/portal\/agenda?id=692"]},{"id":2641,"author":"21","status":"publish","date":"2017-09-22 10:56:55","date_utc":"2017-09-22 10:56:55","modified":"2017-09-22 10:56:55","modified_utc":"2017-09-22 10:56:55","url":"https:\/\/www.ull.es\/portal\/agenda\/organizador\/gobierno-de-canarias\/","organizer":"Gobierno de Canarias","slug":"gobierno-de-canarias","json_ld":{"@type":"Person","name":"Gobierno de Canarias","description":"","url":"https:\/\/www.ull.es\/portal\/agenda\/organizador\/gobierno-de-canarias\/","telephone":"","email":"","sameAs":""},"global_id":"www.ull.es\/portal\/agenda?id=2641","global_id_lineage":["www.ull.es\/portal\/agenda?id=2641"]},{"id":16431,"author":"65","status":"publish","date":"2020-06-23 13:39:14","date_utc":"2020-06-23 13:39:14","modified":"2020-06-23 13:39:14","modified_utc":"2020-06-23 13:39:14","url":"https:\/\/www.ull.es\/portal\/agenda\/organizador\/departamento-de-didactica-e-investigacion-educativa\/","organizer":"Departamento de Did\u00e1ctica e Investigaci\u00f3n Educativa","slug":"departamento-de-didactica-e-investigacion-educativa","json_ld":{"@type":"Person","name":"Departamento de Did\u00e1ctica e Investigaci\u00f3n Educativa","description":"","url":"https:\/\/www.ull.es\/portal\/agenda\/organizador\/departamento-de-didactica-e-investigacion-educativa\/","telephone":"","email":"","sameAs":""},"global_id":"www.ull.es\/portal\/agenda?id=16431","global_id_lineage":["www.ull.es\/portal\/agenda?id=16431"]},{"id":3148,"author":"21","status":"publish","date":"2017-10-09 12:31:09","date_utc":"2017-10-09 12:31:09","modified":"2024-04-16 08:55:19","modified_utc":"2024-04-16 08:55:19","url":"https:\/\/www.ull.es\/portal\/agenda\/organizador\/tecnoedu-catedra-fundacion-mapfre-guanarteme-de-tecnologia-y-educacion-de-la-universidad-de-la-laguna\/","organizer":"C\u00e1tedra Fundaci\u00f3n MAPFRE Canarias de Tecnolog\u00eda y Educaci\u00f3n de la Universidad de La Laguna","slug":"tecnoedu-catedra-fundacion-mapfre-guanarteme-de-tecnologia-y-educacion-de-la-universidad-de-la-laguna","phone":"922 31 91 63","json_ld":{"@type":"Person","name":"C\u00e1tedra Fundaci\u00f3n MAPFRE Canarias de Tecnolog\u00eda y Educaci\u00f3n de la Universidad de La Laguna","description":"","url":"https:\/\/www.ull.es\/portal\/agenda\/organizador\/tecnoedu-catedra-fundacion-mapfre-guanarteme-de-tecnologia-y-educacion-de-la-universidad-de-la-laguna\/","telephone":"922 31 91 63","email":"","sameAs":""},"global_id":"www.ull.es\/portal\/agenda?id=3148","global_id_lineage":["www.ull.es\/portal\/agenda?id=3148"]},{"id":28183,"author":"65","status":"publish","date":"2022-12-01 12:52:49","date_utc":"2022-12-01 12:52:49","modified":"2022-12-01 12:52:49","modified_utc":"2022-12-01 12:52:49","url":"https:\/\/www.ull.es\/portal\/agenda\/organizador\/grupo-de-investigacion-laboratorio-de-educacion-y-nuevas-tecnologias\/","organizer":"Grupo de Investigaci\u00f3n Laboratorio de Educaci\u00f3n y Nuevas Tecnolog\u00edas","slug":"grupo-de-investigacion-laboratorio-de-educacion-y-nuevas-tecnologias","json_ld":{"@type":"Person","name":"Grupo de Investigaci\u00f3n Laboratorio de Educaci\u00f3n y Nuevas Tecnolog\u00edas","description":"","url":"https:\/\/www.ull.es\/portal\/agenda\/organizador\/grupo-de-investigacion-laboratorio-de-educacion-y-nuevas-tecnologias\/","telephone":"","email":"","sameAs":""},"global_id":"www.ull.es\/portal\/agenda?id=28183","global_id_lineage":["www.ull.es\/portal\/agenda?id=28183"]}],"json_ld":{"@context":"http:\/\/schema.org","@type":"Event","name":"XXX Jornadas Internacionales Universitarias de Tecnolog\u00eda Educativa","description":"&lt;p&gt;Las XXX Jornadas Internacionales Universitarias de Tecnolog\u00eda Educativa (JUTE23 Tenerife), se llevar\u00e1n a cabo en un evento h\u00edbrido en la Facultad de Educaci\u00f3n, entre el 22 y 23 de junio. Cuenta con un programa que abarca diferentes ponencias y mesas redondas con autoridades relevantes, tanto del \u00e1mbito nacional como internacional, en las que debatir\u00e1n sobre...&lt;\/p&gt;\\n","image":"https:\/\/www.ull.es\/portal\/agenda\/wp-content\/uploads\/sites\/12\/2023\/02\/XXX-JJ-Internacionales-Universitarias-de-Tecnologia-Educativa_Banner-evento.png","url":"https:\/\/www.ull.es\/portal\/agenda\/evento\/xxx-jornadas-internacionales-universitarias-de-tecnologia-educativa-2\/","startDate":"2023-06-22T00:00:00+00:00","endDate":"2023-06-23T23:59:59+00:00","location":{"@type":"Place","name":"Facultad de Educaci\u00f3n","description":"","url":"https:\/\/www.ull.es\/portal\/agenda\/local\/facultad-de-educacion\/","address":{"@type":"PostalAddress","streetAddress":"Calle Delgado Barreto","addressLocality":"San Crist\u00f3bal de La Laguna","addressRegion":"Santa Cruz de Tenerife","postalCode":"38200","addressCountry":"Espa\u00f1a"},"geo":{"@type":"GeoCoordinates","latitude":28.481798000000001280795913771726191043853759765625,"longitude":-16.316094199999998437533577089197933673858642578125},"telephone":"922 31 90 11","sameAs":"http:\/\/www.facultades.ull.es\/view\/centros\/educacion\/Inicio\/es"},"organizer":{"@type":"Person","name":"Gobierno de Canarias","description":"","url":"https:\/\/www.ull.es\/portal\/agenda\/organizador\/gobierno-de-canarias\/","telephone":"","email":"","sameAs":""}}}