{"id":29101,"global_id":"www.ull.es\/portal\/agenda?id=29101","global_id_lineage":["www.ull.es\/portal\/agenda?id=29101"],"author":"43","status":"publish","date":"2023-03-01 11:30:52","date_utc":"2023-03-01 11:30:52","modified":"2023-07-10 09:28:26","modified_utc":"2023-07-10 09:28:26","url":"https:\/\/www.ull.es\/portal\/agenda\/evento\/tecnicas-y-herramientas-para-la-evaluacion-de-riesgos-de-origen-natural\/","rest_url":"https:\/\/www.ull.es\/portal\/agenda\/wp-json\/tribe\/events\/v1\/events\/29101","title":"T\u00e9cnicas y herramientas para la evaluaci\u00f3n de riesgos de origen natural","description":"<div class=\"tribe-events-single-event-description tribe-events-content\">\n<p>La C\u00e1tedra Reducci\u00f3n del Riesgo de Desastres y Ciudades Resilientes y la Asociaci\u00f3n Espa\u00f1ola de Geograf\u00eda (Grupo de Cambio Clim\u00e1tico y Riesgos Naturales) con la colaboraci\u00f3n del Departamento de Geograf\u00eda e Historia de la ULL, organizan este curso que se celebrar\u00e1 en el Campus de Guajara<b>\u00a0<\/b>los d\u00edas el 12, 13 y 14 de julio de 2023.<\/p>\n<p>El curso tiene en primer lugar el objetivo de explorar cada uno de los elementos que componen el riesgo, tanto en lo que se refiere al estudio de las principales amenazas naturales como a la dimensi\u00f3n territorial y social a trav\u00e9s de la exposici\u00f3n y la vulnerabilidad. Adem\u00e1s, en segundo lugar, se persigue que el alumnado sea capaz de interrelacionar cada uno de estos elementos desarrollando un an\u00e1lisis multiamenaza y multiriesgo. Para ello se presenta una secuencia de aprendizaje distribuida en 7 m\u00f3dulos donde se analizan los principales aspectos te\u00f3ricos y metodol\u00f3gicos para conseguir los objetivos anteriormente descritos.<\/p>\n<p>Dirigido al alumnado de posgrado en geograf\u00eda, biolog\u00eda, ciencias ambientales, arquitectura o cualquier otro grado interesado en aspectos relacionados con la reducci\u00f3n del riesgo de desastres. Asimismo, el curso tambi\u00e9n estar\u00e1 enfocado a docentes, profesionales e interesados en la materia.<\/p>\n<\/div>\n<p>Direcci\u00f3n acad\u00e9mica:<\/p>\n<ul>\n<li>Abel L\u00f3pez D\u00edez. Profesor CLI, Departamento de Geograf\u00eda e Historia de la Universidad de La Laguna.<\/li>\n<li>Roberto Serrano Notivoli. Investigador Ram\u00f3n y Cajal, Universidad de Zaragoza.<\/li>\n<\/ul>\n<p>Coordinaci\u00f3n: Nerea Mart\u00edn Raya. Investigadora FPU, Departamento de Geograf\u00eda e Historia de la Universidad de La Laguna.<\/p>\n<p><strong>CERTIFICADO DE ASISTENCIA, APTITUD Y RECONOCIMIENTO POR CR\u00c9DITO ECTS<\/strong><\/p>\n<div class=\"tribe-events-single-event-description tribe-events-content\">\n<p>La ULL, a trav\u00e9s del Vicerrectorado de Cultura y Extensi\u00f3n Universitaria, emitir\u00e1 un certificado de asistencia a todas aquellas personas que participen en un m\u00ednimo del 80% de las horas lectivas. Asimismo, aquellas personas que superen el trabajo aut\u00f3nomo del alumnado, recibir\u00e1n un certificado de asistencia y aprovechamiento, reconocible a su vez por un 2 cr\u00e9ditos ECTS.<\/p>\n<\/div>\n<div class=\"tribe-events-single-event-description tribe-events-content\">\n<p><a href=\"https:\/\/sede.fg.ull.es\/es\/curso\/detalle\/a23020042\/tecnicas-y-herramientas-para-la-evaluacion-de-riesgos-de-origen-natural\" target=\"_blank\" rel=\"noopener noreferrer\" target=\"_blank\" rel=\"noopener\"><strong><u>Consulta el programa e inscr\u00edbete aqu\u00ed.<\/u><\/strong><\/a><\/p>\n<p><strong><span style=\"color: #ff0000\">\u00a1PLAZAS AGOTADAS!<\/span><\/strong><\/p>\n<p><strong>Contacto: 922 319 616 \/ 922 319 626 \u2013\u00a0<\/strong><strong><a href=\"mailto:extuni@ull.edu.es\" target=\"_blank\" rel=\"noopener\">extuni@ull.es<\/a><\/strong><\/p>\n<\/div>","excerpt":"","slug":"tecnicas-y-herramientas-para-la-evaluacion-de-riesgos-de-origen-natural","image":{"url":"https:\/\/www.ull.es\/portal\/agenda\/wp-content\/uploads\/sites\/12\/2023\/03\/BannerRiesgosNaturales.jpg","id":29102,"extension":"jpg","width":700,"height":350,"filesize":128616,"sizes":{"medium":{"width":300,"height":150,"mime-type":"image\/jpeg","filesize":16377,"url":"https:\/\/www.ull.es\/portal\/agenda\/wp-content\/uploads\/sites\/12\/2023\/03\/BannerRiesgosNaturales-300x150.jpg"},"thumbnail":{"width":150,"height":150,"mime-type":"image\/jpeg","filesize":8848,"url":"https:\/\/www.ull.es\/portal\/agenda\/wp-content\/uploads\/sites\/12\/2023\/03\/BannerRiesgosNaturales-150x150.jpg"},"mug-shot":{"width":150,"height":250,"mime-type":"image\/jpeg","filesize":13693,"url":"https:\/\/www.ull.es\/portal\/agenda\/wp-content\/uploads\/sites\/12\/2023\/03\/BannerRiesgosNaturales-150x250.jpg"},"sidebar":{"width":375,"height":188,"mime-type":"image\/jpeg","filesize":24136,"url":"https:\/\/www.ull.es\/portal\/agenda\/wp-content\/uploads\/sites\/12\/2023\/03\/BannerRiesgosNaturales-375x188.jpg"},"half":{"width":375,"height":188,"mime-type":"image\/jpeg","filesize":24136,"url":"https:\/\/www.ull.es\/portal\/agenda\/wp-content\/uploads\/sites\/12\/2023\/03\/BannerRiesgosNaturales-375x188.jpg"},"thimble":{"width":50,"height":50,"mime-type":"image\/jpeg","filesize":1538,"url":"https:\/\/www.ull.es\/portal\/agenda\/wp-content\/uploads\/sites\/12\/2023\/03\/BannerRiesgosNaturales-50x50.jpg"},"thumbnail-large":{"width":300,"height":300,"mime-type":"image\/jpeg","filesize":29003,"url":"https:\/\/www.ull.es\/portal\/agenda\/wp-content\/uploads\/sites\/12\/2023\/03\/BannerRiesgosNaturales-300x300.jpg"},"rss":{"width":108,"height":81,"mime-type":"image\/jpeg","filesize":4100,"url":"https:\/\/www.ull.es\/portal\/agenda\/wp-content\/uploads\/sites\/12\/2023\/03\/BannerRiesgosNaturales-108x81.jpg"}}},"all_day":true,"start_date":"2023-07-12 00:00:00","start_date_details":{"year":"2023","month":"07","day":"12","hour":"00","minutes":"00","seconds":"00"},"end_date":"2023-07-12 23:59:59","end_date_details":{"year":"2023","month":"07","day":"12","hour":"23","minutes":"59","seconds":"59"},"utc_start_date":"2023-07-12 00:00:00","utc_start_date_details":{"year":"2023","month":"07","day":"12","hour":"00","minutes":"00","seconds":"00"},"utc_end_date":"2023-07-12 23:59:59","utc_end_date_details":{"year":"2023","month":"07","day":"12","hour":"23","minutes":"59","seconds":"59"},"timezone":"UTC+0","timezone_abbr":"UTC+0","cost":"","cost_details":{"currency_symbol":"","currency_position":"prefix","values":[]},"website":"https:\/\/www.ull.es\/cultura\/cursos-extension-universitaria\/","show_map":false,"show_map_link":false,"hide_from_listings":false,"sticky":false,"featured":false,"categories":[{"name":"Actividades de Extensi\u00f3n","slug":"actividades-de-extension","term_group":0,"term_taxonomy_id":472,"taxonomy":"tribe_events_cat","description":"","parent":468,"count":1637,"filter":"raw","id":472,"urls":{"self":"https:\/\/www.ull.es\/portal\/agenda\/wp-json\/tribe\/events\/v1\/categories\/472","collection":"https:\/\/www.ull.es\/portal\/agenda\/wp-json\/tribe\/events\/v1\/categories","up":"https:\/\/www.ull.es\/portal\/agenda\/wp-json\/tribe\/events\/v1\/categories\/468"}},{"name":"Cursos de Aulas y C\u00e1tedras Culturales","slug":"cursos-de-aulas-y-catedras-culturales","term_group":0,"term_taxonomy_id":471,"taxonomy":"tribe_events_cat","description":"","parent":468,"count":620,"filter":"raw","id":471,"urls":{"self":"https:\/\/www.ull.es\/portal\/agenda\/wp-json\/tribe\/events\/v1\/categories\/471","collection":"https:\/\/www.ull.es\/portal\/agenda\/wp-json\/tribe\/events\/v1\/categories","up":"https:\/\/www.ull.es\/portal\/agenda\/wp-json\/tribe\/events\/v1\/categories\/468"}},{"name":"Destacado ULL","slug":"destacado-ull","term_group":0,"term_taxonomy_id":4,"taxonomy":"tribe_events_cat","description":"","parent":0,"count":4572,"filter":"raw","id":4,"urls":{"self":"https:\/\/www.ull.es\/portal\/agenda\/wp-json\/tribe\/events\/v1\/categories\/4","collection":"https:\/\/www.ull.es\/portal\/agenda\/wp-json\/tribe\/events\/v1\/categories"}},{"name":"Perfil Estudiante","slug":"perfil-estudiante","term_group":0,"term_taxonomy_id":186,"taxonomy":"tribe_events_cat","description":"","parent":185,"count":2750,"filter":"raw","id":186,"urls":{"self":"https:\/\/www.ull.es\/portal\/agenda\/wp-json\/tribe\/events\/v1\/categories\/186","collection":"https:\/\/www.ull.es\/portal\/agenda\/wp-json\/tribe\/events\/v1\/categories","up":"https:\/\/www.ull.es\/portal\/agenda\/wp-json\/tribe\/events\/v1\/categories\/185"}}],"tags":[{"name":"alumnado ULL","slug":"alumnado-ull","term_group":0,"term_taxonomy_id":4259,"taxonomy":"post_tag","description":"","parent":0,"count":1171,"filter":"raw","id":4259,"urls":{"self":"https:\/\/www.ull.es\/portal\/agenda\/wp-json\/tribe\/events\/v1\/tags\/4259","collection":"https:\/\/www.ull.es\/portal\/agenda\/wp-json\/tribe\/events\/v1\/tags"}},{"name":"Cursos ULL","slug":"cursos-ull","term_group":0,"term_taxonomy_id":977,"taxonomy":"post_tag","description":"","parent":0,"count":1429,"filter":"raw","id":977,"urls":{"self":"https:\/\/www.ull.es\/portal\/agenda\/wp-json\/tribe\/events\/v1\/tags\/977","collection":"https:\/\/www.ull.es\/portal\/agenda\/wp-json\/tribe\/events\/v1\/tags"}},{"name":"Extensi\u00f3n Universitaria ULL","slug":"extension-universitaria-ull","term_group":0,"term_taxonomy_id":3812,"taxonomy":"post_tag","description":"","parent":0,"count":1381,"filter":"raw","id":3812,"urls":{"self":"https:\/\/www.ull.es\/portal\/agenda\/wp-json\/tribe\/events\/v1\/tags\/3812","collection":"https:\/\/www.ull.es\/portal\/agenda\/wp-json\/tribe\/events\/v1\/tags"}},{"name":"geograf\u00eda ULL","slug":"geografia-ull","term_group":0,"term_taxonomy_id":4840,"taxonomy":"post_tag","description":"","parent":0,"count":5,"filter":"raw","id":4840,"urls":{"self":"https:\/\/www.ull.es\/portal\/agenda\/wp-json\/tribe\/events\/v1\/tags\/4840","collection":"https:\/\/www.ull.es\/portal\/agenda\/wp-json\/tribe\/events\/v1\/tags"}},{"name":"Seminarios ULL","slug":"seminarios-ull","term_group":0,"term_taxonomy_id":3751,"taxonomy":"post_tag","description":"","parent":0,"count":1167,"filter":"raw","id":3751,"urls":{"self":"https:\/\/www.ull.es\/portal\/agenda\/wp-json\/tribe\/events\/v1\/tags\/3751","collection":"https:\/\/www.ull.es\/portal\/agenda\/wp-json\/tribe\/events\/v1\/tags"}}],"venue":{"id":173,"author":"1","status":"publish","date":"2017-01-19 11:58:51","date_utc":"2017-01-19 11:58:51","modified":"2017-01-19 11:58:51","modified_utc":"2017-01-19 11:58:51","url":"https:\/\/www.ull.es\/portal\/agenda\/local\/campus-de-guajara\/","venue":"Campus de Guajara","slug":"campus-de-guajara","address":"Campus de Guajara","city":"San Crist\u00f3bal de la Laguna","country":"Espa\u00f1a","province":"Santa Cruz de Tenerife","zip":"38071","stateprovince":"Santa Cruz de Tenerife","json_ld":{"@type":"Place","name":"Campus de Guajara","description":"","url":"https:\/\/www.ull.es\/portal\/agenda\/local\/campus-de-guajara\/","address":{"@type":"PostalAddress","streetAddress":"Campus de Guajara","addressLocality":"San Crist\u00f3bal de la Laguna","addressRegion":"Santa Cruz de Tenerife","postalCode":"38071","addressCountry":"Espa\u00f1a"},"telephone":"","sameAs":""},"show_map":true,"show_map_link":true,"global_id":"www.ull.es\/portal\/agenda?id=173","global_id_lineage":["www.ull.es\/portal\/agenda?id=173"]},"organizer":[{"id":1132,"author":"21","status":"publish","date":"2017-03-27 12:15:57","date_utc":"2017-03-27 12:15:57","modified":"2023-05-02 10:28:59","modified_utc":"2023-05-02 10:28:59","url":"https:\/\/www.ull.es\/portal\/agenda\/organizador\/vicerrectorado-de-relaciones-con-la-sociedad-2\/","organizer":"Vicerrectorado de Cultura y Extensi\u00f3n Universitaria","slug":"vicerrectorado-de-relaciones-con-la-sociedad-2","json_ld":{"@type":"Person","name":"Vicerrectorado de Cultura y Extensi\u00f3n Universitaria","description":"","url":"https:\/\/www.ull.es\/portal\/agenda\/organizador\/vicerrectorado-de-relaciones-con-la-sociedad-2\/","telephone":"","email":"","sameAs":""},"global_id":"www.ull.es\/portal\/agenda?id=1132","global_id_lineage":["www.ull.es\/portal\/agenda?id=1132"]},{"id":6426,"author":"43","status":"publish","date":"2018-04-09 12:43:32","date_utc":"2018-04-09 12:43:32","modified":"2023-02-08 13:31:42","modified_utc":"2023-02-08 13:31:42","url":"https:\/\/www.ull.es\/portal\/agenda\/organizador\/catedra-cultural-reduccion-del-riesgo-de-desastres-ciudades-resilientes\/","organizer":"C\u00e1tedra Cultural Reducci\u00f3n del Riesgo de Desastres y Ciudades Resilientes","slug":"catedra-cultural-reduccion-del-riesgo-de-desastres-ciudades-resilientes","website":"https:\/\/www.ull.es\/portal\/aulasycatedrasculturales\/catedra-cultural-reduccion-de-riesgos-de-desastres-ciudades-resilientes\/","json_ld":{"@type":"Person","name":"C\u00e1tedra Cultural Reducci\u00f3n del Riesgo de Desastres y Ciudades Resilientes","description":"","url":"https:\/\/www.ull.es\/portal\/agenda\/organizador\/catedra-cultural-reduccion-del-riesgo-de-desastres-ciudades-resilientes\/","telephone":"","email":"","sameAs":"https:\/\/www.ull.es\/portal\/aulasycatedrasculturales\/catedra-cultural-reduccion-de-riesgos-de-desastres-ciudades-resilientes\/"},"global_id":"www.ull.es\/portal\/agenda?id=6426","global_id_lineage":["www.ull.es\/portal\/agenda?id=6426"]}],"json_ld":{"@context":"http:\/\/schema.org","@type":"Event","name":"T\u00e9cnicas y herramientas para la evaluaci\u00f3n de riesgos de origen natural","description":"&lt;p&gt;La C\u00e1tedra Reducci\u00f3n del Riesgo de Desastres y Ciudades Resilientes y la Asociaci\u00f3n Espa\u00f1ola de Geograf\u00eda (Grupo de Cambio Clim\u00e1tico y Riesgos Naturales) con la colaboraci\u00f3n del Departamento de Geograf\u00eda e Historia de la ULL, organizan este curso que se celebrar\u00e1 en el Campus de Guajara\u00a0los d\u00edas el 12, 13 y 14 de julio de...&lt;\/p&gt;\\n","image":"https:\/\/www.ull.es\/portal\/agenda\/wp-content\/uploads\/sites\/12\/2023\/03\/BannerRiesgosNaturales.jpg","url":"https:\/\/www.ull.es\/portal\/agenda\/evento\/tecnicas-y-herramientas-para-la-evaluacion-de-riesgos-de-origen-natural\/","startDate":"2023-07-12T00:00:00+00:00","endDate":"2023-07-12T23:59:59+00:00","location":{"@type":"Place","name":"Campus de Guajara","description":"","url":"https:\/\/www.ull.es\/portal\/agenda\/local\/campus-de-guajara\/","address":{"@type":"PostalAddress","streetAddress":"Campus de Guajara","addressLocality":"San Crist\u00f3bal de la Laguna","addressRegion":"Santa Cruz de Tenerife","postalCode":"38071","addressCountry":"Espa\u00f1a"},"telephone":"","sameAs":""},"organizer":{"@type":"Person","name":"Vicerrectorado de Cultura y Extensi\u00f3n Universitaria","description":"","url":"https:\/\/www.ull.es\/portal\/agenda\/organizador\/vicerrectorado-de-relaciones-con-la-sociedad-2\/","telephone":"","email":"","sameAs":""}}}