{"id":29511,"global_id":"www.ull.es\/portal\/agenda?id=29511","global_id_lineage":["www.ull.es\/portal\/agenda?id=29511"],"author":"65","status":"publish","date":"2023-03-10 09:19:04","date_utc":"2023-03-10 09:19:04","modified":"2023-03-13 14:09:42","modified_utc":"2023-03-13 14:09:42","url":"https:\/\/www.ull.es\/portal\/agenda\/evento\/ii-jornadas-internacionales-de-cooperacion-internacional-al-desarrollo\/","rest_url":"https:\/\/www.ull.es\/portal\/agenda\/wp-json\/tribe\/events\/v1\/events\/29511","title":"II Jornadas de Investigaci\u00f3n y Estudios de Cooperaci\u00f3n Internacional al Desarrollo","description":"<p>Estas Jornadas tienen por finalidad sensibilizar a la comunidad universitaria en valores de solidaridad y justicia social, a la vez que fomentan la realizaci\u00f3n de estudios sobre el<br \/>\ndesarrollo y para el desarrollo del planeta.<\/p>\n<p>En esta segunda edici\u00f3n contamos con el conferenciante Jos\u00e9 Mar\u00eda Caballero C\u00e1ceres, cooperante, Asesor de ONG y escritor. Licenciado en Derecho, por la Universidad Aut\u00f3noma de Madrid y M\u00e1ster en derechos humanos y resoluci\u00f3n de conflictos, por la Long Island University de Nueva York, coautor del blog \u00c1frica no es un pa\u00eds del peri\u00f3dico El Pa\u00eds.<\/p>\n<p>Posteriormente, se presentar\u00e1n los resultados de los proyectos adjudicados en la II Convocatoria de proyectos de Cooperaci\u00f3n Internacional al desarrollo del Vicerrectorado de Proyecci\u00f3n, Internacionalizaci\u00f3n y Cooperaci\u00f3n de la Universidad de La Laguna.<\/p>\n<p><a href=\"https:\/\/drive.google.com\/file\/d\/1ylfKzQQc26zvo34pC3nHKexC0hWtGC-R\/view?usp=share_link\" target=\"_blank\" rel=\"noopener\" target=\"_blank\" rel=\"noopener\">Programa<\/a><\/p>","excerpt":"","slug":"ii-jornadas-internacionales-de-cooperacion-internacional-al-desarrollo","image":{"url":"https:\/\/www.ull.es\/portal\/agenda\/wp-content\/uploads\/sites\/12\/2023\/03\/II-Jornadas-de-Investigacion-y-estudios-sobre-cooperacion-internacional-al-desarrollo_Banner-evento-1.png","id":29543,"extension":"png","width":750,"height":370,"filesize":168412,"sizes":{"medium":{"width":300,"height":148,"mime-type":"image\/png","filesize":51100,"url":"https:\/\/www.ull.es\/portal\/agenda\/wp-content\/uploads\/sites\/12\/2023\/03\/II-Jornadas-de-Investigacion-y-estudios-sobre-cooperacion-internacional-al-desarrollo_Banner-evento-1-300x148.png"},"thumbnail":{"width":150,"height":150,"mime-type":"image\/png","filesize":26088,"url":"https:\/\/www.ull.es\/portal\/agenda\/wp-content\/uploads\/sites\/12\/2023\/03\/II-Jornadas-de-Investigacion-y-estudios-sobre-cooperacion-internacional-al-desarrollo_Banner-evento-1-150x150.png"},"mug-shot":{"width":150,"height":250,"mime-type":"image\/png","filesize":37343,"url":"https:\/\/www.ull.es\/portal\/agenda\/wp-content\/uploads\/sites\/12\/2023\/03\/II-Jornadas-de-Investigacion-y-estudios-sobre-cooperacion-internacional-al-desarrollo_Banner-evento-1-150x250.png"},"sidebar":{"width":375,"height":185,"mime-type":"image\/png","filesize":73141,"url":"https:\/\/www.ull.es\/portal\/agenda\/wp-content\/uploads\/sites\/12\/2023\/03\/II-Jornadas-de-Investigacion-y-estudios-sobre-cooperacion-internacional-al-desarrollo_Banner-evento-1-375x185.png"},"half":{"width":375,"height":185,"mime-type":"image\/png","filesize":73141,"url":"https:\/\/www.ull.es\/portal\/agenda\/wp-content\/uploads\/sites\/12\/2023\/03\/II-Jornadas-de-Investigacion-y-estudios-sobre-cooperacion-internacional-al-desarrollo_Banner-evento-1-375x185.png"},"thimble":{"width":50,"height":50,"mime-type":"image\/png","filesize":4075,"url":"https:\/\/www.ull.es\/portal\/agenda\/wp-content\/uploads\/sites\/12\/2023\/03\/II-Jornadas-de-Investigacion-y-estudios-sobre-cooperacion-internacional-al-desarrollo_Banner-evento-1-50x50.png"},"thumbnail-large":{"width":300,"height":300,"mime-type":"image\/png","filesize":75621,"url":"https:\/\/www.ull.es\/portal\/agenda\/wp-content\/uploads\/sites\/12\/2023\/03\/II-Jornadas-de-Investigacion-y-estudios-sobre-cooperacion-internacional-al-desarrollo_Banner-evento-1-300x300.png"},"rss":{"width":108,"height":81,"mime-type":"image\/png","filesize":12219,"url":"https:\/\/www.ull.es\/portal\/agenda\/wp-content\/uploads\/sites\/12\/2023\/03\/II-Jornadas-de-Investigacion-y-estudios-sobre-cooperacion-internacional-al-desarrollo_Banner-evento-1-108x81.png"}}},"all_day":false,"start_date":"2023-03-20 16:00:00","start_date_details":{"year":"2023","month":"03","day":"20","hour":"16","minutes":"00","seconds":"00"},"end_date":"2023-03-20 20:00:00","end_date_details":{"year":"2023","month":"03","day":"20","hour":"20","minutes":"00","seconds":"00"},"utc_start_date":"2023-03-20 16:00:00","utc_start_date_details":{"year":"2023","month":"03","day":"20","hour":"16","minutes":"00","seconds":"00"},"utc_end_date":"2023-03-20 20:00:00","utc_end_date_details":{"year":"2023","month":"03","day":"20","hour":"20","minutes":"00","seconds":"00"},"timezone":"UTC+0","timezone_abbr":"UTC+0","cost":"","cost_details":{"currency_symbol":"","currency_position":"prefix","values":[]},"website":"","show_map":false,"show_map_link":false,"hide_from_listings":false,"sticky":false,"featured":false,"categories":[{"name":"Destacado ULL","slug":"destacado-ull","term_group":0,"term_taxonomy_id":4,"taxonomy":"tribe_events_cat","description":"","parent":0,"count":4572,"filter":"raw","id":4,"urls":{"self":"https:\/\/www.ull.es\/portal\/agenda\/wp-json\/tribe\/events\/v1\/categories\/4","collection":"https:\/\/www.ull.es\/portal\/agenda\/wp-json\/tribe\/events\/v1\/categories"}},{"name":"Internacionalizaci\u00f3n","slug":"internacionalizacion","term_group":0,"term_taxonomy_id":345,"taxonomy":"tribe_events_cat","description":"","parent":0,"count":124,"filter":"raw","id":345,"urls":{"self":"https:\/\/www.ull.es\/portal\/agenda\/wp-json\/tribe\/events\/v1\/categories\/345","collection":"https:\/\/www.ull.es\/portal\/agenda\/wp-json\/tribe\/events\/v1\/categories"}},{"name":"Portada ULL","slug":"portada-ull","term_group":0,"term_taxonomy_id":191,"taxonomy":"tribe_events_cat","description":"","parent":0,"count":2104,"filter":"raw","id":191,"urls":{"self":"https:\/\/www.ull.es\/portal\/agenda\/wp-json\/tribe\/events\/v1\/categories\/191","collection":"https:\/\/www.ull.es\/portal\/agenda\/wp-json\/tribe\/events\/v1\/categories"}}],"tags":[],"venue":{"id":3643,"author":"43","status":"publish","date":"2017-10-24 09:02:10","date_utc":"2017-10-24 09:02:10","modified":"2017-10-24 09:02:10","modified_utc":"2017-10-24 09:02:10","url":"https:\/\/www.ull.es\/portal\/agenda\/local\/salon-de-grados-facultad-de-economia-empresa-y-turismo-ull\/","venue":"Sal\u00f3n de Grados, Facultad de Econom\u00eda, Empresa y Turismo, ULL","slug":"salon-de-grados-facultad-de-economia-empresa-y-turismo-ull","address":"Campus de Guajara","city":"La Laguna","country":"Espa\u00f1a","province":"Santa Cruz de Tenerife","zip":"38200","stateprovince":"Santa Cruz de Tenerife","geo_lat":28.481798000000001280795913771726191043853759765625,"geo_lng":-16.316094199999998437533577089197933673858642578125,"json_ld":{"@type":"Place","name":"Sal\u00f3n de Grados, Facultad de Econom\u00eda, Empresa y Turismo, ULL","description":"","url":"https:\/\/www.ull.es\/portal\/agenda\/local\/salon-de-grados-facultad-de-economia-empresa-y-turismo-ull\/","address":{"@type":"PostalAddress","streetAddress":"Campus de Guajara","addressLocality":"La Laguna","addressRegion":"Santa Cruz de Tenerife","postalCode":"38200","addressCountry":"Espa\u00f1a"},"geo":{"@type":"GeoCoordinates","latitude":28.481798000000001280795913771726191043853759765625,"longitude":-16.316094199999998437533577089197933673858642578125},"telephone":"","sameAs":""},"show_map":true,"show_map_link":true,"global_id":"www.ull.es\/portal\/agenda?id=3643","global_id_lineage":["www.ull.es\/portal\/agenda?id=3643"]},"organizer":[{"id":1666,"author":"21","status":"publish","date":"2017-06-01 09:23:19","date_utc":"2017-06-01 09:23:19","modified":"2023-09-27 10:11:34","modified_utc":"2023-09-27 10:11:34","url":"https:\/\/www.ull.es\/portal\/agenda\/organizador\/vicerrectorado-de-internacionalizacion\/","organizer":"Vicerrectorado de Internacionalizaci\u00f3n y Cooperaci\u00f3n","slug":"vicerrectorado-de-internacionalizacion","phone":"(+34) 922 31 96 32","website":"https:\/\/www.ull.es\/la-universidad\/equipo-gobierno\/vicerrectorado-proyeccion-internacionalizacion-cooperacion\/","email":"vicerrectorado.internacional@ull.es","json_ld":{"@type":"Person","name":"Vicerrectorado de Internacionalizaci\u00f3n y Cooperaci\u00f3n","description":"","url":"https:\/\/www.ull.es\/portal\/agenda\/organizador\/vicerrectorado-de-internacionalizacion\/","telephone":"(+34) 922 31 96 32","email":"v&#105;c&#101;r&#114;ec&#116;&#111;r&#97;&#100;o.in&#116;e&#114;na&#99;io&#110;a&#108;&#64;u&#108;l.es","sameAs":"https:\/\/www.ull.es\/la-universidad\/equipo-gobierno\/vicerrectorado-proyeccion-internacionalizacion-cooperacion\/"},"global_id":"www.ull.es\/portal\/agenda?id=1666","global_id_lineage":["www.ull.es\/portal\/agenda?id=1666"]}],"json_ld":{"@context":"http:\/\/schema.org","@type":"Event","name":"II Jornadas de Investigaci\u00f3n y Estudios de Cooperaci\u00f3n Internacional al Desarrollo","description":"&lt;p&gt;Estas Jornadas tienen por finalidad sensibilizar a la comunidad universitaria en valores de solidaridad y justicia social, a la vez que fomentan la realizaci\u00f3n de estudios sobre el desarrollo y para el desarrollo del planeta. En esta segunda edici\u00f3n contamos con el conferenciante Jos\u00e9 Mar\u00eda Caballero C\u00e1ceres, cooperante, Asesor de ONG y escritor. Licenciado en...&lt;\/p&gt;\\n","image":"https:\/\/www.ull.es\/portal\/agenda\/wp-content\/uploads\/sites\/12\/2023\/03\/II-Jornadas-de-Investigacion-y-estudios-sobre-cooperacion-internacional-al-desarrollo_Banner-evento-1.png","url":"https:\/\/www.ull.es\/portal\/agenda\/evento\/ii-jornadas-internacionales-de-cooperacion-internacional-al-desarrollo\/","startDate":"2023-03-20T16:00:00+00:00","endDate":"2023-03-20T20:00:00+00:00","location":{"@type":"Place","name":"Sal\u00f3n de Grados, Facultad de Econom\u00eda, Empresa y Turismo, ULL","description":"","url":"https:\/\/www.ull.es\/portal\/agenda\/local\/salon-de-grados-facultad-de-economia-empresa-y-turismo-ull\/","address":{"@type":"PostalAddress","streetAddress":"Campus de Guajara","addressLocality":"La Laguna","addressRegion":"Santa Cruz de Tenerife","postalCode":"38200","addressCountry":"Espa\u00f1a"},"geo":{"@type":"GeoCoordinates","latitude":28.481798000000001280795913771726191043853759765625,"longitude":-16.316094199999998437533577089197933673858642578125},"telephone":"","sameAs":""},"organizer":{"@type":"Person","name":"Vicerrectorado de Internacionalizaci\u00f3n y Cooperaci\u00f3n","description":"","url":"https:\/\/www.ull.es\/portal\/agenda\/organizador\/vicerrectorado-de-internacionalizacion\/","telephone":"(+34) 922 31 96 32","email":"vice&#114;&#114;&#101;cto&#114;&#97;&#100;o&#46;&#105;&#110;&#116;&#101;r&#110;a&#99;ion&#97;&#108;&#64;u&#108;&#108;&#46;&#101;&#115;","sameAs":"https:\/\/www.ull.es\/la-universidad\/equipo-gobierno\/vicerrectorado-proyeccion-internacionalizacion-cooperacion\/"}}}