{"id":29592,"global_id":"www.ull.es\/portal\/agenda?id=29592","global_id_lineage":["www.ull.es\/portal\/agenda?id=29592"],"author":"43","status":"publish","date":"2023-03-15 09:38:23","date_utc":"2023-03-15 09:38:23","modified":"2023-03-15 09:40:49","modified_utc":"2023-03-15 09:40:49","url":"https:\/\/www.ull.es\/portal\/agenda\/evento\/taller-de-diagramacion-de-autoediciones-y-porfolios-de-arte\/","rest_url":"https:\/\/www.ull.es\/portal\/agenda\/wp-json\/tribe\/events\/v1\/events\/29592","title":"Taller de diagramaci\u00f3n de autoediciones y porfolios de arte","description":"<p>Actividad de Extensi\u00f3n Universitaria organizada por el Aula Cultural de Pensamiento Art\u00edstico Contempor\u00e1neo que se celebrar\u00e1 en la Facultad de Bellas Artes los d\u00edas 21 y 22 de marzo de 2023 en horario de 15:30 a 18:30 horas.<\/p>\n<p>Para las y los artistas, las herramientas editoriales de difusi\u00f3n de los resultados de la investigaci\u00f3n son cada d\u00eda m\u00e1s necesarias y, al mismo tiempo, m\u00e1s exigentes y competitivas. Afortunadamente, los programas de edici\u00f3n brindan un mundo de posibilidades autogestionadas para desarrollar ese trabajo, por lo que resulta imprescindible conocerlas y manejarlas. En este taller se aprender\u00e1n los fundamentos de la edici\u00f3n digital, desde el retoque b\u00e1sico de im\u00e1genes de mapa de bits y la creaci\u00f3n de gr\u00e1ficos vectoriales a la diagramaci\u00f3n y edici\u00f3n digital de publicaciones art\u00edsticas.<\/p>\n<p>Dirigido a cualquier persona interesada en la creaci\u00f3n de ediciones independientes de arte o en la difusi\u00f3n de investigaciones art\u00edsticas mediante publicaciones digitales, y especialmente para artistas en formaci\u00f3n.<\/p>\n<p>Direcci\u00f3n acad\u00e9mica: Ram\u00f3n Salas Lamami\u00e9 de Clairac. Profesor Titular de Universidad. Departamento de Bellas Artes de la Universidad de La Laguna.<\/p>\n<p>Coordinaci\u00f3n: Daniel Villegas Gonz\u00e1lez. Profesor Ayudante Doctor. Departamento de Bellas Artes de la Universidad de La Laguna.<\/p>\n<p><a href=\"https:\/\/sede.fg.ull.es\/es\/curso\/detalle\/a23020129\/taller-de-diagramacion-de-autoediciones-y-porfolios-de-arte\" target=\"_blank\" rel=\"noopener noreferrer\" target=\"_blank\" rel=\"noopener\"><strong><u>M\u00e1s informaci\u00f3n e inscripci\u00f3n gratuita aqu\u00ed.<\/u><\/strong><\/a><\/p>\n<p><strong>CERTIFICADO DE ASISTENCIA Y APTITUD: <\/strong>La ULL, a trav\u00e9s del Vicerrectorado de Cultura, Participaci\u00f3n Social y Campus Ofra y La Palma, emitir\u00e1 un certificado de asistencia a todas aquellas personas que participen, previa inscripci\u00f3n en la actividad. Adem\u00e1s, aquellas personas que superen la evaluaci\u00f3n, recibir\u00e1n un certificado de asistencia y aprovechamiento.<\/p>\n<p><strong>Contacto: 922 319 616 \/ 922 319 626 \u2013\u00a0<\/strong><a href=\"mailto:extuni@ull.edu.es\" target=\"_blank\" rel=\"noopener\"><strong>extuni@ull.es<\/strong><\/a><\/p>","excerpt":"","slug":"taller-de-diagramacion-de-autoediciones-y-porfolios-de-arte","image":{"url":"https:\/\/www.ull.es\/portal\/agenda\/wp-content\/uploads\/sites\/12\/2023\/03\/IdAi.jpg","id":29593,"extension":"jpg","width":700,"height":350,"filesize":103698,"sizes":{"medium":{"width":300,"height":150,"mime-type":"image\/jpeg","filesize":12145,"url":"https:\/\/www.ull.es\/portal\/agenda\/wp-content\/uploads\/sites\/12\/2023\/03\/IdAi-300x150.jpg"},"thumbnail":{"width":150,"height":150,"mime-type":"image\/jpeg","filesize":6270,"url":"https:\/\/www.ull.es\/portal\/agenda\/wp-content\/uploads\/sites\/12\/2023\/03\/IdAi-150x150.jpg"},"mug-shot":{"width":150,"height":250,"mime-type":"image\/jpeg","filesize":8534,"url":"https:\/\/www.ull.es\/portal\/agenda\/wp-content\/uploads\/sites\/12\/2023\/03\/IdAi-150x250.jpg"},"sidebar":{"width":375,"height":188,"mime-type":"image\/jpeg","filesize":17950,"url":"https:\/\/www.ull.es\/portal\/agenda\/wp-content\/uploads\/sites\/12\/2023\/03\/IdAi-375x188.jpg"},"half":{"width":375,"height":188,"mime-type":"image\/jpeg","filesize":17950,"url":"https:\/\/www.ull.es\/portal\/agenda\/wp-content\/uploads\/sites\/12\/2023\/03\/IdAi-375x188.jpg"},"thimble":{"width":50,"height":50,"mime-type":"image\/jpeg","filesize":1393,"url":"https:\/\/www.ull.es\/portal\/agenda\/wp-content\/uploads\/sites\/12\/2023\/03\/IdAi-50x50.jpg"},"thumbnail-large":{"width":300,"height":300,"mime-type":"image\/jpeg","filesize":19700,"url":"https:\/\/www.ull.es\/portal\/agenda\/wp-content\/uploads\/sites\/12\/2023\/03\/IdAi-300x300.jpg"},"rss":{"width":108,"height":81,"mime-type":"image\/jpeg","filesize":3041,"url":"https:\/\/www.ull.es\/portal\/agenda\/wp-content\/uploads\/sites\/12\/2023\/03\/IdAi-108x81.jpg"}}},"all_day":true,"start_date":"2023-03-21 00:00:00","start_date_details":{"year":"2023","month":"03","day":"21","hour":"00","minutes":"00","seconds":"00"},"end_date":"2023-03-21 23:59:59","end_date_details":{"year":"2023","month":"03","day":"21","hour":"23","minutes":"59","seconds":"59"},"utc_start_date":"2023-03-21 00:00:00","utc_start_date_details":{"year":"2023","month":"03","day":"21","hour":"00","minutes":"00","seconds":"00"},"utc_end_date":"2023-03-21 23:59:59","utc_end_date_details":{"year":"2023","month":"03","day":"21","hour":"23","minutes":"59","seconds":"59"},"timezone":"UTC+0","timezone_abbr":"UTC+0","cost":"","cost_details":{"currency_symbol":"","currency_position":"prefix","values":[]},"website":"https:\/\/www.ull.es\/cultura\/cursos-extension-universitaria\/","show_map":false,"show_map_link":true,"hide_from_listings":false,"sticky":false,"featured":false,"categories":[{"name":"Actividades de Extensi\u00f3n","slug":"actividades-de-extension","term_group":0,"term_taxonomy_id":472,"taxonomy":"tribe_events_cat","description":"","parent":468,"count":1637,"filter":"raw","id":472,"urls":{"self":"https:\/\/www.ull.es\/portal\/agenda\/wp-json\/tribe\/events\/v1\/categories\/472","collection":"https:\/\/www.ull.es\/portal\/agenda\/wp-json\/tribe\/events\/v1\/categories","up":"https:\/\/www.ull.es\/portal\/agenda\/wp-json\/tribe\/events\/v1\/categories\/468"}},{"name":"Cursos de Aulas y C\u00e1tedras Culturales","slug":"cursos-de-aulas-y-catedras-culturales","term_group":0,"term_taxonomy_id":471,"taxonomy":"tribe_events_cat","description":"","parent":468,"count":620,"filter":"raw","id":471,"urls":{"self":"https:\/\/www.ull.es\/portal\/agenda\/wp-json\/tribe\/events\/v1\/categories\/471","collection":"https:\/\/www.ull.es\/portal\/agenda\/wp-json\/tribe\/events\/v1\/categories","up":"https:\/\/www.ull.es\/portal\/agenda\/wp-json\/tribe\/events\/v1\/categories\/468"}},{"name":"Destacado ULL","slug":"destacado-ull","term_group":0,"term_taxonomy_id":4,"taxonomy":"tribe_events_cat","description":"","parent":0,"count":4572,"filter":"raw","id":4,"urls":{"self":"https:\/\/www.ull.es\/portal\/agenda\/wp-json\/tribe\/events\/v1\/categories\/4","collection":"https:\/\/www.ull.es\/portal\/agenda\/wp-json\/tribe\/events\/v1\/categories"}},{"name":"Perfil Estudiante","slug":"perfil-estudiante","term_group":0,"term_taxonomy_id":186,"taxonomy":"tribe_events_cat","description":"","parent":185,"count":2750,"filter":"raw","id":186,"urls":{"self":"https:\/\/www.ull.es\/portal\/agenda\/wp-json\/tribe\/events\/v1\/categories\/186","collection":"https:\/\/www.ull.es\/portal\/agenda\/wp-json\/tribe\/events\/v1\/categories","up":"https:\/\/www.ull.es\/portal\/agenda\/wp-json\/tribe\/events\/v1\/categories\/185"}}],"tags":[{"name":"alumnado ULL","slug":"alumnado-ull","term_group":0,"term_taxonomy_id":4259,"taxonomy":"post_tag","description":"","parent":0,"count":1171,"filter":"raw","id":4259,"urls":{"self":"https:\/\/www.ull.es\/portal\/agenda\/wp-json\/tribe\/events\/v1\/tags\/4259","collection":"https:\/\/www.ull.es\/portal\/agenda\/wp-json\/tribe\/events\/v1\/tags"}},{"name":"bellas artes ULL","slug":"bellas-artes-ull","term_group":0,"term_taxonomy_id":4789,"taxonomy":"post_tag","description":"","parent":0,"count":61,"filter":"raw","id":4789,"urls":{"self":"https:\/\/www.ull.es\/portal\/agenda\/wp-json\/tribe\/events\/v1\/tags\/4789","collection":"https:\/\/www.ull.es\/portal\/agenda\/wp-json\/tribe\/events\/v1\/tags"}},{"name":"Cursos ULL","slug":"cursos-ull","term_group":0,"term_taxonomy_id":977,"taxonomy":"post_tag","description":"","parent":0,"count":1429,"filter":"raw","id":977,"urls":{"self":"https:\/\/www.ull.es\/portal\/agenda\/wp-json\/tribe\/events\/v1\/tags\/977","collection":"https:\/\/www.ull.es\/portal\/agenda\/wp-json\/tribe\/events\/v1\/tags"}},{"name":"Extensi\u00f3n Universitaria ULL","slug":"extension-universitaria-ull","term_group":0,"term_taxonomy_id":3812,"taxonomy":"post_tag","description":"","parent":0,"count":1381,"filter":"raw","id":3812,"urls":{"self":"https:\/\/www.ull.es\/portal\/agenda\/wp-json\/tribe\/events\/v1\/tags\/3812","collection":"https:\/\/www.ull.es\/portal\/agenda\/wp-json\/tribe\/events\/v1\/tags"}},{"name":"Seminarios ULL","slug":"seminarios-ull","term_group":0,"term_taxonomy_id":3751,"taxonomy":"post_tag","description":"","parent":0,"count":1167,"filter":"raw","id":3751,"urls":{"self":"https:\/\/www.ull.es\/portal\/agenda\/wp-json\/tribe\/events\/v1\/tags\/3751","collection":"https:\/\/www.ull.es\/portal\/agenda\/wp-json\/tribe\/events\/v1\/tags"}},{"name":"talleres ULL","slug":"talleres-ull","term_group":0,"term_taxonomy_id":4165,"taxonomy":"post_tag","description":"","parent":0,"count":224,"filter":"raw","id":4165,"urls":{"self":"https:\/\/www.ull.es\/portal\/agenda\/wp-json\/tribe\/events\/v1\/tags\/4165","collection":"https:\/\/www.ull.es\/portal\/agenda\/wp-json\/tribe\/events\/v1\/tags"}}],"venue":{"id":8980,"author":"43","status":"publish","date":"2018-10-23 11:49:04","date_utc":"2018-10-23 11:49:04","modified":"2018-10-23 11:49:04","modified_utc":"2018-10-23 11:49:04","url":"https:\/\/www.ull.es\/portal\/agenda\/local\/facultad-de-bellas-artes-2\/","venue":"Facultad de Bellas Artes","slug":"facultad-de-bellas-artes-2","address":"Campus de Guajara","city":"San Crist\u00f3bal de La Laguna","province":"Santa Cruz de Tenerife","zip":"38200","stateprovince":"Santa Cruz de Tenerife","json_ld":{"@type":"Place","name":"Facultad de Bellas Artes","description":"","url":"https:\/\/www.ull.es\/portal\/agenda\/local\/facultad-de-bellas-artes-2\/","address":{"@type":"PostalAddress","streetAddress":"Campus de Guajara","addressLocality":"San Crist\u00f3bal de La Laguna","addressRegion":"Santa Cruz de Tenerife","postalCode":"38200"},"telephone":"","sameAs":""},"show_map":true,"show_map_link":true,"global_id":"www.ull.es\/portal\/agenda?id=8980","global_id_lineage":["www.ull.es\/portal\/agenda?id=8980"]},"organizer":[{"id":1132,"author":"21","status":"publish","date":"2017-03-27 12:15:57","date_utc":"2017-03-27 12:15:57","modified":"2023-05-02 10:28:59","modified_utc":"2023-05-02 10:28:59","url":"https:\/\/www.ull.es\/portal\/agenda\/organizador\/vicerrectorado-de-relaciones-con-la-sociedad-2\/","organizer":"Vicerrectorado de Cultura y Extensi\u00f3n Universitaria","slug":"vicerrectorado-de-relaciones-con-la-sociedad-2","json_ld":{"@type":"Person","name":"Vicerrectorado de Cultura y Extensi\u00f3n Universitaria","description":"","url":"https:\/\/www.ull.es\/portal\/agenda\/organizador\/vicerrectorado-de-relaciones-con-la-sociedad-2\/","telephone":"","email":"","sameAs":""},"global_id":"www.ull.es\/portal\/agenda?id=1132","global_id_lineage":["www.ull.es\/portal\/agenda?id=1132"]},{"id":17634,"author":"43","status":"publish","date":"2020-11-02 13:49:33","date_utc":"2020-11-02 13:49:33","modified":"2020-11-02 13:49:33","modified_utc":"2020-11-02 13:49:33","url":"https:\/\/www.ull.es\/portal\/agenda\/organizador\/aula-cultural-de-pensamiento-artistico-contemporaneo\/","organizer":"Aula Cultural de Pensamiento Art\u00edstico Contempor\u00e1neo","slug":"aula-cultural-de-pensamiento-artistico-contemporaneo","website":"https:\/\/www.ull.es\/portal\/aulasycatedrasculturales\/aula-pensamiento-artistico-contemporaneo\/","json_ld":{"@type":"Person","name":"Aula Cultural de Pensamiento Art\u00edstico Contempor\u00e1neo","description":"","url":"https:\/\/www.ull.es\/portal\/agenda\/organizador\/aula-cultural-de-pensamiento-artistico-contemporaneo\/","telephone":"","email":"","sameAs":"https:\/\/www.ull.es\/portal\/aulasycatedrasculturales\/aula-pensamiento-artistico-contemporaneo\/"},"global_id":"www.ull.es\/portal\/agenda?id=17634","global_id_lineage":["www.ull.es\/portal\/agenda?id=17634"]}],"json_ld":{"@context":"http:\/\/schema.org","@type":"Event","name":"Taller de diagramaci\u00f3n de autoediciones y porfolios de arte","description":"&lt;p&gt;Actividad de Extensi\u00f3n Universitaria organizada por el Aula Cultural de Pensamiento Art\u00edstico Contempor\u00e1neo que se celebrar\u00e1 en la Facultad de Bellas Artes los d\u00edas 21 y 22 de marzo de 2023 en horario de 15:30 a 18:30 horas. Para las y los artistas, las herramientas editoriales de difusi\u00f3n de los resultados de la investigaci\u00f3n son...&lt;\/p&gt;\\n","image":"https:\/\/www.ull.es\/portal\/agenda\/wp-content\/uploads\/sites\/12\/2023\/03\/IdAi.jpg","url":"https:\/\/www.ull.es\/portal\/agenda\/evento\/taller-de-diagramacion-de-autoediciones-y-porfolios-de-arte\/","startDate":"2023-03-21T00:00:00+00:00","endDate":"2023-03-21T23:59:59+00:00","location":{"@type":"Place","name":"Facultad de Bellas Artes","description":"","url":"https:\/\/www.ull.es\/portal\/agenda\/local\/facultad-de-bellas-artes-2\/","address":{"@type":"PostalAddress","streetAddress":"Campus de Guajara","addressLocality":"San Crist\u00f3bal de La Laguna","addressRegion":"Santa Cruz de Tenerife","postalCode":"38200"},"telephone":"","sameAs":""},"organizer":{"@type":"Person","name":"Vicerrectorado de Cultura y Extensi\u00f3n Universitaria","description":"","url":"https:\/\/www.ull.es\/portal\/agenda\/organizador\/vicerrectorado-de-relaciones-con-la-sociedad-2\/","telephone":"","email":"","sameAs":""}}}